{"id":31259,"date":"2024-03-10T12:11:58","date_gmt":"2024-03-10T09:11:58","guid":{"rendered":"http:\/\/mersinkadingazetesi.com\/?p=31259"},"modified":"2024-03-10T12:11:58","modified_gmt":"2024-03-10T09:11:58","slug":"uysal-gulnar-hatunun-torunlari-fatih-baskanimizi-sececek","status":"publish","type":"post","link":"https:\/\/mersinkadingazetesi.com\/?p=31259","title":{"rendered":"UYSAL: G\u00dcLNAR HATUN&#8217;UN TORUNLARI FAT\u0130H BA\u015eKANIMIZI SE\u00c7ECEK"},"content":{"rendered":"<p>Milliyet\u00e7i Hareket Partisi Mersin Milletvekili Dr. Levent Uysal, Cumhur \u0130ttifak\u0131 MHP G\u00fclnar Belediye Ba\u015fkan Aday\u0131 Fatih \u00d6nge&#8217;nin se\u00e7im \u00e7al\u0131\u015fmalar\u0131na kat\u0131ld\u0131. Milletvekili Uysal&#8217;\u0131n G\u00fclnar ziyaretine AK Parti Mersin Milletvekili Havva Sibel S\u00f6ylemez de e\u015flik etti. G\u00fclnar&#8217;da olmaktan mutluluk duydu\u011funu ifade eden Uysal &#8220;G\u00fclnar, e\u011fitim seviyesi \u00e7ok y\u00fcksek bir il\u00e7e. \u0130nan\u0131yorum ki Fatih Ba\u015fkan\u0131m\u0131z 1 Nisan&#8217;dan itibaren ba\u015fta e\u011fitim olmak \u00fczere bir\u00e7ok sekt\u00f6rde projeyi hayata ge\u00e7irerek G\u00fclnar&#8217;a \u00e7a\u011f atlatacak. G\u00fclnar&#8217;\u0131n Fatihi hizmete haz\u0131r.&#8221;\u015feklinde konu\u015ftu.<\/p>\n<p>Cumhur \u0130ttifak\u0131 Milliyet\u00e7i Hareket Partisi G\u00fclnar Belediye Ba\u015fkan Aday\u0131 Fatih \u00d6nge, 31 Mart 2024 Mahalli \u0130dareler Se\u00e7im \u00e7al\u0131\u015fmalar\u0131na ara vermeden devam ediyor. Milliyet\u00e7i Hareket Partisi Mersin Milletvekili Dr. Levent Uysal da G\u00fclnar&#8217;a giderek esnafla bulu\u015ftu, 8 Mart D\u00fcnya Kad\u0131nlar G\u00fcn\u00fc vesilesiyle d\u00fczenlenen etkinli\u011fe kat\u0131larak kad\u0131nlar\u0131n g\u00fcn\u00fcn\u00fc kutlad\u0131.<\/p>\n<p>MHP Mersin Milletvekili Uysal G\u00fclnar&#8217;da Cumhur \u0130ttifak\u0131 ve MHP belediyecili\u011finin devam edece\u011fini belirterek &#8220;G\u00fclnar\u0131m\u0131z y\u0131llard\u0131r Milliyet\u00e7i Hareket Partimiz taraf\u0131ndan onurla, hizmet a\u015fk\u0131yla y\u00f6netiliyor. G\u00fclnar Belediyemizde hizmet etme s\u0131ras\u0131 gen\u00e7, \u00fcretken karde\u015fim Fatih \u00d6nge&#8217;de. Denizi, turizmi ve tar\u0131m potansiyeli olduk\u00e7a y\u00fcksek olan G\u00fclnar\u0131m\u0131za devletimizin desteklerini Fatih ba\u015fkan\u0131m\u0131zla s\u00fcrd\u00fcrece\u011fiz. G\u00fclnar esnaf\u0131m\u0131z\u0131n \u00e7o\u011fu karar\u0131n\u0131 vermi\u015f, &#8216;Fatih \u00d6nge&#8217;yi Ba\u015fkan yapaca\u011f\u0131z&#8217; diyorlar. Se\u00e7imi alman\u0131n en \u00f6nemli noktalar\u0131ndan biri de kad\u0131nlar\u0131m\u0131z\u0131n g\u00fcc\u00fcn\u00fc yan\u0131m\u0131zda hissetmek. G\u00f6r\u00fcyoruz ki G\u00fclnar Hatun&#8217;un torunlar\u0131 da Fatih Ba\u015fkan\u0131m\u0131z\u0131 destekleyecek. Sand\u0131ktan rekor oy \u00e7\u0131kmas\u0131na az kald\u0131 G\u00fclnar\u0131m. G\u00fclnar&#8217;\u0131n Fatihi hizmete haz\u0131r.&#8221; \u015feklinde konu\u015ftu.<\/p>\n","protected":false},"excerpt":{"rendered":"<p>Milliyet\u00e7i Hareket Partisi Mersin Milletvekili Dr. Levent Uysal, Cumhur \u0130ttifak\u0131 MHP G\u00fclnar Belediye Ba\u015fkan Aday\u0131 Fatih \u00d6nge&#8217;nin se\u00e7im \u00e7al\u0131\u015fmalar\u0131na kat\u0131ld\u0131. Milletvekili Uysal&#8217;\u0131n G\u00fclnar ziyaretine AK Parti Mersin Milletvekili Havva Sibel S\u00f6ylemez de e\u015flik etti. G\u00fclnar&#8217;da olmaktan mutluluk duydu\u011funu ifade eden Uysal &#8220;G\u00fclnar, e\u011fitim seviyesi \u00e7ok y\u00fcksek bir il\u00e7e. \u0130nan\u0131yorum ki Fatih Ba\u015fkan\u0131m\u0131z 1 Nisan&#8217;dan itibaren [&hellip;]<\/p>\n","protected":false},"author":2,"featured_media":31260,"comment_status":"open","ping_status":"open","sticky":false,"template":"","format":"standard","meta":{"footnotes":""},"categories":[1,2,3,5],"tags":[],"class_list":["post-31259","post","type-post","status-publish","format-standard","has-post-thumbnail","hentry","category-genel","category-gundem","category-manset","category-mersin"],"views":3,"_links":{"self":[{"href":"https:\/\/mersinkadingazetesi.com\/index.php?rest_route=\/wp\/v2\/posts\/31259"}],"collection":[{"href":"https:\/\/mersinkadingazetesi.com\/index.php?rest_route=\/wp\/v2\/posts"}],"about":[{"href":"https:\/\/mersinkadingazetesi.com\/index.php?rest_route=\/wp\/v2\/types\/post"}],"author":[{"embeddable":true,"href":"https:\/\/mersinkadingazetesi.com\/index.php?rest_route=\/wp\/v2\/users\/2"}],"replies":[{"embeddable":true,"href":"https:\/\/mersinkadingazetesi.com\/index.php?rest_route=%2Fwp%2Fv2%2Fcomments&post=31259"}],"version-history":[{"count":0,"href":"https:\/\/mersinkadingazetesi.com\/index.php?rest_route=\/wp\/v2\/posts\/31259\/revisions"}],"wp:featuredmedia":[{"embeddable":true,"href":"https:\/\/mersinkadingazetesi.com\/index.php?rest_route=\/wp\/v2\/media\/31260"}],"wp:attachment":[{"href":"https:\/\/mersinkadingazetesi.com\/index.php?rest_route=%2Fwp%2Fv2%2Fmedia&parent=31259"}],"wp:term":[{"taxonomy":"category","embeddable":true,"href":"https:\/\/mersinkadingazetesi.com\/index.php?rest_route=%2Fwp%2Fv2%2Fcategories&post=31259"},{"taxonomy":"post_tag","embeddable":true,"href":"https:\/\/mersinkadingazetesi.com\/index.php?rest_route=%2Fwp%2Fv2%2Ftags&post=31259"}],"curies":[{"name":"wp","href":"https:\/\/api.w.org\/{rel}","templated":true}]}}