{"id":31262,"date":"2024-03-10T12:15:31","date_gmt":"2024-03-10T09:15:31","guid":{"rendered":"http:\/\/mersinkadingazetesi.com\/?p=31262"},"modified":"2024-03-10T12:15:31","modified_gmt":"2024-03-10T09:15:31","slug":"tuiosb-ve-akyurek-balta-fark-yaratiyor","status":"publish","type":"post","link":"https:\/\/mersinkadingazetesi.com\/?p=31262","title":{"rendered":"T\u00dc\u0130OSB VE AKY\u00dcREK BALTA,  FARK YARATIYOR!"},"content":{"rendered":"<p>T\u00dc\u0130OSB Y\u00f6netim Kurulu Ba\u015fkan\u0131, OSB\u00dcK Y\u00f6netim Kurulu \u00dcyesi G\u00fcl Aky\u00fcrek Balta, BU\u0130KAD\u2019\u0131n geleneksel olarak d\u00fczenledi\u011fi \u201cY\u0131l\u0131n Ba\u015far\u0131l\u0131 Kad\u0131nlar\u0131\u201d \u00f6d\u00fcl t\u00f6reninde \u201cY\u0131l\u0131n Fark Yaratan Kad\u0131n\u0131\u201d \u00f6d\u00fcl\u00fcne lay\u0131k g\u00f6r\u00fcld\u00fc. <\/p>\n<p>Bursa \u0130\u015f Kad\u0131nlar\u0131 ve Y\u00f6neticileri Derne\u011fi (BU\u0130KAD) taraf\u0131ndan geleneksel hale getirilen ve bu y\u0131l 15\u2019incisi d\u00fczenlenen \u2018Y\u0131l\u0131n Ba\u015far\u0131l\u0131 Kad\u0131nlar\u0131\u2019 \u00f6d\u00fcl t\u00f6reni Cumhuriyet\u2019in 100. Y\u0131l\u0131 \u00f6zel temas\u0131 ile ger\u00e7ekle\u015ftirildi. <\/p>\n<p>Mersin Tarsus Tar\u0131msal \u00dcr\u00fcn \u0130\u015fleme \u0130htisas Organize Sanayi B\u00f6lgesi (T\u00dc\u0130OSB) Y\u00f6netim Kurulu Ba\u015fkan\u0131, Organize Sanayi B\u00f6lgeleri \u00dcst Kurulu\u015fu (OSB\u00dcK) Y\u00f6netim Kurulu \u00dcyesi olan G\u00fcl Aky\u00fcrek Balta\u2019ya \u00f6d\u00fcl\u00fcn\u00fc Y\u0131ld\u0131r\u0131m Belediye Ba\u015fkan Vekili Selim Yolge\u00e7en takdim etti. <\/p>\n<p>Misyonu; kad\u0131n sanayici say\u0131s\u0131n\u0131 art\u0131rmak\u2026<\/p>\n<p>Aky\u00fcrek Balta, bu \u00f6d\u00fcle; T\u00fcrkiye\u2019nin ye\u015fil do\u011fan ilk OSB\u2019si olan T\u00dc\u0130OSB\u2019de y\u00fcr\u00fctt\u00fc\u011f\u00fc projeler ve T\u00fcrkiye\u2019de kad\u0131n sanayici say\u0131s\u0131n\u0131n art\u0131r\u0131lmas\u0131na y\u00f6nelik \u00e7al\u0131\u015fmalar\u0131 nedeniyle lay\u0131k g\u00f6r\u00fcld\u00fc. <\/p>\n<p>T\u00dc\u0130OSB, T\u00fcrkiye\u2019nin tamam\u0131 ihracat\u00e7\u0131lardan olu\u015fan ve ikiz d\u00f6n\u00fc\u015f\u00fcm\u00fc ger\u00e7ekle\u015ftiren bir organize sanayi b\u00f6lgesi olarak \u00e7al\u0131\u015fmalar\u0131n\u0131 s\u00fcrd\u00fcr\u00fcrken, bu \u00e7al\u0131\u015fmalar\u0131n\u0131n \u00e7o\u011funda, kad\u0131nlara \u00f6ncelik vererek, onlar\u0131n i\u015f ya\u015fam\u0131nda daha fazla var olmas\u0131 i\u00e7in projeler y\u00fcr\u00fct\u00fcyor. <\/p>\n<p>BU\u0130KAD \u00d6d\u00fclleri<br \/>\n\u201c\u0130\u015f Kad\u0131n\u0131 \u0130le G\u00fc\u00e7l\u00fc Bir T\u00fcrkiye\u2019ye Ula\u015fmak\u201d vizyonu ile yola \u00e7\u0131kan BU\u0130KAD, T\u00fcrk Kad\u0131n\u0131n\u0131n i\u015f ya\u015fam\u0131ndaki yerini g\u00fc\u00e7lendirmek i\u00e7in ger\u00e7ekle\u015ftirdi\u011fi faaliyetlerini, 2008 y\u0131l\u0131ndan bu yana 8 Mart D\u00fcnya Kad\u0131nlar G\u00fcn\u00fc haftas\u0131nda \u201c\u0130\u015f Ya\u015fam\u0131nda Ba\u015far\u0131l\u0131 Kad\u0131n \u00d6d\u00fclleri\u201d t\u00f6reni ile destekliyor.  Teknoloji, bilim, sanayi, sa\u011fl\u0131k, ekonomi, sanat, spor gibi i\u015f ve sosyal ya\u015fam\u0131n her alan\u0131nda hizmet ve eserleriyle \u00f6nemli katk\u0131larda bulunan kad\u0131nlar\u0131, ayr\u0131ca toplumsal cinsiyet e\u015fitli\u011finin sa\u011flanmas\u0131 i\u00e7in \u00e7al\u0131\u015fmalar yapan kurum ve kurulu\u015flar\u0131 \u00f6d\u00fcllendiriyor.  <\/p>\n<p>\u00d6d\u00fcl konu\u015fmalar\u0131<\/p>\n<p>Bu y\u0131l ki \u00f6d\u00fcl t\u00f6reninin a\u00e7\u0131l\u0131\u015f\u0131nda konu\u015fan BU\u0130KAD Y\u00f6netim Kurulu Ba\u015fkan\u0131 \u015eeyda \u015een\u00e7ay\u0131r, T\u00fcrkiye Cumhuriyeti\u2019nin Kurucusu Gazi Mustafa Kemal Atat\u00fcrk\u2019\u00fcn g\u00f6sterdi\u011fi \u00e7a\u011fda\u015f uygarl\u0131k seviyesine ula\u015fma hedefine kad\u0131nlar olmadan var\u0131lamayaca\u011f\u0131na vurgu yaparak, \u201cBu ger\u00e7ek y\u00fcz y\u0131l \u00f6nce oldu\u011fu gibi bug\u00fcn de ortada. N\u00fcfusumuzun yar\u0131s\u0131n\u0131 olu\u015fturan kad\u0131nlar\u0131n enerjisini, potansiyelini ve dinamizmini hayata ge\u00e7irmeden, T\u00fcrkiye\u2019nin \u00e7a\u011fda\u015f uygarl\u0131k seviyesine ula\u015fmas\u0131, s\u00fcrd\u00fcr\u00fclebilir bir kalk\u0131nmayla m\u00fcreffeh bir \u00fclke olmas\u0131 m\u00fcmk\u00fcn de\u011fildir. Ancak, bug\u00fcn \u00fclkemizde kad\u0131n\u0131n ekonomik ve toplumsal ya\u015famda hak etti\u011fi yeri ald\u0131\u011f\u0131n\u0131 s\u00f6ylemek ne yaz\u0131k ki m\u00fcmk\u00fcn de\u011fil. Sadece kad\u0131n giri\u015fimcili\u011finde ve istihdam\u0131nda de\u011fil, hayat\u0131n her alan\u0131nda kad\u0131nlar\u0131n erkeklerle e\u015fit ko\u015fullarda ve e\u015fit say\u0131larda yer alamad\u0131\u011f\u0131n\u0131 biliyoruz. Cinsiyet ve f\u0131rsat e\u015fitli\u011finin olmad\u0131\u011f\u0131 bir ortamda, kad\u0131nlar\u0131n potansiyelinden tam olarak yararlanmak m\u00fcmk\u00fcn de\u011fil. Dolay\u0131s\u0131yla bu ko\u015fullarda s\u00fcrd\u00fcr\u00fclebilir ekonomik kalk\u0131nma sa\u011flamak, ekonomik refah i\u00e7inde ya\u015famay\u0131 beklemek hayalden \u00f6teye gidemez\u201d dedi.<\/p>\n<p>Programda konu\u015fan Bursa B\u00fcy\u00fck\u015fehir Belediye Ba\u015fkan\u0131 Alinur Akta\u015f ise organizasyona destek vermekten gurur ve mutluluk duyduklar\u0131n\u0131 belirterek, kad\u0131nlar\u0131n toplumdaki ve i\u015f ya\u015fam\u0131ndaki yerlerini g\u00fc\u00e7lendirmek i\u00e7in \u00e7e\u015fitli proje ve \u00e7al\u0131\u015fmalara imza att\u0131klar\u0131n\u0131 ifade etti. <\/p>\n<p>\u00d6d\u00fcl alanlar<\/p>\n<p>Programda Aky\u00fcrek Balta ile birlikte di\u011fer \u00f6d\u00fcl alan isimler \u015f\u00f6yle oldu: <\/p>\n<p>Bilim\u2019de Kad\u0131n \u00f6d\u00fcl\u00fc; M\u00fcjgan \u00c7etin,<br \/>\nSpor\u2019da Kad\u0131n \u00f6d\u00fcl\u00fc; Filenin Sultanlar\u0131 ad\u0131na T\u00fcrkiye Voleybol Federasyonu Y\u00f6netim Kurulu \u00dcyesi Ersin Y\u0131lmaz,<br \/>\nAkademide Kad\u0131n \u00f6d\u00fcl\u00fc; BU\u00dc T\u0131p Fak\u00fcltesi Dekan\u0131 Prof. Dr. Funda Co\u015fkun,<br \/>\nSanatta Kad\u0131n \u00f6d\u00fcl\u00fc; Tiyatro Sanat\u00e7\u0131s\u0131 Arzu Tan Bayraktutan,<br \/>\nBU\u0130KAD \u00d6zel \u00f6d\u00fcl\u00fc; Zeyniler \u00c7al\u0131ku\u015fu Kooperatifi,<br \/>\nY\u0131l\u0131n En Ba\u015far\u0131l\u0131 \u0130\u015f Kad\u0131n\u0131 \u00f6d\u00fcl\u00fc; Gedik Holding YKB H\u00fclya Gedik,<br \/>\nY\u0131l\u0131n En Ba\u015far\u0131l\u0131 Kad\u0131n Y\u00f6netici \u00f6d\u00fcl\u00fc; Oyak Renault Tedarik Zinciri Y\u00f6neticisi Sibel Bayat,<br \/>\nY\u0131l\u0131n Kad\u0131n\u0131 Destekleyen \u015eirketi \u00f6d\u00fcl\u00fc; Rudolf Duraner Y\u00f6netim Kurulu Ba\u015fkan\u0131 Rasim \u00c7a\u011fan,<br \/>\nY\u0131l\u0131n En Ba\u015far\u0131l\u0131 Giri\u015fimci \u0130\u015f Kad\u0131n\u0131 \u00f6d\u00fcl\u00fc; \u00d6zmetal Plastik YKB P\u0131nar \u00d6zkeserli,<br \/>\nBursa Y\u0131l\u0131n En Ba\u015far\u0131l\u0131 \u0130\u015f Kad\u0131n\u0131 \u00f6d\u00fcl\u00fc; Umdasch Madosan YKB Sevgi Sayg\u0131n.<\/p>\n","protected":false},"excerpt":{"rendered":"<p>T\u00dc\u0130OSB Y\u00f6netim Kurulu Ba\u015fkan\u0131, OSB\u00dcK Y\u00f6netim Kurulu \u00dcyesi G\u00fcl Aky\u00fcrek Balta, BU\u0130KAD\u2019\u0131n geleneksel olarak d\u00fczenledi\u011fi \u201cY\u0131l\u0131n Ba\u015far\u0131l\u0131 Kad\u0131nlar\u0131\u201d \u00f6d\u00fcl t\u00f6reninde \u201cY\u0131l\u0131n Fark Yaratan Kad\u0131n\u0131\u201d \u00f6d\u00fcl\u00fcne lay\u0131k g\u00f6r\u00fcld\u00fc. Bursa \u0130\u015f Kad\u0131nlar\u0131 ve Y\u00f6neticileri Derne\u011fi (BU\u0130KAD) taraf\u0131ndan geleneksel hale getirilen ve bu y\u0131l 15\u2019incisi d\u00fczenlenen \u2018Y\u0131l\u0131n Ba\u015far\u0131l\u0131 Kad\u0131nlar\u0131\u2019 \u00f6d\u00fcl t\u00f6reni Cumhuriyet\u2019in 100. Y\u0131l\u0131 \u00f6zel temas\u0131 ile ger\u00e7ekle\u015ftirildi. [&hellip;]<\/p>\n","protected":false},"author":2,"featured_media":31264,"comment_status":"open","ping_status":"open","sticky":false,"template":"","format":"standard","meta":{"footnotes":""},"categories":[8,1,2,3,5],"tags":[],"class_list":["post-31262","post","type-post","status-publish","format-standard","has-post-thumbnail","hentry","category-ekonomi","category-genel","category-gundem","category-manset","category-mersin"],"views":10,"_links":{"self":[{"href":"https:\/\/mersinkadingazetesi.com\/index.php?rest_route=\/wp\/v2\/posts\/31262"}],"collection":[{"href":"https:\/\/mersinkadingazetesi.com\/index.php?rest_route=\/wp\/v2\/posts"}],"about":[{"href":"https:\/\/mersinkadingazetesi.com\/index.php?rest_route=\/wp\/v2\/types\/post"}],"author":[{"embeddable":true,"href":"https:\/\/mersinkadingazetesi.com\/index.php?rest_route=\/wp\/v2\/users\/2"}],"replies":[{"embeddable":true,"href":"https:\/\/mersinkadingazetesi.com\/index.php?rest_route=%2Fwp%2Fv2%2Fcomments&post=31262"}],"version-history":[{"count":0,"href":"https:\/\/mersinkadingazetesi.com\/index.php?rest_route=\/wp\/v2\/posts\/31262\/revisions"}],"wp:featuredmedia":[{"embeddable":true,"href":"https:\/\/mersinkadingazetesi.com\/index.php?rest_route=\/wp\/v2\/media\/31264"}],"wp:attachment":[{"href":"https:\/\/mersinkadingazetesi.com\/index.php?rest_route=%2Fwp%2Fv2%2Fmedia&parent=31262"}],"wp:term":[{"taxonomy":"category","embeddable":true,"href":"https:\/\/mersinkadingazetesi.com\/index.php?rest_route=%2Fwp%2Fv2%2Fcategories&post=31262"},{"taxonomy":"post_tag","embeddable":true,"href":"https:\/\/mersinkadingazetesi.com\/index.php?rest_route=%2Fwp%2Fv2%2Ftags&post=31262"}],"curies":[{"name":"wp","href":"https:\/\/api.w.org\/{rel}","templated":true}]}}