{"id":31280,"date":"2024-03-11T12:46:29","date_gmt":"2024-03-11T09:46:29","guid":{"rendered":"http:\/\/mersinkadingazetesi.com\/?p=31280"},"modified":"2024-03-11T12:46:29","modified_gmt":"2024-03-11T09:46:29","slug":"serdar-soydanbiz-kimsenin-yasam-tarzina-karismayiz-ekmegi-ile-oynamayiz","status":"publish","type":"post","link":"https:\/\/mersinkadingazetesi.com\/?p=31280","title":{"rendered":"SERDAR SOYDAN:&#8221;B\u0130Z K\u0130MSEN\u0130N YA\u015eAM TARZINA KARI\u015eMAYIZ, EKME\u011e\u0130 \u0130LE OYNAMAYIZ&#8221;"},"content":{"rendered":"<p>Serdar Soydan, &#8220;Sosyal yard\u0131mlar\u0131 artt\u0131raca\u011f\u0131z, emekli ve dar gelirli vatanda\u015f\u0131m\u0131za destek olaca\u011f\u0131z, kimsenin ekme\u011fi ile oynamay\u0131p yeni istihdam alanlar\u0131 a\u00e7aca\u011f\u0131z. Mersin&#8217;in \u00f6nemli sorunlar\u0131 var. Gitti\u011fimiz her yerde bu sorunlar\u0131 dinliyoruz. Projelerimiz haz\u0131r. G\u00f6reve gelir gelmez t\u00fcm Mersin halk\u0131 bizim fark\u0131m\u0131z\u0131 anlayacak, Mersin&#8217;in h\u0131zl\u0131ca de\u011fi\u015fti\u011fini ve geli\u015fti\u011fini g\u00f6recek.&#8221; Dedi. <\/p>\n<p>&#8220;\u0130\u015eTEN \u00c7IKARAN S\u0130ZS\u0130N\u0130Z&#8230; B\u0130Z\u0130 KEND\u0130N\u0130ZLE KARI\u015eTIYORSUNUZ&#8221;<\/p>\n<p>Se\u00e7im \u00e7al\u0131\u015fmalar\u0131na devam eden Cumhur \u0130ttifak\u0131 Mersin B\u00fcy\u00fck\u015fehir Belediye Ba\u015fkan Aday\u0131 Serdar Soydan, &#8220;Halk\u0131m\u0131z\u0131n bize olan ilgisi artt\u0131k\u00e7a hi\u00e7 ho\u015f olmayan \u015feyler duymaya ba\u015flad\u0131k ve bizim halk\u0131m\u0131z\u0131n ya\u015fam tarz\u0131na m\u00fcdahale edece\u011fimiz, sahilleri ve dershaneleri kapataca\u011f\u0131m\u0131z, sosyal yard\u0131mlara son verece\u011fimiz \u015feklinde karalama kampanyalar\u0131 ba\u015flatt\u0131lar. Onlara \u015funu s\u00f6yl\u00fcyorum; bizi kendinizle kar\u0131\u015ft\u0131r\u0131yorsunuz, gelir gelmez binlerce i\u015f\u00e7iyi i\u015ften \u00e7\u0131kar\u0131p ekme\u011fi ile siz oynad\u0131n\u0131z.&#8221;<\/p>\n<p>&#8220;HALKIMIZ B\u0130Z\u0130 SEV\u0130YOR VE YAKINDAN TANIYOR&#8221;<\/p>\n<p>Se\u00e7imlerin gelip ge\u00e7ece\u011fini, \u00f6nemli olan\u0131n Mersin oldu\u011funu vurgulayan Serdar Soydan, \u015f\u00f6yle devam etti: &#8220;\u015euan il\u00e7elerimizde Cumhur \u0130ttifak\u0131 mensubu ba\u015far\u0131l\u0131 belediye ba\u015fkanlar\u0131m\u0131z var. Ekme\u011finde olan ne bir i\u015f\u00e7i \u00e7\u0131kard\u0131lar ne de halk\u0131m\u0131z\u0131n ya\u015fam tarz\u0131na m\u00fcdahalede bulundular. Sosyal yard\u0131mlar\u0131, projeleri, hizmetleri \u00f6rnek olmu\u015ftur. Halk\u0131m\u0131z bizi yak\u0131ndan takip ediyor ve seviyor. Karadenizliler Derne\u011fimizi, T\u0131rm\u0131l Sanayi Sitemizi ziyaret ettik; Mezitli Cemevi a\u00e7\u0131l\u0131\u015f\u0131na kat\u0131ld\u0131k ve buralardaki ilgi ve sevgi her \u015feyi anlat\u0131yor. Mersinimizi daha g\u00fczel bir \u015fehir haline getirmek i\u00e7in \u00e7al\u0131\u015fmalar\u0131m\u0131za devam ediyoruz.&#8221; <\/p>\n<p>&#8220;B\u0130Z\u0130M S\u00d6Z\u00dcM\u00dcZ S\u00d6Z: K\u0130MSEN\u0130N EKME\u011e\u0130 \u0130LE B\u0130Z OYNAMAYIZ&#8221;<\/p>\n<p>&#8220;Performans bahanesine s\u0131\u011f\u0131nanlar binlerce i\u015f\u00e7inin ekme\u011fi ile oynad\u0131&#8221; diyen Serdar Soydan, &#8220;Bizim s\u00f6z\u00fcm\u00fcz s\u00f6zd\u00fcr, ekme\u011finde olan kimsenin i\u015finin elinden al\u0131nmas\u0131na izin vermeyiz. Ortaya koydu\u011fumuz projeler heyecan yaratt\u0131. Biz i\u015f\u00e7i \u00e7\u0131karmak bir kenara, yeni istihdam alanlar\u0131 a\u00e7man\u0131n gayreti i\u00e7indeyiz. Mersin&#8217;in \u00f6nemli sorunlar\u0131 var. Gitti\u011fimiz her yerde bu sorunlar\u0131 dinliyoruz. Projelerimiz haz\u0131r. G\u00f6reve gelir gelmez t\u00fcm Mersin halk\u0131 bizim fark\u0131m\u0131z\u0131 anlayacak, Mersin&#8217;in h\u0131zl\u0131ca de\u011fi\u015fti\u011fini ve geli\u015fti\u011fini g\u00f6recek.&#8221;Diye konu\u015ftu.<\/p>\n","protected":false},"excerpt":{"rendered":"<p>Serdar Soydan, &#8220;Sosyal yard\u0131mlar\u0131 artt\u0131raca\u011f\u0131z, emekli ve dar gelirli vatanda\u015f\u0131m\u0131za destek olaca\u011f\u0131z, kimsenin ekme\u011fi ile oynamay\u0131p yeni istihdam alanlar\u0131 a\u00e7aca\u011f\u0131z. Mersin&#8217;in \u00f6nemli sorunlar\u0131 var. Gitti\u011fimiz her yerde bu sorunlar\u0131 dinliyoruz. Projelerimiz haz\u0131r. G\u00f6reve gelir gelmez t\u00fcm Mersin halk\u0131 bizim fark\u0131m\u0131z\u0131 anlayacak, Mersin&#8217;in h\u0131zl\u0131ca de\u011fi\u015fti\u011fini ve geli\u015fti\u011fini g\u00f6recek.&#8221; Dedi. &#8220;\u0130\u015eTEN \u00c7IKARAN S\u0130ZS\u0130N\u0130Z&#8230; B\u0130Z\u0130 KEND\u0130N\u0130ZLE KARI\u015eTIYORSUNUZ&#8221; Se\u00e7im [&hellip;]<\/p>\n","protected":false},"author":2,"featured_media":31281,"comment_status":"open","ping_status":"open","sticky":false,"template":"","format":"standard","meta":{"footnotes":""},"categories":[3,6],"tags":[],"class_list":["post-31280","post","type-post","status-publish","format-standard","has-post-thumbnail","hentry","category-manset","category-siyaset-2"],"views":1,"_links":{"self":[{"href":"https:\/\/mersinkadingazetesi.com\/index.php?rest_route=\/wp\/v2\/posts\/31280"}],"collection":[{"href":"https:\/\/mersinkadingazetesi.com\/index.php?rest_route=\/wp\/v2\/posts"}],"about":[{"href":"https:\/\/mersinkadingazetesi.com\/index.php?rest_route=\/wp\/v2\/types\/post"}],"author":[{"embeddable":true,"href":"https:\/\/mersinkadingazetesi.com\/index.php?rest_route=\/wp\/v2\/users\/2"}],"replies":[{"embeddable":true,"href":"https:\/\/mersinkadingazetesi.com\/index.php?rest_route=%2Fwp%2Fv2%2Fcomments&post=31280"}],"version-history":[{"count":0,"href":"https:\/\/mersinkadingazetesi.com\/index.php?rest_route=\/wp\/v2\/posts\/31280\/revisions"}],"wp:featuredmedia":[{"embeddable":true,"href":"https:\/\/mersinkadingazetesi.com\/index.php?rest_route=\/wp\/v2\/media\/31281"}],"wp:attachment":[{"href":"https:\/\/mersinkadingazetesi.com\/index.php?rest_route=%2Fwp%2Fv2%2Fmedia&parent=31280"}],"wp:term":[{"taxonomy":"category","embeddable":true,"href":"https:\/\/mersinkadingazetesi.com\/index.php?rest_route=%2Fwp%2Fv2%2Fcategories&post=31280"},{"taxonomy":"post_tag","embeddable":true,"href":"https:\/\/mersinkadingazetesi.com\/index.php?rest_route=%2Fwp%2Fv2%2Ftags&post=31280"}],"curies":[{"name":"wp","href":"https:\/\/api.w.org\/{rel}","templated":true}]}}