{"id":31286,"date":"2024-03-11T12:48:34","date_gmt":"2024-03-11T09:48:34","guid":{"rendered":"http:\/\/mersinkadingazetesi.com\/?p=31286"},"modified":"2024-03-11T12:48:34","modified_gmt":"2024-03-11T09:48:34","slug":"baskan-adayi-nesibe-teker-hazimden-ramazan-ayi-mesaji","status":"publish","type":"post","link":"https:\/\/mersinkadingazetesi.com\/?p=31286","title":{"rendered":"Ba\u015fkan Aday\u0131 Nesibe Teker Hazim&#8217;den Ramazan Ay\u0131 Mesaj\u0131"},"content":{"rendered":"<p>Cumhuriyet Halk Partisi (CHP) Akdeniz Belediye Ba\u015fkan Aday\u0131 Nesibe Teker Hazim, Ramazan ay\u0131n\u0131n ba\u015flamas\u0131 m\u00fcnasebetiyle bir mesaj yay\u0131mlad\u0131. Hazim, mesaj\u0131nda Ramazan&#8217;\u0131n, birlik, beraberlik, yard\u0131mla\u015fma ve ho\u015fg\u00f6r\u00fc ay\u0131 oldu\u011funu vurgulayarak, t\u00fcm Akdeniz halk\u0131na ve \u0130slam aleminin bu m\u00fcbarek ay\u0131n\u0131 tebrik etti.<\/p>\n<p>Nesibe Teker Hazim mesaj\u0131nda \u015fu ifadelere yer verdi: &#8220;Ramazan ay\u0131, bizlere payla\u015fman\u0131n, yard\u0131mla\u015fman\u0131n ve bir arada olman\u0131n de\u011ferini hat\u0131rlatan, manevi duygular\u0131m\u0131z\u0131n yo\u011funla\u015ft\u0131\u011f\u0131 m\u00fcstesna bir zaman dilimi. Bu kutsal ay, ayn\u0131 zamanda sab\u0131r ve dayan\u0131\u015fman\u0131n, karde\u015flik ve sevgi ba\u011flar\u0131m\u0131z\u0131n peki\u015ftirildi\u011fi bir d\u00f6nem. Akdeniz Belediyesi olarak, bu ay\u0131n ruhuna uygun olarak toplumumuzda dayan\u0131\u015fma ve yard\u0131mla\u015fma faaliyetlerini art\u0131raca\u011f\u0131z.&#8221;<\/p>\n<p>Ayr\u0131ca Hazim, Ramazan ay\u0131 boyunca Akdeniz b\u00f6lgesinde ger\u00e7ekle\u015ftirilecek etkinlikler ve projeler hakk\u0131nda da bilgi verdi. &#8220;Bu m\u00fcbarek ay vesilesiyle, \u00f6zellikle ihtiya\u00e7 sahibi vatanda\u015flar\u0131m\u0131za y\u00f6nelik yard\u0131m kampanyalar\u0131n\u0131 yo\u011funla\u015ft\u0131raca\u011f\u0131z. Ayr\u0131ca, iftar sofralar\u0131 ve Ramazan etkinlikleri ile birlikte, bu g\u00fczel ay\u0131 huzur i\u00e7inde ge\u00e7irebilmek i\u00e7in t\u00fcm imkanlar\u0131m\u0131z\u0131 seferber edece\u011fiz.&#8221;<\/p>\n<p>Nesibe Teker Hazim, Ramazan ay\u0131n\u0131n Akdeniz il\u00e7esinde ya\u015fayan herkes i\u00e7in sa\u011fl\u0131k, huzur ve bereket getirmesini dileyerek, &#8220;Bu Ramazan, t\u00fcm d\u00fcnyaya bar\u0131\u015f ve karde\u015flik getirsin. Akdeniz halk\u0131n\u0131n ve \u0130slam aleminin Ramazan ay\u0131n\u0131 kutlar, bu kutsal ay\u0131n t\u00fcm insanl\u0131k i\u00e7in hay\u0131rlara vesile olmas\u0131n\u0131 temenni ederim,&#8221; diyerek s\u00f6zlerini tamamlad\u0131.<\/p>\n","protected":false},"excerpt":{"rendered":"<p>Cumhuriyet Halk Partisi (CHP) Akdeniz Belediye Ba\u015fkan Aday\u0131 Nesibe Teker Hazim, Ramazan ay\u0131n\u0131n ba\u015flamas\u0131 m\u00fcnasebetiyle bir mesaj yay\u0131mlad\u0131. Hazim, mesaj\u0131nda Ramazan&#8217;\u0131n, birlik, beraberlik, yard\u0131mla\u015fma ve ho\u015fg\u00f6r\u00fc ay\u0131 oldu\u011funu vurgulayarak, t\u00fcm Akdeniz halk\u0131na ve \u0130slam aleminin bu m\u00fcbarek ay\u0131n\u0131 tebrik etti. Nesibe Teker Hazim mesaj\u0131nda \u015fu ifadelere yer verdi: &#8220;Ramazan ay\u0131, bizlere payla\u015fman\u0131n, yard\u0131mla\u015fman\u0131n ve bir [&hellip;]<\/p>\n","protected":false},"author":2,"featured_media":31287,"comment_status":"open","ping_status":"open","sticky":false,"template":"","format":"standard","meta":{"footnotes":""},"categories":[3],"tags":[],"class_list":["post-31286","post","type-post","status-publish","format-standard","has-post-thumbnail","hentry","category-manset"],"views":15,"_links":{"self":[{"href":"https:\/\/mersinkadingazetesi.com\/index.php?rest_route=\/wp\/v2\/posts\/31286"}],"collection":[{"href":"https:\/\/mersinkadingazetesi.com\/index.php?rest_route=\/wp\/v2\/posts"}],"about":[{"href":"https:\/\/mersinkadingazetesi.com\/index.php?rest_route=\/wp\/v2\/types\/post"}],"author":[{"embeddable":true,"href":"https:\/\/mersinkadingazetesi.com\/index.php?rest_route=\/wp\/v2\/users\/2"}],"replies":[{"embeddable":true,"href":"https:\/\/mersinkadingazetesi.com\/index.php?rest_route=%2Fwp%2Fv2%2Fcomments&post=31286"}],"version-history":[{"count":0,"href":"https:\/\/mersinkadingazetesi.com\/index.php?rest_route=\/wp\/v2\/posts\/31286\/revisions"}],"wp:featuredmedia":[{"embeddable":true,"href":"https:\/\/mersinkadingazetesi.com\/index.php?rest_route=\/wp\/v2\/media\/31287"}],"wp:attachment":[{"href":"https:\/\/mersinkadingazetesi.com\/index.php?rest_route=%2Fwp%2Fv2%2Fmedia&parent=31286"}],"wp:term":[{"taxonomy":"category","embeddable":true,"href":"https:\/\/mersinkadingazetesi.com\/index.php?rest_route=%2Fwp%2Fv2%2Fcategories&post=31286"},{"taxonomy":"post_tag","embeddable":true,"href":"https:\/\/mersinkadingazetesi.com\/index.php?rest_route=%2Fwp%2Fv2%2Ftags&post=31286"}],"curies":[{"name":"wp","href":"https:\/\/api.w.org\/{rel}","templated":true}]}}