{"id":31292,"date":"2024-03-11T12:51:50","date_gmt":"2024-03-11T09:51:50","guid":{"rendered":"http:\/\/mersinkadingazetesi.com\/?p=31292"},"modified":"2024-03-11T12:51:50","modified_gmt":"2024-03-11T09:51:50","slug":"secer-hem-mezitliyi-hem-mersini-rekor-bir-oy-ile-kazanacagiz","status":"publish","type":"post","link":"https:\/\/mersinkadingazetesi.com\/?p=31292","title":{"rendered":"Se\u00e7er: &#8220;Hem Mezitli&#8217;yi, hem Mersin&#8217;i rekor bir oy ile kazanaca\u011f\u0131z&#8221;"},"content":{"rendered":"<p>Cumhuriyet Halk Partisi Mezitli Belediye Ba\u015fkan Aday\u0131 Ahmet Serkan Tuncer; dillere destan bir proje tan\u0131t\u0131m lansman\u0131 ile projelerini kamuoyu ile payla\u015ft\u0131.<\/p>\n<p>Yo\u011fun kat\u0131l\u0131m ile ger\u00e7ekle\u015ftirilen lansmana; CHP Grup Ba\u015fkanvekili ve Milletvekili Ali Mahir Ba\u015far\u0131r, CHP \u0130l Ba\u015fkan\u0131 Koral \u00d6m\u00fcr, Mersin B\u00fcy\u00fck\u015fehir Belediye Ba\u015fkan\u0131 Vahap Se\u00e7er, Milletvekilleri G\u00fclcan K\u0131\u015f ve Talat Din\u00e7er, CHP Mezitli \u0130l\u00e7e Ba\u015fkan\u0131 Ula\u015f Y\u0131lmaz, Yeni\u015fehir Belediye Ba\u015fkan\u0131 Abdullah \u00d6zyi\u011fit, STK&#8217;lar, dernekler, bas\u0131n mensuplar\u0131, vatanda\u015flar ve muhtarlar kat\u0131l\u0131m g\u00f6sterdi.<\/p>\n<p>Se\u00e7er: &#8220;Hem Mezitli&#8217;yi, hem Mersin&#8217;i rekor bir oy ile kazanaca\u011f\u0131z&#8221;<\/p>\n<p>B\u00fcy\u00fck\u015fehir Belediye Ba\u015fkan\u0131 ve Aday\u0131 Vahap Se\u00e7er, projelerin her birinin \u00e7ok k\u0131ymetli oldu\u011funu  belirterek konu\u015fmas\u0131nda \u015fu ifadelere yer verdi;<\/p>\n<p>&#8220;\u00c7ok g\u00fczel projeler var ama bir ta nesi \u00e7ok \u00f6nemli. Bu T\u00fcrkiye&#8217;ye, belki de d\u00fcnyaya \u00f6rnek oldu. Nedir o? Sahilleri ranta de\u011fil, halka a\u00e7mak. \u0130\u015fte o okuma salonunu senden bekliyoruz. En ilgi \u00e7eken proje o oldu. &#8216;Bravo&#8217; dedim. Ahmet Serkan Ba\u015fkan daha Ba\u015fkan olmadan halk\u00e7\u0131 belediyecili\u011fin sinyalini verdin, sana helal olsun.<\/p>\n<p>Ahmet Serkan Tuncer&#8217;in bir belediye ba\u015fkanl\u0131\u011f\u0131 deneyimi yok ama emin olsun y\u00fcre\u011finde sevgi dolu bir abisi var. Biz yan\u0131nday\u0131z. Biz b\u00fcy\u00fck bir aileyiz; Cumhuriyet Halk Partisi ailesi. Mersin&#8217;den T\u00fcrkiye&#8217;ye bir mesaj g\u00f6nderece\u011fiz. A\u00e7\u0131k ara hem il\u00e7eyi hem B\u00fcy\u00fck\u015fehir&#8217;i kazanaca\u011f\u0131z.<\/p>\n<p>Uyum olursa, huzur olursa memnuniyet olur. Hi\u00e7bir \u015feyden korkumuz yok. Ahmet Serkan Tuncer&#8217;in Cumhuriyet Halk Parti&#8217;lili\u011fi tart\u0131\u015f\u0131lmaz. Bir belediye ba\u015fkanl\u0131\u011f\u0131 deneyimi yok ama Ahmet Serkan Tuncer emin olsun y\u00fcre\u011finde sevgi dolu bir abisi var. Biz yan\u0131nday\u0131z. <\/p>\n<p>Ba\u015far\u0131l\u0131 olmas\u0131 i\u00e7in her zaman bir abi gibi, bir ata gibi kabul etti\u011fi takdirde biz yan\u0131nda oluruz, deneyimlerimizi aktar\u0131r\u0131z, g\u00fcc\u00fcm\u00fcz\u00fc yans\u0131t\u0131r\u0131z, kolumuzu gereriz.&#8221;<\/p>\n<p>Tuncer; &#8220;Mezitli&#8217;mizin ad\u0131n\u0131 T\u00fcrkiye de ve d\u00fcnya da duyurmak istiyorum&#8221;<\/p>\n<p>Ahmet Serkan Tuncer ise konu\u015fmas\u0131nda; gelen misafirlere tek tek te\u015fekk\u00fcr ederek, projelerinin aya\u011f\u0131 yere basan bir altyap\u0131 da oldu\u011funu belirtti.<\/p>\n<p>Proje ekibinde, alan\u0131nda uzman insanlar ile \u00e7al\u0131\u015ft\u0131\u011f\u0131n\u0131 ifade ederek;<\/p>\n<p>&#8220;Benim, Mezitli Belediye Ba\u015fkan Adayl\u0131\u011f\u0131m\u0131n kampanya s\u00fcreci 20 y\u0131l \u00f6nce ba\u015flad\u0131, hala da devam ediyor. Ben 20 y\u0131ld\u0131r halk\u0131m\u0131n i\u00e7indeyim. Ben halk\u0131m\u0131z\u0131n ne istedi\u011fini \u00e7ok iyi biliyorum. K\u0131rsaldaki 20 mahallemizin de, merkezdeki 20 mahallemizin de ne istedi\u011fini \u00e7ok iyi biliyorum.<\/p>\n<p>Aday adayl\u0131\u011f\u0131m s\u00fcrecinden itibaren kapsaml\u0131 bir proje ekibi olu\u015fturduk. Hepsi alan\u0131nda u zman ve birbirinden de\u011ferli. Ekibimizin i\u00e7erisinde, \u00fcniversitelerimizden \u00e7ok de\u011ferli profes\u00f6rlerimiz,  siyaset bilimcisi, \u015fehir planc\u0131s\u0131, mimar, arkeolog, ve g\u00fczel Sanatlar konusunda uzman \u00e7al\u0131\u015fma arkada\u015flar\u0131m var.<\/p>\n<p>Ekibime \u015funu s\u00f6yledim; Mersin&#8217;imiz T\u00fcrkiye&#8217;nin ve Akdeniz&#8217;in incisi, Mezitli&#8217;mizde Mersinimizin incisi. Do\u011fas\u0131yla, deniziyle, sahiliyle, k\u0131rsal\u0131yla yaylas\u0131yla, tar\u0131m\u0131yla bir\u00e7ok potansiyeli var. Her zaman, Mezitli&#8217;mizin ad\u0131n\u0131 T\u00fcrkiye&#8217;de ve D\u00fcnyada duyurmak, parmakla g\u00f6sterilen bir kent haline getirmek istiyorum.&#8221; dedi.<\/p>\n<p>Her f\u0131rsatta, Mezitli&#8217;ye a\u015f\u0131k oldu\u011funu ifade eden Tuncer;<\/p>\n<p>&#8220;Ben, Mezitli&#8217;ye ve Mezitli halk\u0131na a\u015f\u0131k bir insan\u0131m. \u00c7\u00fcnk\u00fc benim kentim, Gazi Mustafa Kemal Atat\u00fcrk&#8217;\u00fcn, &#8216;Benim iki b\u00fcy\u00fck eserim vard\u0131r; biri T\u00fcrkiye Cumhuriyeti, di\u011feri Cumhuriyet Halk Partisi&#8217;dir.&#8217; diyenlerin kentidir. Benim kentim, Cumhuriyet Halk Pa rtisinden ba\u011f\u0131ms\u0131z yapamam diyenlerin kentidir.<\/p>\n<p>Benim kentim, toplumun t\u00fcm birle\u015fenleriyle; sevginin, bar\u0131\u015f\u0131n, huzurun, karde\u015fli\u011fin ve mutlulu\u011fun, kentidir. Bu y\u00fczden halk\u0131m\u0131z her \u015feyin en iyisini hak ediyor. Projelerimiz ortada,<br \/>\nhalk\u0131m\u0131z i\u00e7in yapacaklar\u0131m\u0131z da ortada. Bize inan\u0131n, bize g\u00fcvenin.&#8221; ifadelerini kulland\u0131.<\/p>\n","protected":false},"excerpt":{"rendered":"<p>Cumhuriyet Halk Partisi Mezitli Belediye Ba\u015fkan Aday\u0131 Ahmet Serkan Tuncer; dillere destan bir proje tan\u0131t\u0131m lansman\u0131 ile projelerini kamuoyu ile payla\u015ft\u0131. Yo\u011fun kat\u0131l\u0131m ile ger\u00e7ekle\u015ftirilen lansmana; CHP Grup Ba\u015fkanvekili ve Milletvekili Ali Mahir Ba\u015far\u0131r, CHP \u0130l Ba\u015fkan\u0131 Koral \u00d6m\u00fcr, Mersin B\u00fcy\u00fck\u015fehir Belediye Ba\u015fkan\u0131 Vahap Se\u00e7er, Milletvekilleri G\u00fclcan K\u0131\u015f ve Talat Din\u00e7er, CHP Mezitli \u0130l\u00e7e Ba\u015fkan\u0131 [&hellip;]<\/p>\n","protected":false},"author":2,"featured_media":31293,"comment_status":"open","ping_status":"open","sticky":false,"template":"","format":"standard","meta":{"footnotes":""},"categories":[34,1,2,3,5],"tags":[],"class_list":["post-31292","post","type-post","status-publish","format-standard","has-post-thumbnail","hentry","category-flas-haber","category-genel","category-gundem","category-manset","category-mersin"],"views":18,"_links":{"self":[{"href":"https:\/\/mersinkadingazetesi.com\/index.php?rest_route=\/wp\/v2\/posts\/31292"}],"collection":[{"href":"https:\/\/mersinkadingazetesi.com\/index.php?rest_route=\/wp\/v2\/posts"}],"about":[{"href":"https:\/\/mersinkadingazetesi.com\/index.php?rest_route=\/wp\/v2\/types\/post"}],"author":[{"embeddable":true,"href":"https:\/\/mersinkadingazetesi.com\/index.php?rest_route=\/wp\/v2\/users\/2"}],"replies":[{"embeddable":true,"href":"https:\/\/mersinkadingazetesi.com\/index.php?rest_route=%2Fwp%2Fv2%2Fcomments&post=31292"}],"version-history":[{"count":0,"href":"https:\/\/mersinkadingazetesi.com\/index.php?rest_route=\/wp\/v2\/posts\/31292\/revisions"}],"wp:featuredmedia":[{"embeddable":true,"href":"https:\/\/mersinkadingazetesi.com\/index.php?rest_route=\/wp\/v2\/media\/31293"}],"wp:attachment":[{"href":"https:\/\/mersinkadingazetesi.com\/index.php?rest_route=%2Fwp%2Fv2%2Fmedia&parent=31292"}],"wp:term":[{"taxonomy":"category","embeddable":true,"href":"https:\/\/mersinkadingazetesi.com\/index.php?rest_route=%2Fwp%2Fv2%2Fcategories&post=31292"},{"taxonomy":"post_tag","embeddable":true,"href":"https:\/\/mersinkadingazetesi.com\/index.php?rest_route=%2Fwp%2Fv2%2Ftags&post=31292"}],"curies":[{"name":"wp","href":"https:\/\/api.w.org\/{rel}","templated":true}]}}