{"id":31308,"date":"2024-03-12T12:37:37","date_gmt":"2024-03-12T09:37:37","guid":{"rendered":"http:\/\/mersinkadingazetesi.com\/?p=31308"},"modified":"2024-03-12T12:39:00","modified_gmt":"2024-03-12T09:39:00","slug":"buyuk-projeleri-cumhur-ittifaki-ile-biz-yapariz","status":"publish","type":"post","link":"https:\/\/mersinkadingazetesi.com\/?p=31308","title":{"rendered":"&#8220;B\u00dcY\u00dcK PROJELER\u0130 CUMHUR \u0130TT\u0130FAKI \u0130LE B\u0130Z YAPARIZ&#8221;"},"content":{"rendered":"<p>Cumhur \u0130ttifak\u0131 Mersin B\u00fcy\u00fck\u015fehir Belediye Ba\u015fkan Aday\u0131 Serdar Soydan, &#8220;Ya\u015fanabilir \u015fehirler s\u0131ralamas\u0131nda ilk 5&#8217;i hedefliyoruz. Bunu projelerimizle en k\u0131sa s\u00fcrede yapaca\u011f\u0131z. Trafikte ge\u00e7irdi\u011finiz s\u00fcre, kentin alt yap\u0131s\u0131, ya\u015fam kalitesi, havas\u0131, denizi bunlar\u0131 etkiliyor. Mersin&#8217;de tarih, tar\u0131m, turizm gibi \u00f6nemli de\u011ferler var ama katma de\u011fer yok.. Bizim hedefimiz Mersin i hak etti\u011fi yere ta\u015f\u0131mak. Biz hala altyap\u0131, kav\u015fak, ula\u015f\u0131m gibi sorunlar\u0131 konu\u015fuyoruz. Biz Mersin i\u00e7in her kap\u0131y\u0131 \u00e7alaca\u011f\u0131z.&#8221;Dedi.<\/p>\n<p>&#8220;B\u00dcY\u00dcK PROJELER\u0130 CUMHUR \u0130TT\u0130FAKI \u0130LE B\u0130Z YAPARIZ&#8221;<\/p>\n<p>Cumhur \u0130ttifak\u0131 Mersin B\u00fcy\u00fck\u015fehir Belediye Ba\u015fkan Aday\u0131 Serdar Soydan, kat\u0131ld\u0131\u011f\u0131 bir televizyon program\u0131nda, &#8220;100 projemizi a\u00e7\u0131klad\u0131k ve kamuoyunda memnuniyetle kar\u015f\u0131land\u0131. \u00c7\u00fcnk\u00fc Mersin&#8217;in daha iyi noktalarda olmas\u0131 gerekiyor. B\u00fcy\u00fck projeleri Cumhur \u0130ttifak\u0131 ile biz yapar\u0131z.&#8221; Diye konu\u015ftu.<\/p>\n<p>&#8220;SUYA ZAM TEKL\u0130F\u0130N\u0130 \u0130K\u0130 DEFA KABUL ETMED\u0130K AMA YAPILDI&#8221;<\/p>\n<p>Biz sorunlar\u0131 ortaya koyarken kimseyi su\u00e7lamak i\u00e7in de\u011fil, bu konular bize her yerde s\u00f6ylendi\u011fi i\u00e7in konu\u015fuyoruz.&#8221;Diyen Serdar Soydan, \u015f\u00f6yle konu\u015ftu: &#8220;Mersin halk\u0131 suyu pahal\u0131 kullan\u0131yor. Bu konu defalarca bas\u0131nda yer ald\u0131. B\u00fcy\u00fck\u015fehir Belediye Meclis toplant\u0131s\u0131nda mevcut belediye y\u00f6netimi zam istedi\u011finde iki defa ret verdik. Tutanaklar ortada. Y\u00f6netim yarg\u0131ya giderek tarife art\u0131\u015f\u0131na gitti. Di\u011fer B\u00fcy\u00fck\u015fehirle fark\u0131m\u0131z var. Mevcut y\u00f6netim elektrik giderlerini \u00f6ne s\u00fcrd\u00fc. Ama \u00f6rnek olarak ald\u0131\u011f\u0131m\u0131z \u015fehirlerde irtifa farklar\u0131na ra\u011fmen maliyetleri d\u00fc\u015f\u00fck. Buna ra\u011fmen y\u00fczde 30 daha zaml\u0131 tarife var. Onun i\u00e7in indirim yapaca\u011f\u0131z. Emekliler i\u00e7inde ayr\u0131 bir \u00e7al\u0131\u015fma yap\u0131yoruz hem indirim hem de belli bir kotaya kadar \u00fccretsiz su verece\u011fiz.&#8221;<\/p>\n<p>&#8220;B\u0130Z HALA ULA\u015eIM VE ALTYAPI G\u0130B\u0130 SORUNLARI KONU\u015eUYORUZ&#8221;<\/p>\n<p>Trafik sorununun \u00f6ne \u00e7\u0131kmas\u0131 ile ilgili de Serdar Soydan, &#8220;bunu s\u00f6ylerken yapt\u0131\u011f\u0131m\u0131z ara\u015ft\u0131rman\u0131n sonucunu s\u00f6yledik. Vatanda\u015flar\u0131m\u0131z bu konuda \u00e7ok fazla \u015fikayette bulundu. \u00d6nceli\u011fimiz bu olacak ve ula\u015f\u0131m master plan\u0131 revize edilerek, kav\u015fak d\u00fczenlemeleri ile bu sorunu ortadan kald\u0131raca\u011f\u0131z. \u00c7\u00fcnk\u00fc kanalize kav\u015fak ile trafik sorunu daha da artt\u0131. Bunu g\u00f6r\u00fcyorsunuz. Kazalar, bekleme s\u00fcreleri artt\u0131. Onun i\u00e7in projelerimizi a\u00e7\u0131klarken bilimsel verilerle anlatt\u0131k.  Bir\u00e7ok \u015fehir y\u0131llar \u00f6ncesinde rayl\u0131 sisteme kavu\u015fmu\u015f. Biz ise hala ula\u015f\u0131m ve altyap\u0131 gibi sorunlar\u0131 konu\u015fuyoruz. Bu bizi \u00fcz\u00fcyor. Onun i\u00e7in bu projelerimiz \u00f6nceli\u011fimiz oldu.&#8221; \u015eeklinde konu\u015ftu.<\/p>\n<p>&#8220;SOSYAL KONUTLAR YAPACA\u011eIZ&#8221;<\/p>\n<p>Afet Toplanma Alanlar\u0131n\u0131 projesini \u00f6nemsediklerini, uygun \u015fartlarda konutlar yapacaklar\u0131n\u0131n alt\u0131n\u0131 \u00e7izen Serdar Soydan, \u015f\u00f6yle devam etti:&#8221; Diren\u00e7li kentler kapsam\u0131nda sosyal konutlar yapaca\u011f\u0131z. Uygun fiyatl\u0131 ve uzun vadeli \u00f6deme se\u00e7enekleri ile vatanda\u015flar\u0131m\u0131za verece\u011fiz. Bunlar\u0131 bir\u00e7ok belediye yapt\u0131. Akdeniz ile Silifke \u0130l\u00e7e Belediyelerimiz de yapt\u0131. \u0130mar d\u00fczenlemeleri sonras\u0131 ada bazl\u0131 d\u00f6n\u00fc\u015f\u00fcmler daha kolay olacakt\u0131r. Daha uygun zeminlerde bunu yapaca\u011f\u0131z. Afet Toplanma Alan\u0131 projemiz var. Hepimiz g\u00fcnlerce arabalarda ya\u015fad\u0131k. Bu g\u00fcvenli alanlarda t\u00fcm ihtiya\u00e7lar\u0131m\u0131z\u0131 kar\u015f\u0131layaca\u011f\u0131m\u0131z yerler olacak.&#8221;<\/p>\n","protected":false},"excerpt":{"rendered":"<p>Cumhur \u0130ttifak\u0131 Mersin B\u00fcy\u00fck\u015fehir Belediye Ba\u015fkan Aday\u0131 Serdar Soydan, &#8220;Ya\u015fanabilir \u015fehirler s\u0131ralamas\u0131nda ilk 5&#8217;i hedefliyoruz. Bunu projelerimizle en k\u0131sa s\u00fcrede yapaca\u011f\u0131z. Trafikte ge\u00e7irdi\u011finiz s\u00fcre, kentin alt yap\u0131s\u0131, ya\u015fam kalitesi, havas\u0131, denizi bunlar\u0131 etkiliyor. Mersin&#8217;de tarih, tar\u0131m, turizm gibi \u00f6nemli de\u011ferler var ama katma de\u011fer yok.. Bizim hedefimiz Mersin i hak etti\u011fi yere ta\u015f\u0131mak. Biz hala [&hellip;]<\/p>\n","protected":false},"author":2,"featured_media":31309,"comment_status":"open","ping_status":"open","sticky":false,"template":"","format":"standard","meta":{"footnotes":""},"categories":[2,3,6],"tags":[],"class_list":["post-31308","post","type-post","status-publish","format-standard","has-post-thumbnail","hentry","category-gundem","category-manset","category-siyaset-2"],"views":1,"_links":{"self":[{"href":"https:\/\/mersinkadingazetesi.com\/index.php?rest_route=\/wp\/v2\/posts\/31308"}],"collection":[{"href":"https:\/\/mersinkadingazetesi.com\/index.php?rest_route=\/wp\/v2\/posts"}],"about":[{"href":"https:\/\/mersinkadingazetesi.com\/index.php?rest_route=\/wp\/v2\/types\/post"}],"author":[{"embeddable":true,"href":"https:\/\/mersinkadingazetesi.com\/index.php?rest_route=\/wp\/v2\/users\/2"}],"replies":[{"embeddable":true,"href":"https:\/\/mersinkadingazetesi.com\/index.php?rest_route=%2Fwp%2Fv2%2Fcomments&post=31308"}],"version-history":[{"count":0,"href":"https:\/\/mersinkadingazetesi.com\/index.php?rest_route=\/wp\/v2\/posts\/31308\/revisions"}],"wp:featuredmedia":[{"embeddable":true,"href":"https:\/\/mersinkadingazetesi.com\/index.php?rest_route=\/wp\/v2\/media\/31309"}],"wp:attachment":[{"href":"https:\/\/mersinkadingazetesi.com\/index.php?rest_route=%2Fwp%2Fv2%2Fmedia&parent=31308"}],"wp:term":[{"taxonomy":"category","embeddable":true,"href":"https:\/\/mersinkadingazetesi.com\/index.php?rest_route=%2Fwp%2Fv2%2Fcategories&post=31308"},{"taxonomy":"post_tag","embeddable":true,"href":"https:\/\/mersinkadingazetesi.com\/index.php?rest_route=%2Fwp%2Fv2%2Ftags&post=31308"}],"curies":[{"name":"wp","href":"https:\/\/api.w.org\/{rel}","templated":true}]}}