{"id":31311,"date":"2024-03-12T12:38:45","date_gmt":"2024-03-12T09:38:45","guid":{"rendered":"http:\/\/mersinkadingazetesi.com\/?p=31311"},"modified":"2024-03-12T12:38:45","modified_gmt":"2024-03-12T09:38:45","slug":"buyuksehirle-kadinlar-moral-bulduklari-keyifli-bir-gun-gecirdi","status":"publish","type":"post","link":"https:\/\/mersinkadingazetesi.com\/?p=31311","title":{"rendered":"B\u00dcY\u00dcK\u015eEH\u0130R&#8217;LE KADINLAR MORAL BULDUKLARI KEY\u0130FL\u0130 B\u0130R G\u00dcN GE\u00c7\u0130RD\u0130"},"content":{"rendered":"<p>Kad\u0131n dostu belediyecilik anlay\u0131\u015f\u0131 ile hizmetlerini s\u00fcrd\u00fcren Mersin B\u00fcy\u00fck\u015fehir Belediyesi, &#8216;8 Mart D\u00fcnya Emek\u00e7i Kad\u0131nlar G\u00fcn\u00fc&#8217; dolay\u0131s\u0131yla kentte ya\u015fayan i\u015fitme engelli kad\u0131nlar\u0131n hem topluma kazand\u0131r\u0131lmas\u0131 hem de sosyalle\u015fmesi i\u00e7in kahvalt\u0131 etkinli\u011fi d\u00fczenledi.<\/p>\n<p>Engellerin ortadan kald\u0131r\u0131lmas\u0131 ve toplumsal bilin\u00e7 olu\u015fturulmas\u0131 ad\u0131na d\u00fczenlenen etkinlikte hem merkezden hem Tarsus&#8217;tan gelerek kahvalt\u0131 etkinli\u011finde bulu\u015fan kad\u0131nlar, moral bulduklar\u0131 g\u00fczel ve keyifli bir g\u00fcn ge\u00e7irdi. Kad\u0131nlar, i\u015faret dili ile t\u00fcm kad\u0131nlar\u0131n &#8216;8 Mart D\u00fcnya Kad\u0131nlar G\u00fcn\u00fc&#8217;n\u00fc kutlad\u0131.<\/p>\n<p>Bak\u0131rd\u00f6ven: &#8220;B\u00fcy\u00fck\u015fehir olarak, 7&#8217;den 70&#8217;e b\u00fct\u00fcn vatanda\u015f\u0131m\u0131z\u0131 kucakl\u0131yor ve seviyoruz&#8221;<\/p>\n<p>B\u00fcy\u00fck\u015fehir Belediyesi Sa\u011fl\u0131k Hizmetleri Dairesi&#8217;nde \u0130\u015faret Dili Terc\u00fcman\u0131 olarak g\u00f6rev yapan Esra Bak\u0131rd\u00f6ven, 8 Mart D\u00fcnya Kad\u0131nlar G\u00fcn\u00fc dolay\u0131s\u0131yla i\u015fitme engelli kad\u0131nlarla kahvalt\u0131 etkinli\u011finde bir araya geldiklerini ifade etti. Bak\u0131rd\u00f6ven, &#8220;Mersin B\u00fcy\u00fck\u015fehir Belediyesi olarak, 7&#8217;den 70&#8217;e b\u00fct\u00fcn vatanda\u015f\u0131m\u0131z\u0131 kucakl\u0131yor ve seviyoruz&#8221; dedi.<\/p>\n<p>Kad\u0131nlar, g\u00fcne\u015fli havan\u0131n tad\u0131n\u0131 hep birlikte \u00e7\u0131kard\u0131<\/p>\n<p>Etkinli\u011fe kat\u0131lan Nihal \u015eenatak, yap\u0131lan etkinli\u011fi \u00e7ok be\u011fendi\u011fini s\u00f6yleyerek, &#8220;Biz Tarsus ekibi olarak etkinli\u011fe geldik. Vahap Ba\u015fkan\u0131m\u0131za bize \u00e7ok destek oluyor. Hizmet anlam\u0131nda Mersin ya da Tarsus fark etmiyor. Ba\u015fkan\u0131m\u0131z kesinlikle e\u015fit ve adil hizmet yap\u0131yor&#8221; dedi.<\/p>\n<p>\u00d6\u011frenci olan G\u00fcl \u00c7il de, yap\u0131lan etkinlik sayesinde fark\u0131ndal\u0131klar\u0131n daha da artt\u0131\u011f\u0131n\u0131 dile getirerek,<\/p>\n<p>&#8220;B\u00fcy\u00fck\u015fehir Belediye Ba\u015fkan\u0131m\u0131za ve Belediyemiz bize destek oldu\u011fu i\u00e7in mutluyuz. Ben \u00e7al\u0131\u015fanlar\u0131yla, d\u00fc\u015f\u00fcnceleriyle, hayvanlara olan yakla\u015f\u0131m\u0131 ve deste\u011fi ile Ba\u015fkan\u0131m\u0131z\u0131n destek\u00e7i biri oldu\u011funu d\u00fc\u015f\u00fcn\u00fcyorum. Kendisini ve \u00e7al\u0131\u015fmalar\u0131n\u0131 hem seviyor hem be\u011feniyorum. \u0130\u015fitme engelli kad\u0131nlarla birlikte kahvalt\u0131 yapt\u0131k. Buradan da anla\u015f\u0131ld\u0131\u011f\u0131 \u00fczere Ba\u015fkan\u0131m\u0131z fark\u0131ndal\u0131k olu\u015fturan ki\u015fi&#8221; diye konu\u015ftu.<\/p>\n<p>Zeynep Akf\u0131rat ise, yap\u0131lan etkinlikten \u00e7ok memnun kald\u0131\u011f\u0131n\u0131 belirterek, &#8220;Kad\u0131nlarla ilgili Ba\u015fkan\u0131m\u0131z\u0131n yapt\u0131\u011f\u0131 etkinlikler ve hizmetlerden \u00e7ok memnunum. Kad\u0131n emeklerinin \u00e7ok \u00f6n planda oldu\u011funu g\u00f6r\u00fcyorum. Bu da \u00e7ok ho\u015fuma gidiyor&#8221; ifadelerini kulland\u0131.<\/p>\n","protected":false},"excerpt":{"rendered":"<p>Kad\u0131n dostu belediyecilik anlay\u0131\u015f\u0131 ile hizmetlerini s\u00fcrd\u00fcren Mersin B\u00fcy\u00fck\u015fehir Belediyesi, &#8216;8 Mart D\u00fcnya Emek\u00e7i Kad\u0131nlar G\u00fcn\u00fc&#8217; dolay\u0131s\u0131yla kentte ya\u015fayan i\u015fitme engelli kad\u0131nlar\u0131n hem topluma kazand\u0131r\u0131lmas\u0131 hem de sosyalle\u015fmesi i\u00e7in kahvalt\u0131 etkinli\u011fi d\u00fczenledi. Engellerin ortadan kald\u0131r\u0131lmas\u0131 ve toplumsal bilin\u00e7 olu\u015fturulmas\u0131 ad\u0131na d\u00fczenlenen etkinlikte hem merkezden hem Tarsus&#8217;tan gelerek kahvalt\u0131 etkinli\u011finde bulu\u015fan kad\u0131nlar, moral bulduklar\u0131 g\u00fczel ve [&hellip;]<\/p>\n","protected":false},"author":2,"featured_media":31312,"comment_status":"open","ping_status":"open","sticky":false,"template":"","format":"standard","meta":{"footnotes":""},"categories":[3],"tags":[],"class_list":["post-31311","post","type-post","status-publish","format-standard","has-post-thumbnail","hentry","category-manset"],"views":2,"_links":{"self":[{"href":"https:\/\/mersinkadingazetesi.com\/index.php?rest_route=\/wp\/v2\/posts\/31311"}],"collection":[{"href":"https:\/\/mersinkadingazetesi.com\/index.php?rest_route=\/wp\/v2\/posts"}],"about":[{"href":"https:\/\/mersinkadingazetesi.com\/index.php?rest_route=\/wp\/v2\/types\/post"}],"author":[{"embeddable":true,"href":"https:\/\/mersinkadingazetesi.com\/index.php?rest_route=\/wp\/v2\/users\/2"}],"replies":[{"embeddable":true,"href":"https:\/\/mersinkadingazetesi.com\/index.php?rest_route=%2Fwp%2Fv2%2Fcomments&post=31311"}],"version-history":[{"count":0,"href":"https:\/\/mersinkadingazetesi.com\/index.php?rest_route=\/wp\/v2\/posts\/31311\/revisions"}],"wp:featuredmedia":[{"embeddable":true,"href":"https:\/\/mersinkadingazetesi.com\/index.php?rest_route=\/wp\/v2\/media\/31312"}],"wp:attachment":[{"href":"https:\/\/mersinkadingazetesi.com\/index.php?rest_route=%2Fwp%2Fv2%2Fmedia&parent=31311"}],"wp:term":[{"taxonomy":"category","embeddable":true,"href":"https:\/\/mersinkadingazetesi.com\/index.php?rest_route=%2Fwp%2Fv2%2Fcategories&post=31311"},{"taxonomy":"post_tag","embeddable":true,"href":"https:\/\/mersinkadingazetesi.com\/index.php?rest_route=%2Fwp%2Fv2%2Ftags&post=31311"}],"curies":[{"name":"wp","href":"https:\/\/api.w.org\/{rel}","templated":true}]}}