{"id":31324,"date":"2024-03-12T12:49:47","date_gmt":"2024-03-12T09:49:47","guid":{"rendered":"http:\/\/mersinkadingazetesi.com\/?p=31324"},"modified":"2024-03-12T12:49:47","modified_gmt":"2024-03-12T09:49:47","slug":"serdar-soydan-mersini-uretim-ussu-yapacagiz-ama-once-is-dunyasi-bize-guvenecek","status":"publish","type":"post","link":"https:\/\/mersinkadingazetesi.com\/?p=31324","title":{"rendered":"Serdar Soydan: &#8220;Mersin&#8217;i \u00dcretim \u00dcss\u00fc Yapaca\u011f\u0131z Ama \u00d6nce \u0130\u015f D\u00fcnyas\u0131 Bize G\u00fcvenecek&#8221;"},"content":{"rendered":"<p>Cumhur \u0130ttifak\u0131 Mersin B\u00fcy\u00fck\u015fehir Belediye Ba\u015fkan Aday\u0131 Serdar Soydan, Mersin&#8217;i \u00fcretim \u00fcss\u00fc yapmak istediklerini, Belediyelerin de \u00f6nemli b\u00fct\u00e7elerle y\u00f6netildi\u011fini, kendilerinin g\u00f6reve geldi\u011finde ise her y\u0131l d\u00fczenleyecekleri toplant\u0131da, y\u0131l de\u011ferlendirmesi yapacaklar\u0131n\u0131 a\u00e7\u0131klarken, gen\u00e7lere her ay 10 GB internet, burs ve mahalle sofralar\u0131 m\u00fcjdelerini verdi.  <\/p>\n<p>&#8220;Yatirim \u0130stiyorsak, \u00d6nce Biz Belediye Olarak G\u00fcven Vermeliyiz&#8221;<\/p>\n<p>Serdar Soydan, i\u015f d\u00fcnyas\u0131 bulu\u015fmalar\u0131na devam ederken,  tekstil at\u00f6lyesi \u00e7al\u0131\u015fanlar\u0131 ve Sanayi Sitesi y\u00f6neticileriyle de bir araya geldi. Vatanda\u015f\u0131 s\u00fcrekli dinlediklerini vurgulayan Soydan, Mersin B\u00fcy\u00fck\u015fehir Belediyesinin kiralara ciddi paralar harcad\u0131\u011f\u0131n\u0131 hat\u0131rlatarak, &#8220;B\u00fct\u00e7e y\u00f6netimi \u00e7ok \u00f6nemli. \u0130\u015f insanlar\u0131n\u0131 Mersin&#8217;e \u00e7ekmek istiyorsak \u00f6nce onlara biz belediye olarak g\u00fcven vermeliyiz. \u0130\u015fte bu y\u00fczden her y\u0131l kentin t\u00fcm dinamikleri ile muhtarlar, STK temsilcileri, bas\u0131n\u0131m\u0131z ve halk\u0131m\u0131zla bir araya gelerek y\u0131l\u0131n de\u011ferlendirmesini yapaca\u011f\u0131z, hesap verece\u011fiz. Mersin&#8217;de bu toplant\u0131lar\u0131 art\u0131k g\u00f6remiyoruz.&#8221; Dedi. <\/p>\n<p>&#8220;Mahalle Sofralar\u0131nda Bulu\u015faca\u011f\u0131z. Gen\u00e7lere Her Ay 10 Gb \u0130nternet&#8221;<\/p>\n<p>Siyaset\u00e7inin vatanda\u015f\u0131n i\u00e7inde olmas\u0131 gerekti\u011fini vurgulayan Serdar Soydan, gen\u00e7lere her ay 10 GB internet, burs ve mahalle sofralar\u0131 m\u00fcjdelerini vererek \u015funlar\u0131 s\u00f6yledi: Yapt\u0131\u011f\u0131m\u0131z gezilerde, halk\u0131m\u0131z se\u00e7imden \u00f6nce onlar\u0131 unutan Ba\u015fkanlardan \u015fikayet\u00e7i. Biz ise tam da bu noktada mahalle sofralar\u0131 ile halk\u0131m\u0131zla bir araya gelece\u011fiz. Sorunlar\u0131, talepleri direk onlardan dinleyece\u011fiz. Halk\u0131n, arac\u0131ya de\u011fil, o kenti y\u00f6neten Ba\u015fkanla direk bulu\u015fmas\u0131 laz\u0131m. Gen\u00e7ler de bizim i\u00e7in \u00e7ok \u00f6nemli. Ger\u00e7ek bir projeyi hak ediyorlar. Onlara da her ay 10 GB \u0130nternet ile burs deste\u011fi verece\u011fiz.&#8221;<\/p>\n","protected":false},"excerpt":{"rendered":"<p>Cumhur \u0130ttifak\u0131 Mersin B\u00fcy\u00fck\u015fehir Belediye Ba\u015fkan Aday\u0131 Serdar Soydan, Mersin&#8217;i \u00fcretim \u00fcss\u00fc yapmak istediklerini, Belediyelerin de \u00f6nemli b\u00fct\u00e7elerle y\u00f6netildi\u011fini, kendilerinin g\u00f6reve geldi\u011finde ise her y\u0131l d\u00fczenleyecekleri toplant\u0131da, y\u0131l de\u011ferlendirmesi yapacaklar\u0131n\u0131 a\u00e7\u0131klarken, gen\u00e7lere her ay 10 GB internet, burs ve mahalle sofralar\u0131 m\u00fcjdelerini verdi. &#8220;Yatirim \u0130stiyorsak, \u00d6nce Biz Belediye Olarak G\u00fcven Vermeliyiz&#8221; Serdar Soydan, i\u015f d\u00fcnyas\u0131 [&hellip;]<\/p>\n","protected":false},"author":2,"featured_media":31325,"comment_status":"open","ping_status":"open","sticky":false,"template":"","format":"standard","meta":{"footnotes":""},"categories":[1,2,3,6],"tags":[],"class_list":["post-31324","post","type-post","status-publish","format-standard","has-post-thumbnail","hentry","category-genel","category-gundem","category-manset","category-siyaset-2"],"views":17,"_links":{"self":[{"href":"https:\/\/mersinkadingazetesi.com\/index.php?rest_route=\/wp\/v2\/posts\/31324"}],"collection":[{"href":"https:\/\/mersinkadingazetesi.com\/index.php?rest_route=\/wp\/v2\/posts"}],"about":[{"href":"https:\/\/mersinkadingazetesi.com\/index.php?rest_route=\/wp\/v2\/types\/post"}],"author":[{"embeddable":true,"href":"https:\/\/mersinkadingazetesi.com\/index.php?rest_route=\/wp\/v2\/users\/2"}],"replies":[{"embeddable":true,"href":"https:\/\/mersinkadingazetesi.com\/index.php?rest_route=%2Fwp%2Fv2%2Fcomments&post=31324"}],"version-history":[{"count":0,"href":"https:\/\/mersinkadingazetesi.com\/index.php?rest_route=\/wp\/v2\/posts\/31324\/revisions"}],"wp:featuredmedia":[{"embeddable":true,"href":"https:\/\/mersinkadingazetesi.com\/index.php?rest_route=\/wp\/v2\/media\/31325"}],"wp:attachment":[{"href":"https:\/\/mersinkadingazetesi.com\/index.php?rest_route=%2Fwp%2Fv2%2Fmedia&parent=31324"}],"wp:term":[{"taxonomy":"category","embeddable":true,"href":"https:\/\/mersinkadingazetesi.com\/index.php?rest_route=%2Fwp%2Fv2%2Fcategories&post=31324"},{"taxonomy":"post_tag","embeddable":true,"href":"https:\/\/mersinkadingazetesi.com\/index.php?rest_route=%2Fwp%2Fv2%2Ftags&post=31324"}],"curies":[{"name":"wp","href":"https:\/\/api.w.org\/{rel}","templated":true}]}}