{"id":31327,"date":"2024-03-12T12:53:27","date_gmt":"2024-03-12T09:53:27","guid":{"rendered":"http:\/\/mersinkadingazetesi.com\/?p=31327"},"modified":"2024-03-12T12:53:27","modified_gmt":"2024-03-12T09:53:27","slug":"herkesin-baskani-olmaya-geliyorum","status":"publish","type":"post","link":"https:\/\/mersinkadingazetesi.com\/?p=31327","title":{"rendered":"HERKES\u0130N BA\u015eKANI OLMAYA GEL\u0130YORUM"},"content":{"rendered":"<p>Toroslar\u2019da ya\u015fayanlara \u201cbelediyeyi halk\u0131n belediyesi k\u0131lmay\u0131\u201d vaat eden Cumhuriyet Halk Partisi Toroslar Belediye Ba\u015fkan Aday\u0131 Abdurrahman Y\u0131ld\u0131z, \u201cVicdan\u0131 olan, kamu yarar\u0131 g\u00f6zeten, hesap verebilen, ula\u015f\u0131labilir, \u00e7evreci ve herkesin ba\u015fkan\u0131 olmaya geliyorum\u201d ifadelerini kulland\u0131.<\/p>\n<p>CHP \/ TOROSLAR\/ MERS\u0130N- Mersin kamuoyunda \u00e7evreye duyarl\u0131l\u0131\u011f\u0131yla bilinen Cumhuriyet Halk Partisi Toroslar Belediye Ba\u015fkan Aday\u0131 Abdurrahman Y\u0131ld\u0131z, se\u00e7im \u00e7al\u0131\u015fmalar\u0131nda da sanayiden tar\u0131ma, ya\u015fam\u0131n her alan\u0131nda do\u011fay\u0131 koruman\u0131n \u00f6nemine vurgu yap\u0131yor. Y\u0131ld\u0131z, se\u00e7im \u00e7al\u0131\u015fmalar\u0131 kapsam\u0131nda; \u00c7avu\u015flu, Toroslar K\u00fc\u00e7\u00fck Sanayi Sitesi ve Osmaniye Koop son dura\u011f\u0131nda esnafla bulu\u015ftu.  Mersin B\u00fcy\u00fck\u015fehir Belediye Ba\u015fkan\u0131 Vahap Se\u00e7er ile Yal\u0131nayak Pazar yerini ziyaret eden Y\u0131ld\u0131z, vatanda\u015flarla ve pazarc\u0131 esnaf\u0131 ile sohbet etti. Y\u0131ld\u0131z, g\u00fcn\u00fc Adalet Sitesi ve Bizimevler Sitesinde ger\u00e7ekle\u015fen halk toplant\u0131lar\u0131 ile tamamlad\u0131.<\/p>\n<p>HESAP VEREB\u0130LEN BA\u015eKAN\u2026<\/p>\n<p>Toroslar\u2019\u0131n 30 y\u0131ld\u0131r y\u00f6netilemedi\u011fine i\u015faret eden Y\u0131ld\u0131z, Toroslar\u2019da ya\u015fayanlara \u201cbelediyeyi halk\u0131n belediyesi k\u0131lmay\u0131\u201d vaat ediyor. 5 y\u0131ll\u0131k belediye meclis \u00fcyeli\u011fi d\u00f6neminde Toroslar Belediyesi\u2019nin b\u00fct\u00e7eyi nas\u0131l kullan\u0131ld\u0131\u011f\u0131n\u0131 yak\u0131ndan g\u00f6zlemleyen Abdurrahman Y\u0131ld\u0131z, il\u00e7enin en b\u00fcy\u00fck probleminin vizyonsuz y\u00f6neticiler oldu\u011funu belirterek, \u201cVicdan\u0131 olan, kamu yarar\u0131 g\u00f6zeten, hesap verebilen, ula\u015f\u0131labilir, \u00e7evreci ve herkesin ba\u015fkan\u0131 olmaya geliyorum\u201d dedi.<\/p>\n<p>NEFES ALAN, Y\u00dcZ\u00dc G\u00dcLEN B\u0130R TOROSLAR \u0130\u00c7\u0130N<\/p>\n<p>T\u00fcm \u00e7al\u0131\u015fmalar\u0131 do\u011fay\u0131 koruma bilinci ile hayata ge\u00e7ireceklerini ifade eden CHP Toroslar Belediye Ba\u015fkan Aday\u0131 Abdurrahman Y\u0131ld\u0131z, \u015f\u00f6yle devam etti: \u201cSanayiden tar\u0131ma, \u00e7al\u0131\u015fma ortamlar\u0131ndan g\u00fcnl\u00fck hayat\u0131m\u0131za kadar her alanda do\u011fay\u0131 koruma anlay\u0131\u015f\u0131na sahip olmak gerekiyor. Belediyenin t\u00fcm \u00e7al\u0131\u015fmalar\u0131n\u0131, yollar\u0131, imar planlar\u0131n\u0131, sanayi tesislerini bu bilin\u00e7le yapaca\u011f\u0131z. Nefes alan, y\u00fcz\u00fc g\u00fclen bir Toroslar i\u00e7in \u00e7al\u0131\u015faca\u011f\u0131z.\u201d<\/p>\n","protected":false},"excerpt":{"rendered":"<p>Toroslar\u2019da ya\u015fayanlara \u201cbelediyeyi halk\u0131n belediyesi k\u0131lmay\u0131\u201d vaat eden Cumhuriyet Halk Partisi Toroslar Belediye Ba\u015fkan Aday\u0131 Abdurrahman Y\u0131ld\u0131z, \u201cVicdan\u0131 olan, kamu yarar\u0131 g\u00f6zeten, hesap verebilen, ula\u015f\u0131labilir, \u00e7evreci ve herkesin ba\u015fkan\u0131 olmaya geliyorum\u201d ifadelerini kulland\u0131. CHP \/ TOROSLAR\/ MERS\u0130N- Mersin kamuoyunda \u00e7evreye duyarl\u0131l\u0131\u011f\u0131yla bilinen Cumhuriyet Halk Partisi Toroslar Belediye Ba\u015fkan Aday\u0131 Abdurrahman Y\u0131ld\u0131z, se\u00e7im \u00e7al\u0131\u015fmalar\u0131nda da sanayiden [&hellip;]<\/p>\n","protected":false},"author":2,"featured_media":31328,"comment_status":"open","ping_status":"open","sticky":false,"template":"","format":"standard","meta":{"footnotes":""},"categories":[3,6],"tags":[],"class_list":["post-31327","post","type-post","status-publish","format-standard","has-post-thumbnail","hentry","category-manset","category-siyaset-2"],"views":3,"_links":{"self":[{"href":"https:\/\/mersinkadingazetesi.com\/index.php?rest_route=\/wp\/v2\/posts\/31327"}],"collection":[{"href":"https:\/\/mersinkadingazetesi.com\/index.php?rest_route=\/wp\/v2\/posts"}],"about":[{"href":"https:\/\/mersinkadingazetesi.com\/index.php?rest_route=\/wp\/v2\/types\/post"}],"author":[{"embeddable":true,"href":"https:\/\/mersinkadingazetesi.com\/index.php?rest_route=\/wp\/v2\/users\/2"}],"replies":[{"embeddable":true,"href":"https:\/\/mersinkadingazetesi.com\/index.php?rest_route=%2Fwp%2Fv2%2Fcomments&post=31327"}],"version-history":[{"count":0,"href":"https:\/\/mersinkadingazetesi.com\/index.php?rest_route=\/wp\/v2\/posts\/31327\/revisions"}],"wp:featuredmedia":[{"embeddable":true,"href":"https:\/\/mersinkadingazetesi.com\/index.php?rest_route=\/wp\/v2\/media\/31328"}],"wp:attachment":[{"href":"https:\/\/mersinkadingazetesi.com\/index.php?rest_route=%2Fwp%2Fv2%2Fmedia&parent=31327"}],"wp:term":[{"taxonomy":"category","embeddable":true,"href":"https:\/\/mersinkadingazetesi.com\/index.php?rest_route=%2Fwp%2Fv2%2Fcategories&post=31327"},{"taxonomy":"post_tag","embeddable":true,"href":"https:\/\/mersinkadingazetesi.com\/index.php?rest_route=%2Fwp%2Fv2%2Ftags&post=31327"}],"curies":[{"name":"wp","href":"https:\/\/api.w.org\/{rel}","templated":true}]}}