{"id":31330,"date":"2024-02-18T16:26:51","date_gmt":"2024-02-18T13:26:51","guid":{"rendered":"http:\/\/mersinkadingazetesi.com\/?p=31330"},"modified":"2024-03-12T16:27:49","modified_gmt":"2024-03-12T13:27:49","slug":"hemsericilik-kriterleri-uzerinden-kurguladigi-bariz-bir-sekilde-anlasilmakta","status":"publish","type":"post","link":"https:\/\/mersinkadingazetesi.com\/?p=31330","title":{"rendered":"\u201cHem\u015fericilik kriterleri \u00fczerinden kurgulad\u0131\u011f\u0131 bariz bir \u015fekilde anla\u015f\u0131lmakta\u201d"},"content":{"rendered":"<p>\u0130Y\u0130 Parti Yeni\u015fehir Belediye Ba\u015fkan Aday\u0131 Ahmet Ar\u0131can, bir otelde bas\u0131n toplant\u0131s\u0131 d\u00fczenledi. Ar\u0131can, adayl\u0131k s\u00fcrecini de\u011ferlendirdi ve gazetecilerin sorular\u0131n\u0131 yan\u0131tlad\u0131.<\/p>\n<p>Gazi Mustafa Kemal Atat\u00fcrk\u2019\u00fcn iki b\u00fcy\u00fck eserinden biri olan Cumhuriyet Halk Partisi\u2019nin Kurultay\u0131ndan sonra en talihsiz ve en kara g\u00fcnlerini ya\u015fad\u0131\u011f\u0131n\u0131 s\u00f6yleyen Ar\u0131can, \u201cYakla\u015fan yerel se\u00e7imler \u00f6ncesinde Cumhuriyet Halk Partisi\u2019nde \u00f6zellikle aday belirleme s\u00fcrecinde ya\u015fananlar, parti genel merkezinin bir ak\u0131l tutulmas\u0131 i\u00e7erisine girdi\u011finin en canl\u0131 kan\u0131t\u0131d\u0131r. CHP y\u00f6netimine \u2018De\u011fi\u015fim\u2019 mottosuyla gelenlerin asl\u0131nda, belediyelerdeki b\u00f6l\u00fc\u015f\u00fcm ve payla\u015f\u0131m\u0131 hedeflerine koyduklar\u0131, ki\u015fisel menfaatleri do\u011frultusunda da adaylar\u0131 belirledikleri net bir \u015fekilde anla\u015f\u0131lm\u0131\u015ft\u0131r. T\u00fcrkiye\u2019nin neredeyse tamam\u0131nda belediye ba\u015fkan adaylar\u0131n\u0131 belirlerken kulland\u0131klar\u0131 y\u00f6ntemin ne demokrasiyle, ne hak, ne adalet, ne de ahlakla ba\u011fda\u015f\u0131r y\u00f6n\u00fc bulunmamaktad\u0131r. Bunun en canl\u0131 \u00f6rne\u011fi ise Mersin\u2019de ve \u00f6zellikle Yeni\u015fehir\u2019de ya\u015fanm\u0131\u015ft\u0131r.\u201d dedi.<\/p>\n<p>\u201cHem\u015fericilik kriterleri \u00fczerinden kurgulad\u0131\u011f\u0131 bariz bir \u015fekilde anla\u015f\u0131lmakta\u201d<\/p>\n<p>Cumhuriyet Halk Partisi Genel Merkezi\u2019nin, Mersin\u2019deki adaylar\u0131n\u0131 Mersin Milletvekili Ali Mahir Ba\u015far\u0131r\u2019\u0131n iki duda\u011f\u0131 aras\u0131na emanet etti\u011fini belirten Ar\u0131can, \u201cMersin B\u00fcy\u00fck\u015fehir Belediye Ba\u015fkan\u0131\u2019n\u0131n dahi g\u00f6r\u00fc\u015fleri ve sorumlulu\u011fu yok say\u0131lm\u0131\u015f, il ve il\u00e7e te\u015fkilatlar\u0131 muhattap bile al\u0131nmam\u0131\u015ft\u0131r. Cumhuriyet Halk Partisi Genel Ba\u015fkan\u0131 \u00d6zg\u00fcr \u00d6zel \u00f6zellikle Yeni\u015fehir il\u00e7emiz i\u00e7in kendi inisiyatifini kullanm\u0131\u015f, halkta kar\u015f\u0131l\u0131\u011f\u0131 bulunmayan ve g\u00f6revde oldu\u011fu 5 y\u0131l i\u00e7erisinde son derece ba\u015far\u0131s\u0131z bir performans g\u00f6stermi\u015f, Belediye b\u00fct\u00e7esini k\u00f6t\u00fc y\u00f6netmi\u015f, Say\u0131\u015ftay raporlar\u0131 ile belediye b\u00fct\u00e7e raporlar\u0131n\u0131n uyu\u015fmad\u0131\u011f\u0131, Say\u0131\u015ftay raporlar\u0131nda net bir \u015fekilde g\u00f6r\u00fclmekte olan arkada\u015f\u0131n\u0131, tekrar aday yapm\u0131\u015ft\u0131r. Genel merkezdeki karar verici makam\u0131ndaki isimleri hepinizce malum olan 3-5 ki\u015fi belediye ba\u015fkan adaylar\u0131n\u0131 sadece arkaDA\u015e, meslekTA\u015e, yanDA\u015e, menfaatDA\u015e, ve hem\u015fericilik kriterleri \u00fczerinden kurgulad\u0131\u011f\u0131 bariz bir \u015fekilde anla\u015f\u0131lmaktad\u0131r. Kamuoyu yoklamalar\u0131, anket sonu\u00e7lar\u0131, sivil toplum \u00f6rg\u00fctlerini ve halk\u0131n g\u00f6r\u00fc\u015fleri, projeler, liyakat gibi kriterler \u00f6nemsenmemi\u015ftir. Di\u011fer a.adaylar\u0131 ne MYK\u2019da, ne de PM\u2019de de\u011ferlendirmeye dahi al\u0131nmam\u0131\u015ft\u0131r. Bu s\u00fcre\u00e7, beni ve benim gibi eme\u011fini, karakterini ve \u00f6mr\u00fcn\u00fc bu u\u011furda feda etmi\u015f olan ba\u015fta aday adaylar\u0131m\u0131z\u0131 ve Cumhuriyet Halk Partisi\u2019ne g\u00f6n\u00fcl verenleri de derinden \u00fczm\u00fc\u015f, genel merkeze ve bu y\u00f6netim anlay\u0131\u015f\u0131na olan inan\u00e7lar\u0131n\u0131 kaybettirmi\u015ftir.\u201d \u015feklinde konu\u015ftu.<\/p>\n<p>\u201cB\u00f6l\u00fc\u015f\u00fcm plan\u0131 yapt\u0131klar\u0131 anla\u015f\u0131ld\u0131\u201d<\/p>\n<p>Ba\u015far\u0131r\u2019\u0131n iki d\u00f6nem milletvekili ve bu d\u00f6nem de Grup ba\u015fkanvekili yapan K\u0131l\u0131\u00e7daro\u011flu\u2019nu s\u0131rt\u0131ndan vurdu\u011funu vurgulayan Ar\u0131can, \u201cZ\u0131p z\u0131p z\u0131playan, Mersin Mezitli\u2019ye konvoy e\u015fli\u011finde, zafer kazanm\u0131\u015f komutan edas\u0131yla girip, konu\u015fmas\u0131 s\u0131ras\u0131nda kendisini protesto edenleri, i\u00e7lerinde Mezitli Alevi K\u00fclt\u00fcr Derne\u011fi ba\u015fkan\u0131n da oldu\u011fu, g\u00f6nl\u00fcn\u00fc CHP\u2019ye vermi\u015f partilileri \u2018Al\u0131n bu Ak Trolleri\u2019 diyerek hakaret eden, a\u015fa\u011f\u0131layan, Mersin sokaklar\u0131na inmeye y\u00fcz\u00fc ve cesareti olmayan birisi ne yaz\u0131k ki bu \u015fehrin ve CHP\u2019nin kaderini belirleyen bir makamda oturmaktad\u0131r. Kurultayda aday belirlemede \u00f6n se\u00e7im ve de\u011fi\u015fim i\u00e7in namus s\u00f6z\u00fc verenlerin, \u00f6z\u00fcnde belediyeleri b\u00f6l\u00fc\u015f\u00fcm plan\u0131 yapt\u0131klar\u0131 anla\u015f\u0131lm\u0131\u015ft\u0131r. Ve bizlere hizmet yolunda b\u00fct\u00fcn \u00e7\u0131k\u0131\u015f yollar\u0131 kapat\u0131lm\u0131\u015ft\u0131r. Olu\u015fan bu ak\u0131l ve mant\u0131k d\u0131\u015f\u0131 s\u00fcrecin sonucunda 40 y\u0131ld\u0131r gurur ve onurla hizmet etti\u011fim partimden istifa etmi\u015f bulunmaktay\u0131m. Cumhuriyet Halk Partisi\u2019nde toplumumuza hizmet etme sevdam\u0131za t\u00fcm yollar kapat\u0131lm\u0131\u015f, umutsuzlu\u011fa kap\u0131lm\u0131\u015f,siyaset yapmama karar\u0131 alm\u0131\u015fken; samimiyetimizi, d\u00fcr\u00fcstl\u00fc\u011f\u00fcm\u00fcz\u00fc ve eme\u011fimizi idrak eden, bu kent ve bu \u00fclke i\u00e7in hayallerimizi anlayan, yorumlayan, liyakate ve projelerimize de\u011fer vererek, kay\u0131ts\u0131z \u015farts\u0131z Biz\u2019lere kap\u0131lar\u0131n\u0131 a\u00e7an \u0130Y\u0130 Parti\u2019de siyasi hayat\u0131ma devam etme karar\u0131 alm\u0131\u015f bulunmaktay\u0131m. Bana ve ekip arkada\u015flar\u0131ma tevecc\u00fch g\u00f6stererek \u0130Y\u0130 Parti\u2019ye davet eden, ba\u015fta Genel Ba\u015fkan Say\u0131n Meral Ak\u015fener olmak \u00fczere yerel y\u00f6netimlerden sorumlu Genel Ba\u015fkan Yard\u0131mc\u0131s\u0131 Say\u0131n Burak Akburak\u2019a, \u0130yi Parti Genel Sekreteri (eski bakan) Say\u0131n Ayfer Y\u0131lmaz\u2019a, il Ba\u015fkan\u0131m\u0131z Say\u0131n Suat \u015eahin\u2019e ve il\u00e7e ba\u015fkan\u0131m\u0131z Say\u0131n Kahraman Turgutkaya\u2019ya \u00f6zellikle her zaman yan\u0131mda olan aileme ve bana bu karar\u0131 vermemde etkili olan t\u00fcm dostlar\u0131ma \u015f\u00fckranlar\u0131m\u0131 sunuyorum.\u201d ifadelerini kulland\u0131.<\/p>\n<p>\u201cYeni\u015fehir ile ilgili hayallerimiz yar\u0131m kalmayacak\u201d<\/p>\n<p>Ar\u0131can \u015f\u00f6yle devam etti,<br \/>\n\u201c\u0130Y\u0130 Parti\u2019nin t\u00fcz\u00fc\u011f\u00fcn\u00fcn 2.maddesinde Ulu \u00f6nderimiz Gazi Mustafa Kemal Atat\u00fcrk\u2019\u00fcn ilke ve ink\u0131laplar\u0131n\u0131n esas al\u0131nmas\u0131, Anayasan\u0131n ilk d\u00f6rt maddesinin kurucu de\u011ferlerimizin teminat\u0131 olarak g\u00f6r\u00fclmesi, Ahmet Yesevi, Hac\u0131 Bekta\u015fi Veli, Mevlana ve Yunus Emre gibi d\u00fc\u015f\u00fcn\u00fcrlerin anlay\u0131\u015f ve felsefelerini k\u0131lavuz edinen d\u00fc\u015f\u00fcnce, inan\u00e7 ve din h\u00fcrriyetinin ilkeleri olarak kabul edilmesi, laikli\u011fi din ve vicdan h\u00fcrriyetinin teminat\u0131 olarak g\u00f6rmesi, demokrasi, insan haklar\u0131, adalet, e\u015fitlik, \u00f6zg\u00fcr d\u00fc\u015f\u00fcnce, h\u00fcr irade, liyakat, ba\u011f\u0131ms\u0131z ve tarafs\u0131z yarg\u0131 gibi demokratik bir hukuk devletinin ilkelerini benimsemesi, benim \u0130Y\u0130 Parti saflar\u0131na kat\u0131lmam\u0131n ve \u0130Y\u0130Parti\u2019den Yeni\u015fehir Belediye Ba\u015fkan aday\u0131 olmam\u0131n en \u00f6nemli kriterlerinin ba\u015f\u0131nda gelmektedir. Ayr\u0131ca \u0130yi Parti il ba\u015fkan\u0131m\u0131z ve \u0130yi Parti genel merkezinde yapt\u0131\u011f\u0131m g\u00f6r\u00fc\u015fmelerde \u0130Y\u0130 Parti\u2019nin milliyet\u00e7i sa\u011f bir parti olmad\u0131\u011f\u0131, a\u015f\u0131r\u0131 u\u00e7 d\u00fc\u015f\u00fcncelerin \u0130Y\u0130 Parti\u2019de bar\u0131namayaca\u011f\u0131, parti t\u00fcz\u00fc\u011f\u00fcn\u00fcn ikinci maddesinde de belirtildi\u011fi gibi Alevi, S\u00fcnni, T\u00fcrk, K\u00fcrt, dil, din, \u0131rk, sa\u011fc\u0131, solcu, milliyet\u00e7i, muhafazakar ayr\u0131m\u0131 yap\u0131lmaks\u0131z\u0131n, vatan sevdal\u0131s\u0131 olan herkesi kucaklayan merkezde bir parti olmay\u0131 hedeflediklerini ve bu temel kriterlerden asla \u00f6d\u00fcn vermeyeceklerini g\u00f6rd\u00fcm. Anadolu Alevi camias\u0131n\u0131n bir ferdi, y\u00fcre\u011finde Vatan ve \u0130nsan sevgisi olan 40 y\u0131ld\u0131r bu \u015fehre ve Cumhuriyet Halk Partisi\u2019ne hizmet eden, de\u011fer verilmeyen, Ahmet Ar\u0131can\u2019a ola\u011fan\u00fcst\u00fc bir nezaket ve samimiyetle de\u011fer vererek, tevecc\u00fch g\u00f6sterip \u0130Y\u0130 Parti\u2019ye davet etmeleri, Yeni\u015fehir\u2019in bir be\u015f y\u0131l daha kaybetmemesi i\u00e7in Yeni\u015fehir\u2019e hizmet etme yolundaki bu onurlu y\u00fcr\u00fcy\u00fc\u015fe \u00e7\u0131kmama vesile olmu\u015ftur. T\u00fcrkiye\u2019nin kurucusu olan Cumhuriyet Halk partisinin Mersin \u0130l ve il\u00e7e te\u015fkilatlar\u0131n\u0131n, aday.daylar\u0131n\u0131n ve \u00fcyelerinin b\u00fct\u00fcn bu olanlara, iradelerinin ve emeklerinin yok say\u0131lmas\u0131na, \u00e7ocuklar\u0131n\u0131n ve \u00fclkemizin gelece\u011finin heba edilmesine tepkisiz kalamalar\u0131n\u0131 anlam\u0131\u015f de\u011filim. Buradan tepkisiz kalan Sizlere de sesleniyorum; Ben sizlerin de hakk\u0131n\u0131z\u0131 savunmak ve sesiniz olmak i\u00e7in bu yola \u00e7\u0131kt\u0131m. Yeni\u015fehir ile ilgili hayallerimiz yar\u0131m kalmayacak, projelerimiz hayata ge\u00e7ecek. \u00c7\u0131kt\u0131\u011f\u0131m\u0131z bu hakl\u0131 m\u00fccadelede \u2018Ser de ol\u2026\u2019 \u2018Ceketimizi\u2019 koysak kazan\u0131r\u0131z zihniyetine \u2018Me\u00e7bur\u2019 de\u011filsin.\u201d<\/p>\n","protected":false},"excerpt":{"rendered":"<p>\u0130Y\u0130 Parti Yeni\u015fehir Belediye Ba\u015fkan Aday\u0131 Ahmet Ar\u0131can, bir otelde bas\u0131n toplant\u0131s\u0131 d\u00fczenledi. Ar\u0131can, adayl\u0131k s\u00fcrecini de\u011ferlendirdi ve gazetecilerin sorular\u0131n\u0131 yan\u0131tlad\u0131. Gazi Mustafa Kemal Atat\u00fcrk\u2019\u00fcn iki b\u00fcy\u00fck eserinden biri olan Cumhuriyet Halk Partisi\u2019nin Kurultay\u0131ndan sonra en talihsiz ve en kara g\u00fcnlerini ya\u015fad\u0131\u011f\u0131n\u0131 s\u00f6yleyen Ar\u0131can, \u201cYakla\u015fan yerel se\u00e7imler \u00f6ncesinde Cumhuriyet Halk Partisi\u2019nde \u00f6zellikle aday belirleme s\u00fcrecinde [&hellip;]<\/p>\n","protected":false},"author":2,"featured_media":31331,"comment_status":"open","ping_status":"open","sticky":false,"template":"","format":"standard","meta":{"footnotes":""},"categories":[3,6],"tags":[],"class_list":["post-31330","post","type-post","status-publish","format-standard","has-post-thumbnail","hentry","category-manset","category-siyaset-2"],"views":1,"_links":{"self":[{"href":"https:\/\/mersinkadingazetesi.com\/index.php?rest_route=\/wp\/v2\/posts\/31330"}],"collection":[{"href":"https:\/\/mersinkadingazetesi.com\/index.php?rest_route=\/wp\/v2\/posts"}],"about":[{"href":"https:\/\/mersinkadingazetesi.com\/index.php?rest_route=\/wp\/v2\/types\/post"}],"author":[{"embeddable":true,"href":"https:\/\/mersinkadingazetesi.com\/index.php?rest_route=\/wp\/v2\/users\/2"}],"replies":[{"embeddable":true,"href":"https:\/\/mersinkadingazetesi.com\/index.php?rest_route=%2Fwp%2Fv2%2Fcomments&post=31330"}],"version-history":[{"count":0,"href":"https:\/\/mersinkadingazetesi.com\/index.php?rest_route=\/wp\/v2\/posts\/31330\/revisions"}],"wp:featuredmedia":[{"embeddable":true,"href":"https:\/\/mersinkadingazetesi.com\/index.php?rest_route=\/wp\/v2\/media\/31331"}],"wp:attachment":[{"href":"https:\/\/mersinkadingazetesi.com\/index.php?rest_route=%2Fwp%2Fv2%2Fmedia&parent=31330"}],"wp:term":[{"taxonomy":"category","embeddable":true,"href":"https:\/\/mersinkadingazetesi.com\/index.php?rest_route=%2Fwp%2Fv2%2Fcategories&post=31330"},{"taxonomy":"post_tag","embeddable":true,"href":"https:\/\/mersinkadingazetesi.com\/index.php?rest_route=%2Fwp%2Fv2%2Ftags&post=31330"}],"curies":[{"name":"wp","href":"https:\/\/api.w.org\/{rel}","templated":true}]}}