{"id":31334,"date":"2024-03-12T17:10:01","date_gmt":"2024-03-12T14:10:01","guid":{"rendered":"http:\/\/mersinkadingazetesi.com\/?p=31334"},"modified":"2024-03-12T17:10:01","modified_gmt":"2024-03-12T14:10:01","slug":"ahmet-serkan-tuncerin-adayligi-herkesimden-destek-getiriyor","status":"publish","type":"post","link":"https:\/\/mersinkadingazetesi.com\/?p=31334","title":{"rendered":"Ahmet Serkan Tuncer\u2019in adayl\u0131\u011f\u0131 herkesimden destek getiriyor"},"content":{"rendered":"<p>CHP Mezitli Belediye Ba\u015fkan Aday\u0131 Ahmet Serkan Tuncer\u2019in adayl\u0131\u011f\u0131 siyasi parti farketmeksizin herkesimden destek buluyor.<\/p>\n<p>Edinilen bilgilere g\u00f6re farkl\u0131 bir aday profili \u00e7izen Gen\u00e7 aday Ahmet Serkan Tuncer, adayl\u0131\u011f\u0131 a\u00e7\u0131kland\u0131\u011f\u0131ndan beri bir\u00e7ok kesimden b\u00fcy\u00fck bir ilgi g\u00f6r\u00fcyor. Tuncer\u2019in Adayl\u0131\u011f\u0131 a\u00e7\u0131klad\u0131ktan sonra \u0130Y\u0130 Parti, DEVA ve Demokrat Parti ile ba\u015fka partilerden \u00e7ok say\u0131da isim partisinden istifa edip Tuncer\u2019in yan\u0131nda yer al\u0131p onla s\u00fcrekli sahada se\u00e7im \u00e7al\u0131\u015fmas\u0131 yap\u0131yorlar.<br \/>\nMezitli\u2019de siyaset \u00fcst\u00fc bir profil \u00e7izen ve herkesime hitap eden Tuncer, \u015fimdi ta\u015f\u0131d\u0131\u011f\u0131 CHP rozetini g\u00f6reve geldikten sonra \u00e7\u0131kart\u0131p yakas\u0131nda sadece Atat\u00fcrk rozetini ve T\u00fcrk Bayra\u011f\u0131 rozetini takacak.<br \/>\nMezitli\u2019nin t\u00fcm b\u00f6lgelerine mahallelerine ayn\u0131 e\u015fit hizmeti yapaca\u011f\u0131n\u0131n s\u00f6z\u00fcn\u00fc veren Tuncer, Mezitli k\u00f6ylerini de ziyaret ediyor.<br \/>\nMersin B\u00fcy\u00fck\u015fehir Belediye Ba\u015fkan\u0131 Vahap Se\u00e7er ile \u00e7ok uyumlu \u00e7al\u0131\u015fan Tuncer, g\u00f6reve geldi\u011finde b\u00fcy\u00fck\u015fehir ile ele ele Mezitli i\u00e7in \u00e7ok g\u00fczel \u00e7al\u0131\u015fmalar yapaca\u011f\u0131n\u0131 planl\u0131yor.<br \/>\nMersin B\u00fcy\u00fck\u015fehir Belediye Ba\u015fkan\u0131 ve kamu kurumlar\u0131n ile sivil toplum \u00f6rg\u00fctleriyle iyi bir ili\u015fkisi olan Tuncer, g\u00f6reve geldi\u011finde belediyeyi birlikte y\u00f6netmeyi esas al\u0131yor.<br \/>\nGitti\u011fi \u00e7o\u011fu yerde \u00f6zellikle kad\u0131n ve gen\u00e7lerden yo\u011fun bir ilgi g\u00f6ren Tuncer, gen\u00e7 ba\u015fkan aday\u0131 olmas\u0131ndan dolay\u0131 daha ilgi g\u00f6r\u00fcyor.<br \/>\n\u00c7ok profesyonel se\u00e7im kampanyas\u0131 y\u00fcr\u00fcten Tuncer, \u00f6zellikle sosyal medyada b\u00fcy\u00fck bir ilgi be\u011feni g\u00f6r\u00fcyor.<\/p>\n","protected":false},"excerpt":{"rendered":"<p>CHP Mezitli Belediye Ba\u015fkan Aday\u0131 Ahmet Serkan Tuncer\u2019in adayl\u0131\u011f\u0131 siyasi parti farketmeksizin herkesimden destek buluyor. Edinilen bilgilere g\u00f6re farkl\u0131 bir aday profili \u00e7izen Gen\u00e7 aday Ahmet Serkan Tuncer, adayl\u0131\u011f\u0131 a\u00e7\u0131kland\u0131\u011f\u0131ndan beri bir\u00e7ok kesimden b\u00fcy\u00fck bir ilgi g\u00f6r\u00fcyor. Tuncer\u2019in Adayl\u0131\u011f\u0131 a\u00e7\u0131klad\u0131ktan sonra \u0130Y\u0130 Parti, DEVA ve Demokrat Parti ile ba\u015fka partilerden \u00e7ok say\u0131da isim partisinden istifa [&hellip;]<\/p>\n","protected":false},"author":2,"featured_media":31335,"comment_status":"open","ping_status":"open","sticky":false,"template":"","format":"standard","meta":{"footnotes":""},"categories":[3,6],"tags":[],"class_list":["post-31334","post","type-post","status-publish","format-standard","has-post-thumbnail","hentry","category-manset","category-siyaset-2"],"views":1,"_links":{"self":[{"href":"https:\/\/mersinkadingazetesi.com\/index.php?rest_route=\/wp\/v2\/posts\/31334"}],"collection":[{"href":"https:\/\/mersinkadingazetesi.com\/index.php?rest_route=\/wp\/v2\/posts"}],"about":[{"href":"https:\/\/mersinkadingazetesi.com\/index.php?rest_route=\/wp\/v2\/types\/post"}],"author":[{"embeddable":true,"href":"https:\/\/mersinkadingazetesi.com\/index.php?rest_route=\/wp\/v2\/users\/2"}],"replies":[{"embeddable":true,"href":"https:\/\/mersinkadingazetesi.com\/index.php?rest_route=%2Fwp%2Fv2%2Fcomments&post=31334"}],"version-history":[{"count":0,"href":"https:\/\/mersinkadingazetesi.com\/index.php?rest_route=\/wp\/v2\/posts\/31334\/revisions"}],"wp:featuredmedia":[{"embeddable":true,"href":"https:\/\/mersinkadingazetesi.com\/index.php?rest_route=\/wp\/v2\/media\/31335"}],"wp:attachment":[{"href":"https:\/\/mersinkadingazetesi.com\/index.php?rest_route=%2Fwp%2Fv2%2Fmedia&parent=31334"}],"wp:term":[{"taxonomy":"category","embeddable":true,"href":"https:\/\/mersinkadingazetesi.com\/index.php?rest_route=%2Fwp%2Fv2%2Fcategories&post=31334"},{"taxonomy":"post_tag","embeddable":true,"href":"https:\/\/mersinkadingazetesi.com\/index.php?rest_route=%2Fwp%2Fv2%2Ftags&post=31334"}],"curies":[{"name":"wp","href":"https:\/\/api.w.org\/{rel}","templated":true}]}}