{"id":31343,"date":"2024-03-13T12:32:59","date_gmt":"2024-03-13T09:32:59","guid":{"rendered":"http:\/\/mersinkadingazetesi.com\/?p=31343"},"modified":"2024-03-13T12:32:59","modified_gmt":"2024-03-13T09:32:59","slug":"serdar-soydan-13-ilcemiz-icin-ayri-ayri-projelerimiz-var","status":"publish","type":"post","link":"https:\/\/mersinkadingazetesi.com\/?p=31343","title":{"rendered":"Serdar Soydan: &#8220;13 \u0130l\u00e7emiz \u0130\u00e7in Ayr\u0131 Ayr\u0131 Projelerimiz Var&#8221;"},"content":{"rendered":"<p>Se\u00e7im gezileri kapsam\u0131nda Silifke \u0130l\u00e7esine giden Cumhur \u0130ttifak\u0131 Mersin B\u00fcy\u00fck\u015fehir Belediye Ba\u015fkan Aday\u0131 Serdar Soydan, &#8220;13 il\u00e7emiz i\u00e7in ayr\u0131 ayr\u0131 projeler haz\u0131rlad\u0131k.  Her bir il\u00e7elerimizin \u00f6zelliklerini g\u00f6zeterek onlar\u0131 \u00f6ne \u00e7\u0131karaca\u011f\u0131z. D\u00fc\u011f\u00fcn ve toplant\u0131 salonu eksikli\u011fini de giderece\u011fiz&#8221; Dedi. <\/p>\n<p>&#8220;\u0130l\u00e7e Belediyesi \u0130le B\u00fcy\u00fck\u015fehir Belediyesinin Uyumu \u00c7ok \u00d6nemli&#8221;<\/p>\n<p>Serdar Soydan, &#8220;Her il\u00e7emizin kendine \u00f6zel sorunlar\u0131 var. Yapt\u0131\u011f\u0131m\u0131z gezilerde vatanda\u015flar\u0131m\u0131z bize bunlar\u0131 tek tek anlat\u0131yor. \u0130l\u00e7e belediyesi ile B\u00fcy\u00fck\u015fehir Belediyesinin uyumu \u00e7ok \u00f6nemli. Bu sa\u011flanamam\u0131\u015f. Ancak biz g\u00f6reve geldi\u011fimizde hem uyum hem de hizmet gelecek. Hi\u00e7bir ayr\u0131m yapmadan, kimseyi ayr\u0131\u015ft\u0131rmadan  hizmetlerimizi hayata ge\u00e7irece\u011fiz&#8221; \u015eeklinde konu\u015ftu. <\/p>\n<p>&#8220;\u00c7ok Ama\u00e7l\u0131 Salonlar \u0130\u00e7in Hemen Harekete Ge\u00e7ece\u011fiz&#8221;<\/p>\n<p>\u0130l\u00e7elerden gelen taleplere de dikkat \u00e7eken Serdar Soydan, &#8220;\u00d6zellikle Anamur, Bozyaz\u0131, Ayd\u0131nc\u0131k, G\u00fclnar, Mut, Silifke, \u00c7aml\u0131yayla ba\u015fta olmak \u00fczere, orada ya\u015fayan vatanda\u015flar\u0131m\u0131z\u0131n \u00e7ok ama\u00e7l\u0131 salonlara ihtiya\u00e7 duydu\u011funu bildi\u011fimiz i\u00e7in vakit kaybetmeden harekete ge\u00e7ece\u011fiz. \u00d6\u011frencilerimizin, sanayicilerimizin, meslek odalar\u0131m\u0131z\u0131n, \u00f6zel etkinliklerini yapmak isteyen t\u00fcm vatanda\u015flar\u0131m\u0131z\u0131n kullanabilece\u011fi alanlar i\u00e7in g\u00f6reve geldi\u011fimizde h\u0131zl\u0131ca \u00e7al\u0131\u015fmaya ba\u015flayaca\u011f\u0131z&#8221; diye konu\u015ftu. <\/p>\n<p>&#8220;Herkes \u0130\u00e7in Belediyecilik Yapaca\u011f\u0131z&#8221;<\/p>\n<p>Soydan, &#8220;\u0130l\u00e7elerimizin tamam\u0131nda k\u00fclt\u00fcrel, sanatsal, e\u011fitim ve i\u015f toplant\u0131lar\u0131 gibi geni\u015f yelpazede etkinliklerin d\u00fczenlenece\u011fi salonlar in\u015fa edece\u011fiz. Bu anlamda herkes i\u00e7in belediyecilik yapaca\u011f\u0131z. Salonlar\u0131m\u0131z\u0131 dezavantajl\u0131 bireylerimizin eri\u015fimine de uygun hale getirece\u011fiz. \u00d6te yandan bu salonlar\u0131n teknolojik alt yap\u0131lar\u0131 ve esnek kullan\u0131m \u00f6zellikleri a\u00e7\u0131s\u0131ndan modern yap\u0131lar olaca\u011f\u0131n\u0131 da s\u00f6ylemekte fayda var&#8221; ifadelerini kulland\u0131.<\/p>\n","protected":false},"excerpt":{"rendered":"<p>Se\u00e7im gezileri kapsam\u0131nda Silifke \u0130l\u00e7esine giden Cumhur \u0130ttifak\u0131 Mersin B\u00fcy\u00fck\u015fehir Belediye Ba\u015fkan Aday\u0131 Serdar Soydan, &#8220;13 il\u00e7emiz i\u00e7in ayr\u0131 ayr\u0131 projeler haz\u0131rlad\u0131k. Her bir il\u00e7elerimizin \u00f6zelliklerini g\u00f6zeterek onlar\u0131 \u00f6ne \u00e7\u0131karaca\u011f\u0131z. D\u00fc\u011f\u00fcn ve toplant\u0131 salonu eksikli\u011fini de giderece\u011fiz&#8221; Dedi. &#8220;\u0130l\u00e7e Belediyesi \u0130le B\u00fcy\u00fck\u015fehir Belediyesinin Uyumu \u00c7ok \u00d6nemli&#8221; Serdar Soydan, &#8220;Her il\u00e7emizin kendine \u00f6zel sorunlar\u0131 var. Yapt\u0131\u011f\u0131m\u0131z [&hellip;]<\/p>\n","protected":false},"author":2,"featured_media":31344,"comment_status":"open","ping_status":"open","sticky":false,"template":"","format":"standard","meta":{"footnotes":""},"categories":[3,6],"tags":[],"class_list":["post-31343","post","type-post","status-publish","format-standard","has-post-thumbnail","hentry","category-manset","category-siyaset-2"],"views":2,"_links":{"self":[{"href":"https:\/\/mersinkadingazetesi.com\/index.php?rest_route=\/wp\/v2\/posts\/31343"}],"collection":[{"href":"https:\/\/mersinkadingazetesi.com\/index.php?rest_route=\/wp\/v2\/posts"}],"about":[{"href":"https:\/\/mersinkadingazetesi.com\/index.php?rest_route=\/wp\/v2\/types\/post"}],"author":[{"embeddable":true,"href":"https:\/\/mersinkadingazetesi.com\/index.php?rest_route=\/wp\/v2\/users\/2"}],"replies":[{"embeddable":true,"href":"https:\/\/mersinkadingazetesi.com\/index.php?rest_route=%2Fwp%2Fv2%2Fcomments&post=31343"}],"version-history":[{"count":0,"href":"https:\/\/mersinkadingazetesi.com\/index.php?rest_route=\/wp\/v2\/posts\/31343\/revisions"}],"wp:featuredmedia":[{"embeddable":true,"href":"https:\/\/mersinkadingazetesi.com\/index.php?rest_route=\/wp\/v2\/media\/31344"}],"wp:attachment":[{"href":"https:\/\/mersinkadingazetesi.com\/index.php?rest_route=%2Fwp%2Fv2%2Fmedia&parent=31343"}],"wp:term":[{"taxonomy":"category","embeddable":true,"href":"https:\/\/mersinkadingazetesi.com\/index.php?rest_route=%2Fwp%2Fv2%2Fcategories&post=31343"},{"taxonomy":"post_tag","embeddable":true,"href":"https:\/\/mersinkadingazetesi.com\/index.php?rest_route=%2Fwp%2Fv2%2Ftags&post=31343"}],"curies":[{"name":"wp","href":"https:\/\/api.w.org\/{rel}","templated":true}]}}