{"id":31346,"date":"2024-03-13T12:34:42","date_gmt":"2024-03-13T09:34:42","guid":{"rendered":"http:\/\/mersinkadingazetesi.com\/?p=31346"},"modified":"2024-03-13T12:34:42","modified_gmt":"2024-03-13T09:34:42","slug":"koca-mersindeki-yerel-secim-calismalari-kapsaminda-bir-dizi-etkinlige-katildi","status":"publish","type":"post","link":"https:\/\/mersinkadingazetesi.com\/?p=31346","title":{"rendered":"Koca, Mersin\u2019deki yerel se\u00e7im \u00e7al\u0131\u015fmalar\u0131 kapsam\u0131nda bir dizi etkinli\u011fe kat\u0131ld\u0131"},"content":{"rendered":"<p>Toplumsal \u00d6zg\u00fcrl\u00fck Partisi S\u00f6zc\u00fcler Kurulu \u00dcyesi ve DEM Parti Mersin Milletvekili Perihan Koca, Mersin\u2019deki yerel se\u00e7im \u00e7al\u0131\u015fmalar\u0131 kapsam\u0131nda bir dizi etkinli\u011fe kat\u0131ld\u0131.<br \/>\n\u0130lk olarak Akdeniz il\u00e7esi Kazanl\u0131 se\u00e7im b\u00fcrosunda bulu\u015fularak Kazanl\u0131 esnaf\u0131 ziyareti ger\u00e7ekle\u015ftirildi. Esnaf ziyaretinde DEM Parti il ve il\u00e7e y\u00f6neticileri ile Milletvekili Perihan Koca\u2019n\u0131n yan\u0131 s\u0131ra Cumhuriyet Halk Partisi Akdeniz il\u00e7e y\u00f6neticileri de kat\u0131larak kentteki se\u00e7im uzla\u015f\u0131s\u0131 hakk\u0131nda Kazanl\u0131 esnaf\u0131na bilgi verdi.<br \/>\nKazanl\u0131 esnaf ziyaretinin ard\u0131ndan MV Perihan Koca\u2019n\u0131n ikinci dura\u011f\u0131 Kazanl\u0131\u2019da kad\u0131n toplant\u0131s\u0131 oldu. Kazanl\u0131\u2019daki kad\u0131nlarla bir araya gelen Koca toplant\u0131n\u0131n ard\u0131ndan Kazanl\u0131\u2019da ev ziyareti ger\u00e7ekle\u015ftirip Kazanl\u0131 halk\u0131n\u0131n evlerine konuk oldu.<\/p>\n","protected":false},"excerpt":{"rendered":"<p>Toplumsal \u00d6zg\u00fcrl\u00fck Partisi S\u00f6zc\u00fcler Kurulu \u00dcyesi ve DEM Parti Mersin Milletvekili Perihan Koca, Mersin\u2019deki yerel se\u00e7im \u00e7al\u0131\u015fmalar\u0131 kapsam\u0131nda bir dizi etkinli\u011fe kat\u0131ld\u0131. \u0130lk olarak Akdeniz il\u00e7esi Kazanl\u0131 se\u00e7im b\u00fcrosunda bulu\u015fularak Kazanl\u0131 esnaf\u0131 ziyareti ger\u00e7ekle\u015ftirildi. Esnaf ziyaretinde DEM Parti il ve il\u00e7e y\u00f6neticileri ile Milletvekili Perihan Koca\u2019n\u0131n yan\u0131 s\u0131ra Cumhuriyet Halk Partisi Akdeniz il\u00e7e y\u00f6neticileri de [&hellip;]<\/p>\n","protected":false},"author":2,"featured_media":31347,"comment_status":"open","ping_status":"open","sticky":false,"template":"","format":"standard","meta":{"footnotes":""},"categories":[3],"tags":[],"class_list":["post-31346","post","type-post","status-publish","format-standard","has-post-thumbnail","hentry","category-manset"],"views":1,"_links":{"self":[{"href":"https:\/\/mersinkadingazetesi.com\/index.php?rest_route=\/wp\/v2\/posts\/31346"}],"collection":[{"href":"https:\/\/mersinkadingazetesi.com\/index.php?rest_route=\/wp\/v2\/posts"}],"about":[{"href":"https:\/\/mersinkadingazetesi.com\/index.php?rest_route=\/wp\/v2\/types\/post"}],"author":[{"embeddable":true,"href":"https:\/\/mersinkadingazetesi.com\/index.php?rest_route=\/wp\/v2\/users\/2"}],"replies":[{"embeddable":true,"href":"https:\/\/mersinkadingazetesi.com\/index.php?rest_route=%2Fwp%2Fv2%2Fcomments&post=31346"}],"version-history":[{"count":0,"href":"https:\/\/mersinkadingazetesi.com\/index.php?rest_route=\/wp\/v2\/posts\/31346\/revisions"}],"wp:featuredmedia":[{"embeddable":true,"href":"https:\/\/mersinkadingazetesi.com\/index.php?rest_route=\/wp\/v2\/media\/31347"}],"wp:attachment":[{"href":"https:\/\/mersinkadingazetesi.com\/index.php?rest_route=%2Fwp%2Fv2%2Fmedia&parent=31346"}],"wp:term":[{"taxonomy":"category","embeddable":true,"href":"https:\/\/mersinkadingazetesi.com\/index.php?rest_route=%2Fwp%2Fv2%2Fcategories&post=31346"},{"taxonomy":"post_tag","embeddable":true,"href":"https:\/\/mersinkadingazetesi.com\/index.php?rest_route=%2Fwp%2Fv2%2Ftags&post=31346"}],"curies":[{"name":"wp","href":"https:\/\/api.w.org\/{rel}","templated":true}]}}