{"id":31358,"date":"2024-03-13T12:40:39","date_gmt":"2024-03-13T09:40:39","guid":{"rendered":"http:\/\/mersinkadingazetesi.com\/?p=31358"},"modified":"2024-03-13T12:40:39","modified_gmt":"2024-03-13T09:40:39","slug":"mersinde-hayal-dahi-edilemeyen-projeler-hayata-gecirecegiz","status":"publish","type":"post","link":"https:\/\/mersinkadingazetesi.com\/?p=31358","title":{"rendered":"&#8220;MERS\u0130N&#8217;DE HAYAL DAH\u0130 ED\u0130LEMEYEN PROJELER HAYATA GE\u00c7\u0130RECE\u011e\u0130Z&#8221;"},"content":{"rendered":"<p>Cumhur \u0130ttifak\u0131 Toroslar Belediye Ba\u015fkan Aday\u0131 Dr. Ali \u00d6z, &#8220;Hi\u00e7 kimsenin \u015f\u00fcphesi olmas\u0131n. Bizim d\u00f6nemimizde kimsenin hayal dahi edemeyece\u011fi hizmetler her mahalleye e\u015fit bir \u015fekilde g\u00f6t\u00fcr\u00fclecek. Hizmet almayan tek bir mahalle dahi kalmayacak. Herkese e\u015fit hizmet anlay\u0131\u015f\u0131 ile \u00e7al\u0131\u015faca\u011f\u0131z&#8221; dedi.<\/p>\n<p>Se\u00e7im \u00e7al\u0131\u015fmalar\u0131 kapsam\u0131nda \u00e7al\u0131\u015fmalar\u0131na 7\/24 aral\u0131ks\u0131z devam eden \u00d6z, \u00c7ukurova Mahallesinde semt pazar\u0131n\u0131 ziyaret etti. Ziyarette pazar esnaf\u0131na kolayl\u0131klar dileyen \u00d6z hem esnaflardan hem de vatanda\u015flardan destek istedi. \u00d6z, &#8220;Toroslar&#8217;da bana olan desteklerinizi esirgemeyece\u011finizden \u015f\u00fcphem yok. Bu konuda hepinizden \u015fimdiden Allah raz\u0131 olsun, sizleri mahcup etmeyece\u011fim. Mersin&#8217;in tamam\u0131na ise hizmet istiyorsak Cumhur \u0130ttifak\u0131 aday\u0131m\u0131z Say\u0131n Serdar Soydan&#8217;a destek vermemiz gerekiyor. Hem Mersin&#8217;i hem de Toroslar&#8217;\u0131 kazanarak Mersin&#8217;de ve Toroslar&#8217;da g\u00f6r\u00fclmemi\u015f projeler hayata ge\u00e7irece\u011fiz&#8221; dedi. Al\u0131\u015fveri\u015f yapan vatanda\u015flarla da sohbet eden \u00d6z&#8217;e AK Parti Toroslar \u0130l\u00e7e Ba\u015fkan\u0131 Ferdi \u00c7okkeser ve MHP Toroslar \u0130l\u00e7e Ba\u015fkan\u0131 Osman Mete Y\u0131ld\u0131z e\u015flik etti.<\/p>\n<p>&#8220;MERS\u0130N&#8217;DE HAYAL DAH\u0130 ED\u0130LEMEYEN PROJELER HAYATA GE\u00c7\u0130RECE\u011e\u0130Z&#8221;<\/p>\n<p>Ziyaret etti\u011fi her yerde b\u00fcy\u00fck ilgi g\u00f6ren \u00d6z, vatanda\u015flardan Cumhur \u0130ttifak\u0131 B\u00fcy\u00fck\u015fehir Belediye Ba\u015fkan Aday\u0131 Serdar Soydan&#8217;a da destek vermesini istedi. Vatanda\u015flardan destek s\u00f6z\u00fc alan \u00d6z, &#8220;Hem Mersin&#8217;de hem de Toroslar&#8217;da bug\u00fcne kadar hayal dahi edilemeyen projeleri hayata ge\u00e7irece\u011fiz. Cumhur \u0130ttifak\u0131 olarak Mersin&#8217;de her il\u00e7eye, Toroslar&#8217;da ise her mahalleye e\u015fit bir \u015fekilde hizmet g\u00f6t\u00fcrece\u011fiz. Sizlerin b\u00fcy\u00fck deste\u011fi ve tevecc\u00fch\u00fcne sayg\u0131 duyarak il\u00e7emizde herkese e\u015fit hizmet anlay\u0131\u015f\u0131 ile \u00e7al\u0131\u015faca\u011f\u0131z&#8221; dedi.<\/p>\n<p>&#8220;TOROSLAR A\u015eI\u011eI MECL\u0130S \u00dcYELER\u0130M\u0130ZLE B\u0130RL\u0130KTE GECE G\u00dcND\u00dcZ A\u015eKLA \u00c7ALI\u015eACA\u011eIZ&#8221;<\/p>\n<p>Hem esnaf\u0131n hem de vatanda\u015f\u0131n sorular\u0131n\u0131 yan\u0131tlayan \u00d6z, her f\u0131rsatta Toroslar sevdal\u0131s\u0131 oldu\u011funun alt\u0131n\u0131 \u00e7izerek alan\u0131nda uzman olan bir ekip kurdu\u011funu belirtti. \u00d6z, &#8220;Se\u00e7ildikten sonra; her biri birbirinden k\u0131ymetli olan ve her kesim taraf\u0131ndan kabul g\u00f6ren Toroslar a\u015f\u0131\u011f\u0131 meclis \u00fcyesi arkada\u015flar\u0131m\u0131zla birlikte gece g\u00fcnd\u00fcz demeden canla ba\u015fla ve a\u015fkla \u00e7al\u0131\u015faca\u011f\u0131z. Toroslar her \u015feyin en g\u00fczeline lay\u0131k. Bu bilin\u00e7le hareket edece\u011fiz ve Toroslar\u0131m\u0131z\u0131 hak etti\u011fi de\u011ferlere ta\u015f\u0131yaca\u011f\u0131z. 1 Nisan&#8217;dan itibaren Toroslar i\u00e7in her \u015fey \u00e7ok daha g\u00fczel olacak&#8221; diye konu\u015ftu.<\/p>\n","protected":false},"excerpt":{"rendered":"<p>Cumhur \u0130ttifak\u0131 Toroslar Belediye Ba\u015fkan Aday\u0131 Dr. Ali \u00d6z, &#8220;Hi\u00e7 kimsenin \u015f\u00fcphesi olmas\u0131n. Bizim d\u00f6nemimizde kimsenin hayal dahi edemeyece\u011fi hizmetler her mahalleye e\u015fit bir \u015fekilde g\u00f6t\u00fcr\u00fclecek. Hizmet almayan tek bir mahalle dahi kalmayacak. Herkese e\u015fit hizmet anlay\u0131\u015f\u0131 ile \u00e7al\u0131\u015faca\u011f\u0131z&#8221; dedi. Se\u00e7im \u00e7al\u0131\u015fmalar\u0131 kapsam\u0131nda \u00e7al\u0131\u015fmalar\u0131na 7\/24 aral\u0131ks\u0131z devam eden \u00d6z, \u00c7ukurova Mahallesinde semt pazar\u0131n\u0131 ziyaret etti. [&hellip;]<\/p>\n","protected":false},"author":2,"featured_media":31359,"comment_status":"open","ping_status":"open","sticky":false,"template":"","format":"standard","meta":{"footnotes":""},"categories":[3,6],"tags":[],"class_list":["post-31358","post","type-post","status-publish","format-standard","has-post-thumbnail","hentry","category-manset","category-siyaset-2"],"views":3,"_links":{"self":[{"href":"https:\/\/mersinkadingazetesi.com\/index.php?rest_route=\/wp\/v2\/posts\/31358"}],"collection":[{"href":"https:\/\/mersinkadingazetesi.com\/index.php?rest_route=\/wp\/v2\/posts"}],"about":[{"href":"https:\/\/mersinkadingazetesi.com\/index.php?rest_route=\/wp\/v2\/types\/post"}],"author":[{"embeddable":true,"href":"https:\/\/mersinkadingazetesi.com\/index.php?rest_route=\/wp\/v2\/users\/2"}],"replies":[{"embeddable":true,"href":"https:\/\/mersinkadingazetesi.com\/index.php?rest_route=%2Fwp%2Fv2%2Fcomments&post=31358"}],"version-history":[{"count":0,"href":"https:\/\/mersinkadingazetesi.com\/index.php?rest_route=\/wp\/v2\/posts\/31358\/revisions"}],"wp:featuredmedia":[{"embeddable":true,"href":"https:\/\/mersinkadingazetesi.com\/index.php?rest_route=\/wp\/v2\/media\/31359"}],"wp:attachment":[{"href":"https:\/\/mersinkadingazetesi.com\/index.php?rest_route=%2Fwp%2Fv2%2Fmedia&parent=31358"}],"wp:term":[{"taxonomy":"category","embeddable":true,"href":"https:\/\/mersinkadingazetesi.com\/index.php?rest_route=%2Fwp%2Fv2%2Fcategories&post=31358"},{"taxonomy":"post_tag","embeddable":true,"href":"https:\/\/mersinkadingazetesi.com\/index.php?rest_route=%2Fwp%2Fv2%2Ftags&post=31358"}],"curies":[{"name":"wp","href":"https:\/\/api.w.org\/{rel}","templated":true}]}}