{"id":31367,"date":"2024-03-13T12:46:45","date_gmt":"2024-03-13T09:46:45","guid":{"rendered":"http:\/\/mersinkadingazetesi.com\/?p=31367"},"modified":"2024-03-13T12:46:45","modified_gmt":"2024-03-13T09:46:45","slug":"birileri-adayi-calistirmayip-sizi-yonlendirmek-istiyor","status":"publish","type":"post","link":"https:\/\/mersinkadingazetesi.com\/?p=31367","title":{"rendered":"\u201cBirileri aday\u0131 \u00e7al\u0131\u015ft\u0131rmay\u0131p sizi y\u00f6nlendirmek istiyor\u201d"},"content":{"rendered":"<p>Akdeniz Belediye Ba\u015fkan\u0131 ve Cumhur \u0130ttifak\u0131 Akdeniz Belediye Ba\u015fkan Aday\u0131 M. Mustafa G\u00fcltak, \u201cT\u00fcrk\u2019\u00fc, K\u00fcrt\u2019\u00fc ve Arap\u2019\u0131yla birlikte harman olup geliyoruz! Akdeniz\u2019e hizmet i\u00e7in geliyoruz! Huzuru, bar\u0131\u015f\u0131 getirece\u011fiz\u201d dedi.<br \/>\nAkdeniz Belediye Ba\u015fkan\u0131 ve Cumhur \u0130ttifak\u0131 Akdeniz Belediye Ba\u015fkan Aday\u0131 M. Mustafa G\u00fcltak, aral\u0131ks\u0131z s\u00fcrd\u00fcrd\u00fc\u011f\u00fc se\u00e7im kampanyas\u0131 kapsam\u0131nda Kazanl\u0131 Mahallesi\u2019nde d\u00fczenlenen se\u00e7im b\u00fcrosu a\u00e7\u0131l\u0131\u015f\u0131na kat\u0131ld\u0131. Her ya\u015ftan vatanda\u015f\u0131n, ellerinde bayraklar ve me\u015falelerle kar\u015f\u0131lad\u0131\u011f\u0131 Ba\u015fkan G\u00fcltak, 5 y\u0131lda hayata kazand\u0131rd\u0131klar\u0131, Akdeniz\u2019i de\u011fi\u015ftiren hizmet ve projeleri anlatarak yeni d\u00f6nem i\u00e7in se\u00e7menlerden destek istedi. Meydan\u0131 dolduran vatanda\u015flara hitap eden Ba\u015fkan G\u00fcltak, 31 Mart\u2019ta yap\u0131lacak se\u00e7imin \u00f6nemine de\u011finerek; \u201c\u00d6n\u00fcm\u00fczdeki 5 y\u0131lda Akdeniz\u2019de hem bar\u0131\u015f ve karde\u015flik, hem de hizmet ve projeler artarak ve kesintisiz bir \u015fekilde devam etsin\u201d dedi.<br \/>\n\u201cBirileri aday\u0131 \u00e7al\u0131\u015ft\u0131rmay\u0131p sizi y\u00f6nlendirmek istiyor\u201d<br \/>\nBulu\u015fmada, \u0130stiklal Mar\u015f\u0131\u2019n\u0131n kabul\u00fcn\u00fcn 103\u2019\u00fcnc\u00fc y\u0131ld\u00f6n\u00fcm\u00fc dolay\u0131s\u0131yla sahneye \u00e7\u0131kan k\u00fc\u00e7\u00fck bir \u00e7ocu\u011fun, b\u00fcy\u00fck bir co\u015fkuyla okudu\u011fu \u0130stiklal Mar\u015f\u0131, vatanda\u015flar\u0131n duygulu anlar ya\u015famas\u0131na neden oldu. Ard\u0131ndan konu\u015fmas\u0131na devam eden Ba\u015fkan G\u00fcltak; \u201cBug\u00fcn \u0130stiklal Mar\u015f\u0131m\u0131z\u0131n kabul\u00fcn\u00fcn y\u0131ld\u00f6n\u00fcm\u00fc. Siz ge\u00e7en 15 y\u0131l\u0131 ve 15 y\u0131l\u0131n y\u00f6neticilerini de biliyorsunuz&#8230; Ulusal medyada izlediniz de\u011fil mi? Ne diyor Akdeniz\u2019e aday olan o partinin e\u015f ba\u015fkan aday\u0131? \u2018Ben \u0130stiklal Mar\u015f\u0131 okumak zorunda de\u011filim\u2019 diyor. Birileri de Akdeniz\u2019e aday \u00e7\u0131karmayarak veya aday\u0131 \u00e7al\u0131\u015ft\u0131rmayarak sizi oraya do\u011fru zorluyor\u201d dedi.<br \/>\nOrtak de\u011ferlerimize kimse kar\u0131\u015fmas\u0131n!<br \/>\nS\u00f6zlerini; \u201cSiz, Kazanl\u0131 halk\u0131yla alay m\u0131 ediyorsunuz?\u2019 sorusuyla s\u00fcrd\u00fcren Ba\u015fkan Mustafa G\u00fcltak, konu\u015fmas\u0131na \u015f\u00f6yle devam etti;  \u201cBu millet, Kazanl\u0131, Karaduvar ve Karacailyas\u2019\u0131 ile milliyet\u00e7idir, devlet\u00e7idir. \u2018Hakk\u0131d\u0131r, hakka tapan milletimin istiklal\u2019 dizelerini yazarken Mehmet Akif Ersoy, \u015fark\u0131 olsun diye yazmad\u0131!<br \/>\nCumhuriyetimizin Kurucusu Gazi Mustafa Kemal, \u0130stiklal Mar\u015f\u0131\u2019n\u0131 okuyal\u0131m, sayg\u0131 duyal\u0131m diye Meclis\u2019ten onaylad\u0131. Ama birileri \u00e7\u0131km\u0131\u015f, \u2018Ben \u0130stiklal Mar\u015f\u0131\u2019n\u0131 okumak zorunda de\u011filim\u2019 diyor.<br \/>\nBizim bir Devletimiz, bir Cumhuriyetimiz, bir bayra\u011f\u0131m\u0131z, bir \u0130stiklal Mar\u015f\u0131m\u0131z var! Ortak de\u011ferlerimize kar\u0131\u015fmas\u0131nlar, huzurumuzu bozmas\u0131nlar. Bu de\u011ferlere sahip \u00e7\u0131kan\u0131 da siz biliyorsunuz. Aksi takdirde ge\u00e7en 15 y\u0131lda oldu\u011fu gibi o \u00e7ileli hayata geri d\u00f6nersiniz.\u201d<\/p>\n<p>\u201cT\u00fcrk, K\u00fcrt, Arap; hepsini harmanlad\u0131k\u201d<br \/>\nAkdeniz Belediye Ba\u015fkan\u0131 G\u00fcltak, konu\u015fmas\u0131n\u0131n sonunda belediye meclis \u00fcyesi adaylar\u0131n\u0131 da platforma davet ederek; \u201cBen de t\u0131pk\u0131 Arap vatanda\u015flar\u0131m\u0131z\u0131n yapt\u0131\u011f\u0131 gibi \u00f6yle bir harmanlad\u0131m ki t\u0131pk\u0131 H\u0131risideki gibi, (Arap Alevi toplumunda geleneksel bir yemek t\u00fcr\u00fc); T\u00fcrk\u2019\u00fc, K\u00fcrt\u2019\u00fc ve Arap\u2019\u0131yla hep birlikte geliyoruz! Akdeniz\u2019e hizmet i\u00e7in geliyoruz! Huzuru, bar\u0131\u015f\u0131 getirece\u011fiz! Var m\u0131s\u0131n\u0131z?\u201d diye seslendi. Ba\u015fkan Mustafa G\u00fcltak\u2019\u0131n bu s\u00f6zleri, Kazanl\u0131 Mahallesi sakini vatanda\u015flar\u0131n yo\u011fun alk\u0131\u015f\u0131n\u0131 toplad\u0131. Konu\u015fmas\u0131n\u0131n ard\u0131ndan Ba\u015fkan G\u00fcltak, Meclis \u00fcyesi adaylar\u0131 ve Kazanl\u0131 sakini vatanda\u015flarla birlikte, yine alk\u0131\u015flar ve z\u0131lg\u0131tlar aras\u0131nda se\u00e7im ofisinin kurdelesini keserek a\u00e7\u0131l\u0131\u015f\u0131 ger\u00e7ekle\u015ftirdi. <\/p>\n","protected":false},"excerpt":{"rendered":"<p>Akdeniz Belediye Ba\u015fkan\u0131 ve Cumhur \u0130ttifak\u0131 Akdeniz Belediye Ba\u015fkan Aday\u0131 M. Mustafa G\u00fcltak, \u201cT\u00fcrk\u2019\u00fc, K\u00fcrt\u2019\u00fc ve Arap\u2019\u0131yla birlikte harman olup geliyoruz! Akdeniz\u2019e hizmet i\u00e7in geliyoruz! Huzuru, bar\u0131\u015f\u0131 getirece\u011fiz\u201d dedi. Akdeniz Belediye Ba\u015fkan\u0131 ve Cumhur \u0130ttifak\u0131 Akdeniz Belediye Ba\u015fkan Aday\u0131 M. Mustafa G\u00fcltak, aral\u0131ks\u0131z s\u00fcrd\u00fcrd\u00fc\u011f\u00fc se\u00e7im kampanyas\u0131 kapsam\u0131nda Kazanl\u0131 Mahallesi\u2019nde d\u00fczenlenen se\u00e7im b\u00fcrosu a\u00e7\u0131l\u0131\u015f\u0131na kat\u0131ld\u0131. Her [&hellip;]<\/p>\n","protected":false},"author":2,"featured_media":31368,"comment_status":"open","ping_status":"open","sticky":false,"template":"","format":"standard","meta":{"footnotes":""},"categories":[2,3,5],"tags":[],"class_list":["post-31367","post","type-post","status-publish","format-standard","has-post-thumbnail","hentry","category-gundem","category-manset","category-mersin"],"views":5,"_links":{"self":[{"href":"https:\/\/mersinkadingazetesi.com\/index.php?rest_route=\/wp\/v2\/posts\/31367"}],"collection":[{"href":"https:\/\/mersinkadingazetesi.com\/index.php?rest_route=\/wp\/v2\/posts"}],"about":[{"href":"https:\/\/mersinkadingazetesi.com\/index.php?rest_route=\/wp\/v2\/types\/post"}],"author":[{"embeddable":true,"href":"https:\/\/mersinkadingazetesi.com\/index.php?rest_route=\/wp\/v2\/users\/2"}],"replies":[{"embeddable":true,"href":"https:\/\/mersinkadingazetesi.com\/index.php?rest_route=%2Fwp%2Fv2%2Fcomments&post=31367"}],"version-history":[{"count":0,"href":"https:\/\/mersinkadingazetesi.com\/index.php?rest_route=\/wp\/v2\/posts\/31367\/revisions"}],"wp:featuredmedia":[{"embeddable":true,"href":"https:\/\/mersinkadingazetesi.com\/index.php?rest_route=\/wp\/v2\/media\/31368"}],"wp:attachment":[{"href":"https:\/\/mersinkadingazetesi.com\/index.php?rest_route=%2Fwp%2Fv2%2Fmedia&parent=31367"}],"wp:term":[{"taxonomy":"category","embeddable":true,"href":"https:\/\/mersinkadingazetesi.com\/index.php?rest_route=%2Fwp%2Fv2%2Fcategories&post=31367"},{"taxonomy":"post_tag","embeddable":true,"href":"https:\/\/mersinkadingazetesi.com\/index.php?rest_route=%2Fwp%2Fv2%2Ftags&post=31367"}],"curies":[{"name":"wp","href":"https:\/\/api.w.org\/{rel}","templated":true}]}}