{"id":31376,"date":"2024-03-13T12:52:01","date_gmt":"2024-03-13T09:52:01","guid":{"rendered":"http:\/\/mersinkadingazetesi.com\/?p=31376"},"modified":"2024-03-13T12:52:01","modified_gmt":"2024-03-13T09:52:01","slug":"mhpli-uysal-ramazanin-bereketini-silifkeli-kardeslerimizle-paylastik","status":"publish","type":"post","link":"https:\/\/mersinkadingazetesi.com\/?p=31376","title":{"rendered":"MHP\u2019L\u0130 UYSAL: RAMAZANIN BEREKET\u0130N\u0130 S\u0130L\u0130FKEL\u0130 KARDE\u015eLER\u0130M\u0130ZLE PAYLA\u015eTIK"},"content":{"rendered":"<p>Milliyet\u00e7i Hareket Partisi Mersin Milletvekili Dr. Levent Uysal, Silifke Belediyesi taraf\u0131ndan d\u00fczenlenen iftar program\u0131na kat\u0131larak vatanda\u015flarla birlikte orucunu a\u00e7t\u0131, ramazan ay\u0131n\u0131n heyecan\u0131na ortak oldu. Milletvekili Uysal &#8220;Ramazan\u0131n bereketini Silifkeli karde\u015flerimizle payla\u015ft\u0131k. Y\u00fcce Allah sofralar\u0131m\u0131za Halil \u0130brahim bereketi versin.&#8221;ifadelerine yer verdi.<\/p>\n<p>Eski ramazanlar Mersin&#8217;de kurulan iftar sofralar\u0131nda ya\u015fat\u0131lmaya devam ediyor. Milliyet\u00e7i Hareket Partisi Mersin Milletvekili Dr. Levent Uysal da Silifke Belediyesi taraf\u0131ndan An\u0131t Meydan\u0131 G\u00f6ksu Park\u0131 i\u00e7erisinde d\u00fczenlenen ramazan program\u0131na kat\u0131ld\u0131. 3 binden fazla ki\u015finin kat\u0131l\u0131m sa\u011flad\u0131\u011f\u0131 iftar program\u0131nda Milletvekili Uysal&#8217;a ilgi olduk\u00e7a yo\u011fun oldu. Silifkeli vatanda\u015flar\u0131n ramazan ay\u0131n\u0131 tebrik ederek konu\u015fmas\u0131na ba\u015flayan Uysal &#8220;Ramazan-\u0131 \u015eerifin; \u00fclkemiz, milletimiz, t\u00fcm \u0130slam alemi i\u00e7in, ma\u011fdurlar, mazlumlar i\u00e7in hay\u0131rlara vesile olmas\u0131n\u0131 diliyorum. Bug\u00fcn Silifke&#8217;de kurulan iftar sofras\u0131nda bizi bulu\u015fturan Sad\u0131k ba\u015fkan\u0131m\u0131za \u00e7ok te\u015fekk\u00fcr ediyorum. &#8216;Kom\u015fusu a\u00e7ken, tok yatan bizden de\u011fildir&#8217; anlay\u0131\u015f\u0131yla her zaman ama \u00f6zellikle de ramazan ay\u0131nda s\u0131cak yeme\u011fimizi payla\u015fmal\u0131, hay\u0131r dualar\u0131 almal\u0131y\u0131z.Ramazan ay\u0131n\u0131n, bizlere sadece a\u00e7l\u0131k ve susuzluk de\u011fil; sab\u0131r, ho\u015fg\u00f6r\u00fc, merhamet ve payla\u015f\u0131m gibi \u00f6nemli de\u011ferleri hat\u0131rlatt\u0131\u011f\u0131n\u0131 da unutmamal\u0131y\u0131z.&#8221;\u015feklinde konu\u015ftu.<\/p>\n<p>Programa Cumhur \u0130ttifak\u0131 MHP Mersin B\u00fcy\u00fck\u015fehir Belediye Ba\u015fkan Aday\u0131 Serdar Soydan ve Cumhur \u0130ttifak\u0131 MHP Silifke Belediye Ba\u015fkan\u0131 ve Aday\u0131 Sad\u0131k Altunok ile birlikte kat\u0131lan Uysal, her iki ba\u015fkan aday\u0131 i\u00e7in se\u00e7menden destek istedi. Silifke Belediye Ba\u015fkan\u0131 Sad\u0131k Altunok&#8217;un s\u00f6z verdi\u011fi 84 projeyi tamamlad\u0131\u011f\u0131n\u0131 vurgulayan Uysal &#8220;G\u00f6reve geldi\u011fi gibi kollar\u0131n\u0131 s\u0131vam\u0131\u015f &#8217;84 proje yapaca\u011f\u0131m&#8217; demi\u015f ve ba\u015farm\u0131\u015f bir belediye ba\u015fkan\u0131 var kar\u015f\u0131n\u0131zda. Sizlerin verece\u011fi oylarla yine ba\u015faracak. Sad\u0131k Ba\u015fkan\u0131m\u0131z\u0131n daha \u00e7ok g\u00fc\u00e7lenmesi i\u00e7in bizim Mersin B\u00fcy\u00fck\u015fehir Belediyesi&#8217;ne de Serdar Soydan karde\u015fimi ba\u015fkan yapmam\u0131z laz\u0131m. Yeni d\u00f6nemde y\u00fczlerce proje Mersin i\u00e7in hayata ge\u00e7irilmeyi bekliyor. Bu hasretlik oylar\u0131n\u0131z sayesinde bitecek. Mersin&#8217;e, Silifke&#8217;ye sevdal\u0131 karde\u015flerimizin her zaman yan\u0131nday\u0131z.&#8221;a\u00e7\u0131klamas\u0131nda bulundu.<\/p>\n<p>Daha sonra Silifke \u0130l\u00e7esi Atik Mahallesi&#8217;nde d\u00fczenlenen a\u00e7\u0131k hava toplant\u0131s\u0131nda a\u00e7\u0131klamalarda bulunan Milletvekili Uysal &#8220;Atik Mahallesi&#8217;ndeki yo\u011fun kalabal\u0131k verilen karar\u0131n canl\u0131 g\u00f6stergesi. Cumhur ittifak\u0131&#8217;n\u0131n iradesi bu meydanda. Mersin sevdal\u0131lar\u0131 olarak Genel Ba\u015fkan\u0131m\u0131z Say\u0131n Devlet Bah\u00e7eli Beyefendi ve Cumhurba\u015fkan\u0131m\u0131z Say\u0131n Recep Tayyip Erdo\u011fan&#8217;a verdi\u011fimiz s\u00f6z\u00fc tutaca\u011f\u0131z. Haz\u0131r\u0131z, kararl\u0131y\u0131z ve ba\u015faraca\u011f\u0131z.&#8221;\u015feklinde konu\u015ftu.<\/p>\n<p>G\u00fcnayd\u0131n, Milliyet\u00e7i Hareket Partisi Mersin Milletvekilimiz Dr. Levent Uysal&#8217;\u0131n haber b\u00fcltenini sizinle payla\u015fmak istedim. \u0130yi \u00e7al\u0131\u015fmalar diliyorum.<\/p>\n","protected":false},"excerpt":{"rendered":"<p>Milliyet\u00e7i Hareket Partisi Mersin Milletvekili Dr. Levent Uysal, Silifke Belediyesi taraf\u0131ndan d\u00fczenlenen iftar program\u0131na kat\u0131larak vatanda\u015flarla birlikte orucunu a\u00e7t\u0131, ramazan ay\u0131n\u0131n heyecan\u0131na ortak oldu. Milletvekili Uysal &#8220;Ramazan\u0131n bereketini Silifkeli karde\u015flerimizle payla\u015ft\u0131k. Y\u00fcce Allah sofralar\u0131m\u0131za Halil \u0130brahim bereketi versin.&#8221;ifadelerine yer verdi. Eski ramazanlar Mersin&#8217;de kurulan iftar sofralar\u0131nda ya\u015fat\u0131lmaya devam ediyor. Milliyet\u00e7i Hareket Partisi Mersin Milletvekili Dr. [&hellip;]<\/p>\n","protected":false},"author":2,"featured_media":31377,"comment_status":"open","ping_status":"open","sticky":false,"template":"","format":"standard","meta":{"footnotes":""},"categories":[3,6],"tags":[],"class_list":["post-31376","post","type-post","status-publish","format-standard","has-post-thumbnail","hentry","category-manset","category-siyaset-2"],"views":2,"_links":{"self":[{"href":"https:\/\/mersinkadingazetesi.com\/index.php?rest_route=\/wp\/v2\/posts\/31376"}],"collection":[{"href":"https:\/\/mersinkadingazetesi.com\/index.php?rest_route=\/wp\/v2\/posts"}],"about":[{"href":"https:\/\/mersinkadingazetesi.com\/index.php?rest_route=\/wp\/v2\/types\/post"}],"author":[{"embeddable":true,"href":"https:\/\/mersinkadingazetesi.com\/index.php?rest_route=\/wp\/v2\/users\/2"}],"replies":[{"embeddable":true,"href":"https:\/\/mersinkadingazetesi.com\/index.php?rest_route=%2Fwp%2Fv2%2Fcomments&post=31376"}],"version-history":[{"count":0,"href":"https:\/\/mersinkadingazetesi.com\/index.php?rest_route=\/wp\/v2\/posts\/31376\/revisions"}],"wp:featuredmedia":[{"embeddable":true,"href":"https:\/\/mersinkadingazetesi.com\/index.php?rest_route=\/wp\/v2\/media\/31377"}],"wp:attachment":[{"href":"https:\/\/mersinkadingazetesi.com\/index.php?rest_route=%2Fwp%2Fv2%2Fmedia&parent=31376"}],"wp:term":[{"taxonomy":"category","embeddable":true,"href":"https:\/\/mersinkadingazetesi.com\/index.php?rest_route=%2Fwp%2Fv2%2Fcategories&post=31376"},{"taxonomy":"post_tag","embeddable":true,"href":"https:\/\/mersinkadingazetesi.com\/index.php?rest_route=%2Fwp%2Fv2%2Ftags&post=31376"}],"curies":[{"name":"wp","href":"https:\/\/api.w.org\/{rel}","templated":true}]}}