{"id":31392,"date":"2024-03-14T12:17:28","date_gmt":"2024-03-14T09:17:28","guid":{"rendered":"http:\/\/mersinkadingazetesi.com\/?p=31392"},"modified":"2024-03-14T12:17:28","modified_gmt":"2024-03-14T09:17:28","slug":"koca-mersinde-calismalarini-surduruyor","status":"publish","type":"post","link":"https:\/\/mersinkadingazetesi.com\/?p=31392","title":{"rendered":"Koca Mersin\u2019de \u00e7al\u0131\u015fmalar\u0131n\u0131 s\u00fcrd\u00fcr\u00fcyor"},"content":{"rendered":"<p>Toplumsal \u00d6zg\u00fcrl\u00fck Partisi S\u00f6zc\u00fcler Kurulu \u00fcyesi ve DEM Parti Mersin Milletvekili Perihan Koca Mersin\u2019de \u00e7al\u0131\u015fmalar\u0131n\u0131 s\u00fcrd\u00fcr\u00fcyor. Milletvekili Perihan Koca 13 Mart g\u00fcn\u00fc DEM Parti Mersin il \u00f6rg\u00fct\u00fcnde Newroz \u00e7a\u011fr\u0131s\u0131n\u0131n yap\u0131ld\u0131\u011f\u0131 bas\u0131n a\u00e7\u0131klamas\u0131na kat\u0131ld\u0131. Mersin DEM Parti Milletvekili Ali Bozan\u2019\u0131n da kat\u0131ld\u0131\u011f\u0131 bas\u0131n toplant\u0131s\u0131nda DEM Parti Mersin il y\u00f6neticileri, Akdeniz belediye e\u015f ba\u015fkan adaylar\u0131 ve siyasi parti temsilcileri de kat\u0131ld\u0131. Mersin DEM Parti \u0130l E\u015f Ba\u015fkan\u0131 Bedriye Ku\u015f taraf\u0131ndan okunan a\u00e7\u0131klamada Mersin\u2019de Newroz kutlamas\u0131n\u0131n 20 Mart g\u00fcn\u00fc Akdeniz il\u00e7esindeki T\u0131rm\u0131l Miting Alan\u0131\u2019nda yap\u0131laca\u011f\u0131 vurgulan\u0131rken bu y\u0131lki kutlama \u015fiar\u0131n\u0131n \u201c\u015eimdi \u00d6zg\u00fcrl\u00fck Zaman\u0131\u201d oldu\u011fu a\u00e7\u0131kland\u0131.<br \/>\nKaraduvar\u2019da K\u0131raathane ve Ev Ziyaretleri Ger\u00e7ekle\u015ftirildi<br \/>\nToplumsal \u00d6zg\u00fcrl\u00fck Partisi S\u00f6zc\u00fcler Kurulu \u00fcyesi ve DEM Parti Mersin Milletvekili Perihan Koca\u2019n\u0131n 13 Mart\u2019taki ikinci dura\u011f\u0131 Akdeniz il\u00e7esinin Karaduvar Mahallesi oldu. Karaduvar\u2019da DEM Parti heyeti ve CHP temsilcisiyle birlikte k\u0131raathaneleri gezen Koca burada Akdeniz il\u00e7esi ba\u015fta olmak \u00fczere DEM Parti ile CHP aras\u0131nda ger\u00e7ekle\u015fen kent uzla\u015f\u0131s\u0131n\u0131n detaylar\u0131n\u0131 Karaduvar halk\u0131yla payla\u015ft\u0131. Perihan Koca Karaduvar\u2019da iki ev ziyareti ger\u00e7ekle\u015ftirerek burada da yerel se\u00e7im \u00e7al\u0131\u015fmalar\u0131n\u0131 s\u00fcrd\u00fcrd\u00fc.<br \/>\nAdanal\u0131o\u011flu\u2019nda Ev Ziyaretleri<br \/>\nPerihan Koca\u2019n\u0131n g\u00fcn i\u00e7indeki son dura\u011f\u0131 Akdeniz il\u00e7esi s\u0131n\u0131rlar\u0131 i\u00e7erisindeki Adanal\u0131o\u011flu Mahallesi oldu. Arap halk\u0131n\u0131n yo\u011fun olarak ya\u015fad\u0131\u011f\u0131 bir di\u011fer mahalle olan Adanal\u0131o\u011flu\u2019nda ger\u00e7ekle\u015ftirilen ev ziyaretlerinde \u00fcretici \u00e7ift\u00e7i halk\u0131n sorunlar\u0131 konu\u015fulurken yerel se\u00e7imlerdeki kent uzla\u015f\u0131s\u0131 halkla payla\u015f\u0131ld\u0131.<\/p>\n","protected":false},"excerpt":{"rendered":"<p>Toplumsal \u00d6zg\u00fcrl\u00fck Partisi S\u00f6zc\u00fcler Kurulu \u00fcyesi ve DEM Parti Mersin Milletvekili Perihan Koca Mersin\u2019de \u00e7al\u0131\u015fmalar\u0131n\u0131 s\u00fcrd\u00fcr\u00fcyor. Milletvekili Perihan Koca 13 Mart g\u00fcn\u00fc DEM Parti Mersin il \u00f6rg\u00fct\u00fcnde Newroz \u00e7a\u011fr\u0131s\u0131n\u0131n yap\u0131ld\u0131\u011f\u0131 bas\u0131n a\u00e7\u0131klamas\u0131na kat\u0131ld\u0131. Mersin DEM Parti Milletvekili Ali Bozan\u2019\u0131n da kat\u0131ld\u0131\u011f\u0131 bas\u0131n toplant\u0131s\u0131nda DEM Parti Mersin il y\u00f6neticileri, Akdeniz belediye e\u015f ba\u015fkan adaylar\u0131 ve siyasi [&hellip;]<\/p>\n","protected":false},"author":2,"featured_media":31393,"comment_status":"open","ping_status":"open","sticky":false,"template":"","format":"standard","meta":{"footnotes":""},"categories":[3],"tags":[],"class_list":["post-31392","post","type-post","status-publish","format-standard","has-post-thumbnail","hentry","category-manset"],"views":3,"_links":{"self":[{"href":"https:\/\/mersinkadingazetesi.com\/index.php?rest_route=\/wp\/v2\/posts\/31392"}],"collection":[{"href":"https:\/\/mersinkadingazetesi.com\/index.php?rest_route=\/wp\/v2\/posts"}],"about":[{"href":"https:\/\/mersinkadingazetesi.com\/index.php?rest_route=\/wp\/v2\/types\/post"}],"author":[{"embeddable":true,"href":"https:\/\/mersinkadingazetesi.com\/index.php?rest_route=\/wp\/v2\/users\/2"}],"replies":[{"embeddable":true,"href":"https:\/\/mersinkadingazetesi.com\/index.php?rest_route=%2Fwp%2Fv2%2Fcomments&post=31392"}],"version-history":[{"count":0,"href":"https:\/\/mersinkadingazetesi.com\/index.php?rest_route=\/wp\/v2\/posts\/31392\/revisions"}],"wp:featuredmedia":[{"embeddable":true,"href":"https:\/\/mersinkadingazetesi.com\/index.php?rest_route=\/wp\/v2\/media\/31393"}],"wp:attachment":[{"href":"https:\/\/mersinkadingazetesi.com\/index.php?rest_route=%2Fwp%2Fv2%2Fmedia&parent=31392"}],"wp:term":[{"taxonomy":"category","embeddable":true,"href":"https:\/\/mersinkadingazetesi.com\/index.php?rest_route=%2Fwp%2Fv2%2Fcategories&post=31392"},{"taxonomy":"post_tag","embeddable":true,"href":"https:\/\/mersinkadingazetesi.com\/index.php?rest_route=%2Fwp%2Fv2%2Ftags&post=31392"}],"curies":[{"name":"wp","href":"https:\/\/api.w.org\/{rel}","templated":true}]}}