{"id":31404,"date":"2024-03-14T12:22:20","date_gmt":"2024-03-14T09:22:20","guid":{"rendered":"http:\/\/mersinkadingazetesi.com\/?p=31404"},"modified":"2024-03-14T12:22:20","modified_gmt":"2024-03-14T09:22:20","slug":"dr-ali-oz-halkin-bizden-istegi-olan-projeleri-gerceklestirecegiz","status":"publish","type":"post","link":"https:\/\/mersinkadingazetesi.com\/?p=31404","title":{"rendered":"Dr. Ali \u00d6z: &#8220;Halk\u0131n bizden iste\u011fi olan projeleri ger\u00e7ekle\u015ftirece\u011fiz&#8221;"},"content":{"rendered":"<p>Cumhur \u0130ttifak\u0131 Toroslar Belediye Ba\u015fkan Aday\u0131 Dr. Ali \u00d6z, &#8220;Hayata ge\u00e7irece\u011fimiz projelerin tamam\u0131 ihtiya\u00e7lara y\u00f6nelik projeler. Asl\u0131nda bu projeler bizim \u00fcretti\u011fimiz proje de\u011fil, Toroslar&#8217;da ya\u015fayan vatanda\u015flar\u0131m\u0131z\u0131n bizden istedi\u011fi projeler. Bu projelerin tamam\u0131n\u0131 da hayata ge\u00e7irece\u011fiz. Bu konuda dersimize iyi \u00e7al\u0131\u015ft\u0131k. Toroslar halk\u0131 bizden ne istediyse 1 Nisan itibariyle hepsini ger\u00e7ekle\u015ftirece\u011fiz&#8221; dedi.<\/p>\n<p>\u0130\u00e7el TV, Sun TV, \u0130\u00e7el FM, Mersin FM ortak yay\u0131n\u0131nda Kemal \u0130stek&#8217;in sundu\u011fu Se\u00e7im \u00d6zel program\u0131na kat\u0131lan \u00d6z, se\u00e7im \u00e7al\u0131\u015fmalar\u0131n\u0131 de\u011ferlendirdi. Usta gazeteci Kemal \u0130stek&#8217;in sorular\u0131n\u0131 yan\u0131tlayan \u00d6z, &#8220;Ali \u00d6z olarak herkes bilmeli ki yapamayaca\u011f\u0131m hi\u00e7bir \u015feyin s\u00f6z\u00fcn\u00fc vermem. Yap\u0131m gere\u011fi birilerinin yapt\u0131\u011f\u0131 projenin devam\u0131n\u0131 getirmem. Yap\u0131lmayan\u0131 yapmak benim karakterimde var. O y\u00fczden de yap\u0131lmayanlar\u0131 yapmak i\u00e7in projelerimizin tamam\u0131n\u0131 hayata ge\u00e7irece\u011fiz, kimsenin \u015f\u00fcphesi olmas\u0131n&#8221; \u015feklinde konu\u015ftu.<\/p>\n<p>&#8220;ANKARA&#8217;YI B\u0130LMEYEN BO\u015e VAATLERDE BULUNMASIN&#8221;<\/p>\n<p>Mersin&#8217;in hizmetkar\u0131 ve Toroslar&#8217;\u0131n a\u015f\u0131\u011f\u0131 oldu\u011funun alt\u0131n\u0131 \u00e7izen \u00d6z, &#8220;Ankara&#8217;y\u0131 tan\u0131madan, Ankara b\u00fcrokrasisini bilmeden yerelde siyaset yap\u0131lmaz. Ankara&#8217;y\u0131 \u00e7ok iyi bilen birisiyim. Gerekirse bakanl\u0131k kap\u0131lar\u0131nda yatar\u0131m, projeleri hayalim olan Toroslar i\u00e7in hayata ge\u00e7iririm. Belediye ba\u015fkanlar\u0131n\u0131n bir taraf\u0131nda halk, bir taraf\u0131nda da b\u00fcrokrasi aya\u011f\u0131 olmas\u0131 laz\u0131m. Bu ikisi bir arada olmazsa bu i\u015f olmaz. Kimse kusura bakmas\u0131n bo\u015f keseden vaatlerde bulunmas\u0131n. Bu ikisi bir arada olursa il\u00e7enize hizmet edebilirsiniz. Arkan\u0131zda halk ya da b\u00fcrokrasi eksik kald\u0131\u011f\u0131 takdirde s\u00f6zleriniz havada kal\u0131r. Ankara&#8217;n\u0131n t\u00fcm g\u00fcc\u00fcnden il\u00e7emiz i\u00e7in faydalanaca\u011f\u0131z&#8221; dedi.<\/p>\n<p>&#8220;VATANDA\u015e B\u0130ZDEN NE \u0130STED\u0130YSE YAPACA\u011eIZ&#8221;<\/p>\n<p>Se\u00e7ildi\u011fi takdirde hayata ge\u00e7irece\u011fi projelerin tamam\u0131n\u0131n vatanda\u015f\u0131n iste\u011fi oldu\u011funu ifade eden \u00d6z, &#8220;Hayata ge\u00e7irece\u011fimiz projelerin tamam\u0131 ihtiya\u00e7lara y\u00f6nelik projeler. Asl\u0131nda bu projeler bizim \u00fcretti\u011fimiz proje de\u011fil, Toroslar&#8217;da ya\u015fayan vatanda\u015flar\u0131m\u0131z\u0131n bizden istedi\u011fi projeler. Bu projelerin tamam\u0131n\u0131 da hayata ge\u00e7irece\u011fiz. Toroslar bizden ne istediyse 1 Nisan itibariyle hepsini yapaca\u011f\u0131z. Vatanda\u015f benden mesle\u011fim konusunda da hizmet etmemi istiyor. Doktorluk benim mesle\u011fim, belediye ba\u015fkanl\u0131\u011f\u0131m ise halk\u0131m\u0131z\u0131n bize verdi\u011fi bir g\u00f6rev olacak. Toroslar&#8217;a hizmet etmekten arda kalan zaman\u0131mda yine hastalar\u0131m\u0131n yan\u0131nda olaca\u011f\u0131m&#8221; diye konu\u015ftu.<\/p>\n<p>&#8220;DERS\u0130M\u0130ZE \u0130Y\u0130 \u00c7ALI\u015eTIK&#8221;<\/p>\n<p>&#8220;Toroslar&#8217;da hizmet ate\u015fimizi daha g\u00fc\u00e7l\u00fc bir \u015fekilde dalgaland\u0131rmam\u0131z i\u00e7in kad\u0131nlar\u0131n deste\u011fine ihtiyac\u0131m\u0131z vard\u0131 bunu da ger\u00e7ekle\u015ftirdik&#8221; diyen \u00d6z, &#8220;AK Parti ve MHP te\u015fkilatlar\u0131n\u0131n kad\u0131n kollar\u0131yla birlikte durmadan, yorulmadan \u00e7al\u0131\u015fmalar\u0131m\u0131za devam ediyoruz. Siyasi g\u00f6r\u00fc\u015f\u00fc farkl\u0131 olan kad\u0131nlardan da b\u00fcy\u00fck destek g\u00f6r\u00fcyoruz. Toroslar&#8217;da s\u0131kmad\u0131k el, \u00e7almad\u0131k kap\u0131, girmedik g\u00f6n\u00fcl b\u0131rakm\u0131yoruz. Toroslar&#8217;da \u015fimdiye kadarki en y\u00fcksek oyu alarak haz\u0131rlad\u0131\u011f\u0131m\u0131z projelerimizi hayata ge\u00e7irece\u011fiz. Dersimize iyi \u00e7al\u0131\u015ft\u0131k, kararl\u0131y\u0131z. Toroslar&#8217;\u0131 de\u011fi\u015ftirece\u011fiz, geli\u015ftirece\u011fiz, g\u00fczelle\u015ftirece\u011fiz. Kim gelirse gelsin hem sa\u011fl\u0131k hem de ba\u015fkanl\u0131\u011f\u0131m konusunda kimseyi geri \u00e7evirmeyece\u011fim&#8221; dedi.<\/p>\n<p>&#8220;\u00dcRETEN TOROSLAR KADINLARLA Y\u00dcKSELECEK&#8221;<\/p>\n<p>Toroslar&#8217;\u0131n gelece\u011fi i\u00e7in kad\u0131nlara b\u00fcy\u00fck \u00f6nem verdi\u011fini ve en b\u00fcy\u00fck deste\u011fi kad\u0131nlardan ald\u0131\u011f\u0131n\u0131 vurgulayan \u00d6z, &#8220;\u00c7al\u0131\u015fmak ve i\u015f kurmak isteyen kad\u0131nlar\u0131n meslek sahibi olabilmesi; bilgi, yetenek ve becerilerini geli\u015ftirmeleri i\u00e7in e\u011fitim ve uygulama deste\u011fi sa\u011flayaca\u011f\u0131z. Do\u011fu\u015ftan \u00fcretici bir kabiliyete sahip olan Toroslar kad\u0131n\u0131n\u0131n \u00fcretimlerinin daha g\u00f6r\u00fcn\u00fcr hale getirilmesi \u00f6nceli\u011fimiz olacak. Kad\u0131nlar\u0131n \u00fcretti\u011fi \u00fcr\u00fcnlerin &#8216;Kad\u0131n Akademisi&#8217; arac\u0131l\u0131\u011f\u0131yla parasal de\u011fere \u00e7evrilmesiyle birlikte Toroslar ekonomisine de b\u00fcy\u00fck bir de\u011fer katacak. &#8216;Kad\u0131n Akademisi&#8217; ile \u00fcreten Toroslar, kad\u0131nlarla y\u00fckselecek&#8221; \u015feklinde konu\u015ftu.<\/p>\n<p>&#8220;TOROSLAR&#8217;A \u00dcN\u0130VERS\u0130TE VE YURT YAPACA\u011eIZ&#8221;<\/p>\n<p>Hayalinin de\u011fi\u015fen ve geli\u015fen bir Toroslar oldu\u011funu ifade eden \u00d6z, &#8220;Mersin \u00dcniversitesi ile ortak hareket ederek Toroslar&#8217;a \u00fcniversitenin y\u00fcksekokulunu yurduyla beraber yapma projemiz vatanda\u015flar taraf\u0131ndan b\u00fcy\u00fck ilgi g\u00f6rd\u00fc. Hatta proje lansman toplant\u0131m\u0131zda bu projemizi a\u00e7\u0131klarken salonda b\u00fcy\u00fck bir alk\u0131\u015f furyas\u0131 oldu. Toroslar halk\u0131 il\u00e7eye bir \u00fcniversite bekliyor. Vatanda\u015f bizden ne istiyorsa yapaca\u011f\u0131z. Bir \u00fcniversitenin b\u00f6lgenin k\u00fclt\u00fcrel yap\u0131s\u0131na, ekonomik yap\u0131s\u0131na, sosyolojik yap\u0131s\u0131na, sanatsal yap\u0131s\u0131na \u00e7ok ciddi katk\u0131s\u0131 olacakt\u0131r.  \u00d6ncelikli projelerimizden birisi Toroslar&#8217;a \u00fcniversite ve yurt yapmak olacak&#8221;  dedi.<\/p>\n<p>&#8220;T\u0130CARET\u0130N KALB\u0130 TOROSLAR&#8217;DA ATACAK&#8221;<\/p>\n<p>Se\u00e7ildikten sonraki ilk i\u015finin Toroslar&#8217;\u0131 cazibe merkezi haline getirmek olaca\u011f\u0131n\u0131n alt\u0131n\u0131 \u00e7izen \u00d6z, &#8220;\u0130l\u00e7emizde ticaret ve ekonomi a\u00e7\u0131s\u0131ndan baz\u0131 eksikliklerimiz olmu\u015ftur. \u0130l\u00e7emizin geli\u015fmesi ve istihdam\u0131 art\u0131rmak i\u00e7in \u00e7e\u015fitli sekt\u00f6rleri kapsayan b\u00fcy\u00fck bir ticaret merkezine ihtiya\u00e7 duyulmaktad\u0131r. Se\u00e7ildikten sonra hayata ge\u00e7irece\u011fimiz projelerle birlikte, ticaret sekt\u00f6rlerinin i\u015fyerlerinin olaca\u011f\u0131 ve b\u00fcnyesinde 150 i\u015fyeri bar\u0131nd\u0131racak olan Toroslar Ticaret Merkezi&#8217;nin kurulmas\u0131n\u0131 sa\u011flayaca\u011f\u0131z. Bu sayede de Toroslar&#8217;\u0131 ticaret merkezi haline getirece\u011fiz. Ticaretin kalbini Toroslar&#8217;da att\u0131raca\u011f\u0131z. Toroslar&#8217;\u0131n ad\u0131n\u0131 d\u00fcnyaya duyuraca\u011f\u0131z&#8221; ifadelerini kulland\u0131.<\/p>\n<p>&#8220;TOROSLAR&#8217;A YEN\u0130 BELED\u0130YE H\u0130ZMET B\u0130NASI KAZANDIRACA\u011eIZ&#8221;<\/p>\n<p>Mevcut belediye binas\u0131n\u0131n da de\u011fi\u015fmesi gerekti\u011fini aktaran \u00d6z, &#8220;\u0130l\u00e7emizin ihtiya\u00e7lar\u0131na uygun ve vatanda\u015f\u0131m\u0131za en kaliteli hizmet sa\u011flayabilece\u011fimiz \u00e7evre dostu yeni belediye hizmet binam\u0131z\u0131 Toroslar&#8217;a kazand\u0131raca\u011f\u0131z. Yeni hizmet binam\u0131zda \u015feffaf, etkili bir y\u00f6netim anlay\u0131\u015f\u0131 ve gelen insanlar\u0131n g\u00fcler y\u00fczle kar\u015f\u0131land\u0131\u011f\u0131, vatanda\u015flar\u0131n sorunlar\u0131n\u0131 birlikte \u00e7\u00f6zmek ad\u0131na \u00e7\u00f6z\u00fcm masas\u0131 projemizi hayata ge\u00e7irece\u011fiz. Ayr\u0131ca dijital d\u00fcnyan\u0131n t\u00fcm kolayl\u0131klar\u0131n\u0131 kullanaca\u011f\u0131m\u0131z e-belediyecilik hizmetleri ile vatanda\u015flar\u0131m\u0131z\u0131n zaman\u0131n\u0131z kendilerine kalacak. Belediye hizmet binam\u0131z\u0131 da en k\u0131sa s\u00fcrede ger\u00e7ekle\u015ftirmek istiyoruz&#8221; ifadelerini kulland\u0131.<\/p>\n","protected":false},"excerpt":{"rendered":"<p>Cumhur \u0130ttifak\u0131 Toroslar Belediye Ba\u015fkan Aday\u0131 Dr. Ali \u00d6z, &#8220;Hayata ge\u00e7irece\u011fimiz projelerin tamam\u0131 ihtiya\u00e7lara y\u00f6nelik projeler. Asl\u0131nda bu projeler bizim \u00fcretti\u011fimiz proje de\u011fil, Toroslar&#8217;da ya\u015fayan vatanda\u015flar\u0131m\u0131z\u0131n bizden istedi\u011fi projeler. Bu projelerin tamam\u0131n\u0131 da hayata ge\u00e7irece\u011fiz. Bu konuda dersimize iyi \u00e7al\u0131\u015ft\u0131k. Toroslar halk\u0131 bizden ne istediyse 1 Nisan itibariyle hepsini ger\u00e7ekle\u015ftirece\u011fiz&#8221; dedi. \u0130\u00e7el TV, Sun TV, [&hellip;]<\/p>\n","protected":false},"author":2,"featured_media":31405,"comment_status":"open","ping_status":"open","sticky":false,"template":"","format":"standard","meta":{"footnotes":""},"categories":[3,6],"tags":[],"class_list":["post-31404","post","type-post","status-publish","format-standard","has-post-thumbnail","hentry","category-manset","category-siyaset-2"],"views":6,"_links":{"self":[{"href":"https:\/\/mersinkadingazetesi.com\/index.php?rest_route=\/wp\/v2\/posts\/31404"}],"collection":[{"href":"https:\/\/mersinkadingazetesi.com\/index.php?rest_route=\/wp\/v2\/posts"}],"about":[{"href":"https:\/\/mersinkadingazetesi.com\/index.php?rest_route=\/wp\/v2\/types\/post"}],"author":[{"embeddable":true,"href":"https:\/\/mersinkadingazetesi.com\/index.php?rest_route=\/wp\/v2\/users\/2"}],"replies":[{"embeddable":true,"href":"https:\/\/mersinkadingazetesi.com\/index.php?rest_route=%2Fwp%2Fv2%2Fcomments&post=31404"}],"version-history":[{"count":0,"href":"https:\/\/mersinkadingazetesi.com\/index.php?rest_route=\/wp\/v2\/posts\/31404\/revisions"}],"wp:featuredmedia":[{"embeddable":true,"href":"https:\/\/mersinkadingazetesi.com\/index.php?rest_route=\/wp\/v2\/media\/31405"}],"wp:attachment":[{"href":"https:\/\/mersinkadingazetesi.com\/index.php?rest_route=%2Fwp%2Fv2%2Fmedia&parent=31404"}],"wp:term":[{"taxonomy":"category","embeddable":true,"href":"https:\/\/mersinkadingazetesi.com\/index.php?rest_route=%2Fwp%2Fv2%2Fcategories&post=31404"},{"taxonomy":"post_tag","embeddable":true,"href":"https:\/\/mersinkadingazetesi.com\/index.php?rest_route=%2Fwp%2Fv2%2Ftags&post=31404"}],"curies":[{"name":"wp","href":"https:\/\/api.w.org\/{rel}","templated":true}]}}