{"id":31407,"date":"2024-03-14T12:23:16","date_gmt":"2024-03-14T09:23:16","guid":{"rendered":"http:\/\/mersinkadingazetesi.com\/?p=31407"},"modified":"2024-03-14T12:23:16","modified_gmt":"2024-03-14T09:23:16","slug":"huzurlu-konforlu-yasanabilir-bir-mezitli-icin","status":"publish","type":"post","link":"https:\/\/mersinkadingazetesi.com\/?p=31407","title":{"rendered":"HUZURLU, KONFORLU, YA\u015eANAB\u0130L\u0130R B\u0130R MEZ\u0130TL\u0130 \u0130\u00c7\u0130N"},"content":{"rendered":"<p>Cumhuriyet Halk Partisi Mezitli Belediye Ba\u015fkan Aday\u0131 Ahmet Serkan Tuncer, diren\u00e7li ve g\u00fcvenli, huzurlu ve konforlu, adil ve ya\u015fanabilir bir Mezitli i\u00e7in \u00e7al\u0131\u015ft\u0131klar\u0131n\u0131 belirterek, &#8220;Mezitli&#8217;nin kendine has \u00f6zelli\u011fi, f\u0131rsat ve imkanlar\u0131n\u0131 esas alan belediyecilik yapaca\u011f\u0131z&#8221; ifadelerini kulland\u0131.<\/p>\n<p>Cumhuriyet Halk Partisi Mezitli Belediye Ba\u015fkan Aday\u0131 Ahmet Serkan Tuncer, Mezitli Siteler Dayan\u0131\u015fma Derne\u011fi&#8217;ni ziyaret etti. Sorunlar\u0131 ve talepleri dinleyen Tuncer, diren\u00e7li ve g\u00fcvenli, huzurlu ve konforlu, adil ve ya\u015fanabilir bir Mezitli i\u00e7in hayata ge\u00e7irmeyi planlad\u0131klar\u0131 projeleri anlatt\u0131. Tuncer, \u00e7al\u0131\u015fmalar\u0131 insana, do\u011faya, tarihe ve k\u00fclt\u00fcre sayg\u0131 \u00e7er\u00e7evesinde y\u00fcr\u00fcteceklerini s\u00f6yledi.<\/p>\n<p>DEPREME D\u0130REN\u00c7L\u0130 KENT MEZ\u0130TL\u0130<\/p>\n<p>Mezitli&#8217;yi depreme ve her t\u00fcrl\u00fc afete kar\u015f\u0131 dayan\u0131kl\u0131, diren\u00e7li ve g\u00fcvenli k\u0131lmay\u0131 ama\u00e7lad\u0131klar\u0131n\u0131 ifade eden Tuncer, &#8220;Mezitli&#8217;nin kendine has \u00f6zelli\u011fi, f\u0131rsat ve imkanlar\u0131n\u0131 esas alan belediyecilik yapaca\u011f\u0131z. Mezitli&#8217;mizi depreme kar\u015f\u0131 diren\u00e7li bir kent haline getirece\u011fiz. Belediye Kanununun vermi\u015f oldu\u011fu yetki ile arsa ve konut \u00fcretimi noktas\u0131nda ihtiya\u00e7 sahibi vatanda\u015flar\u0131n bar\u0131nma sorununu, d\u00fczenli ve diren\u00e7li kentle\u015fme ile \u00e7\u00f6z\u00fcme kavu\u015fturaca\u011f\u0131z&#8221; dedi.<\/p>\n<p>K\u0130ML\u0130KL\u0130 MEZ\u0130TL\u0130&#8217;Y\u0130 \u0130MAR EDECE\u011e\u0130Z<br \/>\nMezitli&#8217;nin tarihine, k\u00fclt\u00fcr\u00fcne, dokusuna, ruhuna ve miras\u0131na sahip \u00e7\u0131kacaklar\u0131n\u0131 anlatan Tuncer, \u015f\u00f6yle devam etti: &#8220;Kimlikli semtler, kimlikli Mezitli&#8217;yi imar edece\u011fiz. Var olan\u0131 koruyacak, tahrip olan\u0131 ihya edecek, kaybolan\u0131 bulup ortaya \u00e7\u0131karaca\u011f\u0131z. Belediyemizin kaynaklar\u0131n\u0131 Mezitli&#8217;de ya\u015fayan vatanda\u015flar\u0131n kullan\u0131m\u0131na sunaca\u011f\u0131z. Yeni Mezitli \u0130dari ve Ticari Merkezi&#8217;nin yak\u0131n \u00e7evresinde \u015fekillendirece\u011fimiz, ilimizin de cazibe merkezlerinden biri haline gelecek olan Mezitli (100. Y\u0131l) Kent Meydan\u0131m\u0131z, 36 bin metre kare alan\u0131yla Mersin&#8217;in en geni\u015f kent meydan\u0131 olacak. Birlikte kazan\u0131p, birlikte y\u00f6netece\u011fiz.&#8221;<\/p>\n","protected":false},"excerpt":{"rendered":"<p>Cumhuriyet Halk Partisi Mezitli Belediye Ba\u015fkan Aday\u0131 Ahmet Serkan Tuncer, diren\u00e7li ve g\u00fcvenli, huzurlu ve konforlu, adil ve ya\u015fanabilir bir Mezitli i\u00e7in \u00e7al\u0131\u015ft\u0131klar\u0131n\u0131 belirterek, &#8220;Mezitli&#8217;nin kendine has \u00f6zelli\u011fi, f\u0131rsat ve imkanlar\u0131n\u0131 esas alan belediyecilik yapaca\u011f\u0131z&#8221; ifadelerini kulland\u0131. Cumhuriyet Halk Partisi Mezitli Belediye Ba\u015fkan Aday\u0131 Ahmet Serkan Tuncer, Mezitli Siteler Dayan\u0131\u015fma Derne\u011fi&#8217;ni ziyaret etti. Sorunlar\u0131 ve [&hellip;]<\/p>\n","protected":false},"author":2,"featured_media":31408,"comment_status":"open","ping_status":"open","sticky":false,"template":"","format":"standard","meta":{"footnotes":""},"categories":[3,6],"tags":[],"class_list":["post-31407","post","type-post","status-publish","format-standard","has-post-thumbnail","hentry","category-manset","category-siyaset-2"],"views":2,"_links":{"self":[{"href":"https:\/\/mersinkadingazetesi.com\/index.php?rest_route=\/wp\/v2\/posts\/31407"}],"collection":[{"href":"https:\/\/mersinkadingazetesi.com\/index.php?rest_route=\/wp\/v2\/posts"}],"about":[{"href":"https:\/\/mersinkadingazetesi.com\/index.php?rest_route=\/wp\/v2\/types\/post"}],"author":[{"embeddable":true,"href":"https:\/\/mersinkadingazetesi.com\/index.php?rest_route=\/wp\/v2\/users\/2"}],"replies":[{"embeddable":true,"href":"https:\/\/mersinkadingazetesi.com\/index.php?rest_route=%2Fwp%2Fv2%2Fcomments&post=31407"}],"version-history":[{"count":0,"href":"https:\/\/mersinkadingazetesi.com\/index.php?rest_route=\/wp\/v2\/posts\/31407\/revisions"}],"wp:featuredmedia":[{"embeddable":true,"href":"https:\/\/mersinkadingazetesi.com\/index.php?rest_route=\/wp\/v2\/media\/31408"}],"wp:attachment":[{"href":"https:\/\/mersinkadingazetesi.com\/index.php?rest_route=%2Fwp%2Fv2%2Fmedia&parent=31407"}],"wp:term":[{"taxonomy":"category","embeddable":true,"href":"https:\/\/mersinkadingazetesi.com\/index.php?rest_route=%2Fwp%2Fv2%2Fcategories&post=31407"},{"taxonomy":"post_tag","embeddable":true,"href":"https:\/\/mersinkadingazetesi.com\/index.php?rest_route=%2Fwp%2Fv2%2Ftags&post=31407"}],"curies":[{"name":"wp","href":"https:\/\/api.w.org\/{rel}","templated":true}]}}