{"id":31413,"date":"2024-03-14T12:30:18","date_gmt":"2024-03-14T09:30:18","guid":{"rendered":"http:\/\/mersinkadingazetesi.com\/?p=31413"},"modified":"2024-03-14T12:30:18","modified_gmt":"2024-03-14T09:30:18","slug":"ekmekciden-mezitliyi-donusturecek-projeler","status":"publish","type":"post","link":"https:\/\/mersinkadingazetesi.com\/?p=31413","title":{"rendered":"Ekmekci\u2019den Mezitli\u2019yi d\u00f6n\u00fc\u015ft\u00fcrecek projeler"},"content":{"rendered":"<p>Cumhur ittifak\u0131 Mezitli Belediye Ba\u015fkan Aday\u0131 Mevl\u00fct Ekmekci, Mezitli\u2019ye bir \u015fans ad\u0131n\u0131 verdi\u011fi projeleri kamuoyu ile payla\u015ft\u0131. Mezitli\u2019yi d\u00f6n\u00fc\u015ft\u00fcrecek, hak etti\u011fi hizmeti alaca\u011f\u0131 vaadiyle haz\u0131rlanan ve i\u00e7esinde spordan, sanata, kentsel d\u00f6n\u00fc\u015f\u00fcmden sahil d\u00fczenlemesine kadar \u00e7ok say\u0131da hizmetin yer ald\u0131\u011f\u0131 projeler kat\u0131l\u0131mc\u0131lardan tam not ald\u0131.<\/p>\n<p>&#8212;&#8212;&#8212;&#8212;&#8212;&#8212;&#8212;&#8212;<\/p>\n<p>Cumhur \u0130ttifak\u0131 Mezitli Belediye Ba\u015fkan Aday\u0131 Mevl\u00fct Ekmekci, ger\u00e7ekle\u015ftirdi\u011fi tan\u0131t\u0131m toplant\u0131s\u0131 ile 2024-2029 y\u0131llar\u0131 aras\u0131nda hayata ge\u00e7irmeyi planlad\u0131\u011f\u0131 projeleri kamuoyu ile payla\u015ft\u0131. Mezitlililerin yo\u011fun ilgi g\u00f6sterdi\u011fi tan\u0131t\u0131m toplant\u0131s\u0131na ge\u00e7mi\u015f d\u00f6nem Ekonomi Bakanl\u0131\u011f\u0131 da yapan Mersin Milletvekili Nurettin Nebati, Cumhur \u0130ttifak\u0131 Mersin B\u00fcy\u00fck\u015fehir Belediye Ba\u015fkan Aday\u0131 Serdar Soydan, Mersin Milletvekilleri Ali K\u0131ratl\u0131, Havva Sibel S\u00f6ylemez, Levent Uysal Cumhur \u0130ttifak\u0131na mensup il ve il\u00e7e ba\u015fkanlar\u0131 ve \u00e7ok say\u0131da vatanda\u015f kat\u0131ld\u0131. Tan\u0131t\u0131m toplant\u0131s\u0131 ve Ramazan iftar\u0131n\u0131n birlikte yap\u0131ld\u0131\u011f\u0131 bulu\u015fmada Ekmekci, dar gelirli vatanda\u015flar i\u00e7in depreme dayan\u0131kl\u0131 konut \u00fcretimi, afet toplanma merkezleri, Mezitli Deresi Peyzaj Projesi, Sahil band\u0131 ve nostaljik tramvay projesi, Marina, Mezitli Plajlar\u0131n\u0131 d\u00fczenleme ve canland\u0131rma projesi, Kent Meydan\u0131 ve festival alanlar\u0131, Yeni Mezitli Sanayi Sitesi, Al\u0131\u015fveri\u015f Merkezi, G\u00fcne\u015f enerjisi Santrali, Atat\u00fcrk korusu ve M\u00fczesi, Y\u00f6r\u00fck k\u00fclt\u00fcr\u00fc Tan\u0131t\u0131m Merkezi, Belediye Konuk Evi gibi projelerini anlatarak kat\u0131l\u0131mc\u0131lardan tam not eldi.  <\/p>\n<p>\u201cMERS\u0130N S\u0130M\u0130M\u0130YET\u0130M\u0130ZE G\u00dcVEN\u0130YOR\u201d<br \/>\nCumhur \u0130ttifak\u0131 Mersin B\u00fcy\u00fck\u015fehir Belediye Ba\u015fkan Aday\u0131 Serdar Soydan, aylard\u0131r sahada g\u00f6sterilen ilgiyi ve Mezitli Tan\u0131t\u0131m Toplant\u0131s\u0131ndaki co\u015fkuyu g\u00f6rd\u00fckten sonra bu se\u00e7imi kazand\u0131klar\u0131na daha \u00e7ok inand\u0131klar\u0131n\u0131 s\u00f6yledi. \u201cBu i\u015f tamam\u201d diyerek s\u00f6zlerine ba\u015flayan Serdar Soydan, \u201cMersinli art\u0131k hizmet istiyor. Siyasi g\u00f6r\u00fc\u015f\u00fc ne olursa olsun, canla ba\u015fla bu kadrolar\u0131n Mersin\u2019i kucaklayaca\u011f\u0131n\u0131 iyi biliyor, samimiyetimize g\u00fcveniyor. Bu inan\u00e7 ve g\u00fcvenle 31 Mart sabah\u0131 Cumhur \u0130ttifak\u0131n\u0131n zaferle \u00e7\u0131kaca\u011f\u0131ndan eminim\u201d ifadelerini kulland\u0131.<\/p>\n<p>\u201c\u015e\u0130MD\u0130 B\u00dcY\u00dcK B\u0130R FIRSAT VAR\u201d<br \/>\nMersin Milletvekili Nurettin Nebati, Mevl\u00fct Ekmekci\u2019nin \u00e7al\u0131\u015fma heyecan\u0131n\u0131n se\u00e7imin sonucunu ilan etti\u011fini dile getirdi\u011fi konu\u015fmas\u0131nda, \u201cMersin g\u00fc\u00e7l\u00fc g\u00fczel ve hizmet edilmeyi hak eden bir \u015fehir. Bereket f\u0131\u015fk\u0131ran bir \u015fehirde bir \u00fclkenin tek ba\u015f\u0131na sahip olu\u015fa \u00f6ne \u00e7\u0131kabilece\u011fi her \u015fey mevcut. Hangi alana elinizi atarsan\u0131z at\u0131n bu \u015fehirde bereketli bir kaynak var. Bu \u015fehir Merkezi h\u00fck\u00fcmetin yapt\u0131klar\u0131n\u0131n yan\u0131nda yerel hizmeti de hak eden bir yap\u0131da. Bu hizmeti B\u00fcy\u00fck\u015fehir belediyesinden alamad\u0131k. Alg\u0131yla, sosyal faaliyetlerle \u015fehri y\u00f6netmeye kalkarsan\u0131z, merkezi h\u00fck\u00fcmetle de ileti\u015fimi eksik tutarsan\u0131z bu \u015fehir eksik y\u00f6netilir. \u015eimdi b\u00fcy\u00fck bir f\u0131rsat var. Merkezi h\u00fck\u00fcmet, il\u00e7e belediyelerine \u00e7ok b\u00fcy\u00fck hizmet vermi\u015f ama b\u00fcy\u00fck\u015fehirle ileti\u015fim kopmu\u015f. Serdar Soydan ve Mevl\u00fct Ekmekci i\u00e7in de\u011fil Mersin\u2019in kendisi i\u00e7in b\u00fcy\u00fck bir f\u0131rsat do\u011fdu ve g\u00f6rd\u00fc\u011f\u00fcm \u00e7ok iyi bir yere gidiyor. Mezitli\u2019de ma\u015fallah Mevl\u00fct Ba\u015fkan atom kar\u0131nca gibi. Ne zaman nerede \u00e7\u0131kaca\u011f\u0131 belli olmuyor. Birsini sar\u0131yor, di\u011ferini kucakl\u0131yor, di\u011ferinin omzundan tutuyor ve se\u00e7imi kazanmak i\u00e7in b\u00f6yle \u00e7aba sarf ediyorum ve se\u00e7imi kazand\u0131ktan sonra da b\u00f6yle \u00e7al\u0131\u015faca\u011f\u0131m mesaj\u0131 veriyor. \u00c7\u00fcnk\u00fc Mezitli\u2019yi almak demek Mersin\u2019i almak demek\u201d a\u00e7\u0131klamalar\u0131na yer verdi. <\/p>\n<p>\u201cMEZ\u0130TL\u0130 ARTIK H\u0130ZMET \u0130ST\u0130YOR\u201d<br \/>\nAlk\u0131\u015flarla k\u00fcrs\u00fcye gelerek Mezitli i\u00e7in hayata ge\u00e7irece\u011fi projeleri anlatan Cumhur \u0130ttifak\u0131 Mezitli Belediye Ba\u015fkan Aday\u0131 Mevl\u00fct Ekmekci, \u201cSoka\u011f\u0131nda ya\u015fad\u0131\u011f\u0131m, kazanc\u0131m\u0131 sa\u011flad\u0131\u011f\u0131m, ta\u015f\u0131n\u0131 topra\u011f\u0131n\u0131, her santimini bildi\u011fim Mezitli i\u00e7in bu kez belediye ba\u015fkan aday\u0131 olarak \u00e7al\u0131\u015fma f\u0131rsat\u0131 do\u011fdu. Art\u0131k 7\u2019den 70\u2019e Mezitli\u2019yi kucaklayan hayallerimiz var. Spordan sanata, kentsel d\u00f6n\u00fc\u015f\u00fcme kadar onlarca proje ile geliyoruz. \u00c7\u00fcnk\u00fc Mezitli\u2019nin \u00e7ok b\u00fcy\u00fck ihtiyac\u0131 var. Halk\u0131m\u0131z bunun fark\u0131nda ve de\u011fi\u015fim istiyor. Mezitli Art\u0131k hizmet istiyor. Hepsini yapacak g\u00fcc\u00fcm\u00fcz var. Haz\u0131r\u0131z, kararl\u0131y\u0131z ve kazanaca\u011f\u0131z\u201d dedi.<\/p>\n<p>\u201cMEZ\u0130TL\u0130\u2019YE KAYBOLAN YILLARINI GER\u0130 VERMEK \u0130\u00c7\u0130N GEL\u0130YORUZ\u201d<br \/>\nMezitli\u2019ye yak\u0131\u015f\u0131r bir hizmet ger\u00e7ekle\u015ftireceklerine vurgu yapan Ekmekci, \u201cBu projeler birka\u00e7 g\u00fcnde \u00e7\u0131kmad\u0131. Mezitli\u2019yi kar\u0131\u015f kar\u0131\u015f gezerek eksikleri not ald\u0131k. Kemikle\u015fmi\u015f sorunlar\u0131 \u00e7ok iyi biliyoruz. Konusunun uzmanlar\u0131 ile tek tek ele alarak, kentine do\u011fas\u0131na canl\u0131s\u0131na zarar vermeden neler yapabilir diye konu\u015ftuk. Kent dokusuna zarar vermeden, kaynaklar\u0131m\u0131z\u0131 ak\u0131ll\u0131ca kullanarak israfa izin vermeden projeleri haz\u0131rlad\u0131k. 31 Mart\u2019tan itibaren yenilik\u00e7i projeleri hep birlikte hayata ge\u00e7irece\u011fiz. Ben buna inan\u0131yorum. Mezitli\u2019yi adil, kapsay\u0131c\u0131 ve \u015feffaf hizmet anlay\u0131\u015f\u0131 ile hep birlikte y\u00f6netece\u011fiz. Mezitli\u2019ye kaybolan y\u0131llar\u0131n\u0131 geri vermek i\u00e7in geliyoruz. Kararl\u0131y\u0131z\u201d diye konu\u015ftu.<br \/>\nEkmekci s\u00f6zlerini \u015f\u00f6yle s\u00fcrd\u00fcrd\u00fc:<br \/>\n\u201cTek ihtiyac\u0131n halk\u0131n deste\u011fi oldu\u011funu onu da \u00e7al\u0131\u015fmalar\u0131 ile \u00e7ok iyi g\u00f6rd\u00fcklerini ifade eden Ekmekci, inan\u0131yorum ki sevgi kazanacak, inan\u00e7 kazanacak, Mezitli kazanacak. Hep birlikte kazanaca\u011f\u0131z. \u00c7ok b\u00fcy\u00fck bir aileyiz ve Mezitli\u2019nin kaderini de\u011fi\u015ftiren olaca\u011f\u0131z.\u201d<\/p>\n","protected":false},"excerpt":{"rendered":"<p>Cumhur ittifak\u0131 Mezitli Belediye Ba\u015fkan Aday\u0131 Mevl\u00fct Ekmekci, Mezitli\u2019ye bir \u015fans ad\u0131n\u0131 verdi\u011fi projeleri kamuoyu ile payla\u015ft\u0131. Mezitli\u2019yi d\u00f6n\u00fc\u015ft\u00fcrecek, hak etti\u011fi hizmeti alaca\u011f\u0131 vaadiyle haz\u0131rlanan ve i\u00e7esinde spordan, sanata, kentsel d\u00f6n\u00fc\u015f\u00fcmden sahil d\u00fczenlemesine kadar \u00e7ok say\u0131da hizmetin yer ald\u0131\u011f\u0131 projeler kat\u0131l\u0131mc\u0131lardan tam not ald\u0131. &#8212;&#8212;&#8212;&#8212;&#8212;&#8212;&#8212;&#8212; Cumhur \u0130ttifak\u0131 Mezitli Belediye Ba\u015fkan Aday\u0131 Mevl\u00fct Ekmekci, ger\u00e7ekle\u015ftirdi\u011fi tan\u0131t\u0131m [&hellip;]<\/p>\n","protected":false},"author":2,"featured_media":31414,"comment_status":"open","ping_status":"open","sticky":false,"template":"","format":"standard","meta":{"footnotes":""},"categories":[3,6],"tags":[],"class_list":["post-31413","post","type-post","status-publish","format-standard","has-post-thumbnail","hentry","category-manset","category-siyaset-2"],"views":2,"_links":{"self":[{"href":"https:\/\/mersinkadingazetesi.com\/index.php?rest_route=\/wp\/v2\/posts\/31413"}],"collection":[{"href":"https:\/\/mersinkadingazetesi.com\/index.php?rest_route=\/wp\/v2\/posts"}],"about":[{"href":"https:\/\/mersinkadingazetesi.com\/index.php?rest_route=\/wp\/v2\/types\/post"}],"author":[{"embeddable":true,"href":"https:\/\/mersinkadingazetesi.com\/index.php?rest_route=\/wp\/v2\/users\/2"}],"replies":[{"embeddable":true,"href":"https:\/\/mersinkadingazetesi.com\/index.php?rest_route=%2Fwp%2Fv2%2Fcomments&post=31413"}],"version-history":[{"count":0,"href":"https:\/\/mersinkadingazetesi.com\/index.php?rest_route=\/wp\/v2\/posts\/31413\/revisions"}],"wp:featuredmedia":[{"embeddable":true,"href":"https:\/\/mersinkadingazetesi.com\/index.php?rest_route=\/wp\/v2\/media\/31414"}],"wp:attachment":[{"href":"https:\/\/mersinkadingazetesi.com\/index.php?rest_route=%2Fwp%2Fv2%2Fmedia&parent=31413"}],"wp:term":[{"taxonomy":"category","embeddable":true,"href":"https:\/\/mersinkadingazetesi.com\/index.php?rest_route=%2Fwp%2Fv2%2Fcategories&post=31413"},{"taxonomy":"post_tag","embeddable":true,"href":"https:\/\/mersinkadingazetesi.com\/index.php?rest_route=%2Fwp%2Fv2%2Ftags&post=31413"}],"curies":[{"name":"wp","href":"https:\/\/api.w.org\/{rel}","templated":true}]}}