{"id":31416,"date":"2024-03-14T12:31:29","date_gmt":"2024-03-14T09:31:29","guid":{"rendered":"http:\/\/mersinkadingazetesi.com\/?p=31416"},"modified":"2024-03-14T12:31:29","modified_gmt":"2024-03-14T09:31:29","slug":"silifkede-turgut-secim-calismalarini-araliksiz-surduruyor","status":"publish","type":"post","link":"https:\/\/mersinkadingazetesi.com\/?p=31416","title":{"rendered":"S\u0130L\u0130FKE\u2019DE TURGUT SE\u00c7\u0130M \u00c7ALI\u015eMALARINI ARALIKSIZ S\u00dcRD\u00dcR\u00dcYOR"},"content":{"rendered":"<p>CHP Silifke Belediye Ba\u015fkan Aday\u0131 Operat\u00f6r Doktor Mustafa Turgut, beraberinde \u0130l\u00e7e Ba\u015fkan\u0131 Zarif Korkmaz, belediye meclisi \u00fcye adaylar\u0131 ve partililer de oldu\u011fu halde, se\u00e7im \u00e7al\u0131\u015fmalar\u0131n\u0131 gece, g\u00fcnd\u00fcz demeden aral\u0131ks\u0131z bir bi\u00e7imde s\u00fcrd\u00fcr\u00fcyor. Ziyaretler ve toplant\u0131lar \u015feklinde ge\u00e7en se\u00e7im \u00e7al\u0131\u015fmalar\u0131 s\u0131ras\u0131nda b\u00fcy\u00fck bir ilgi ve co\u015fkuyla kar\u015f\u0131lanan Turgut, vatanda\u015flar\u0131n yerel dert ve sorunlar\u0131n\u0131 sab\u0131rla dinliyor ve \u00e7\u00f6z\u00fcm i\u00e7in kay\u0131t alt\u0131na al\u0131yor. Turgut, gitti\u011fi hemen yerde, kendilerine yetki verilmesi halinde, Silifke&#8217;nin \u00e7ehresini de\u011fi\u015ftirecek \u00f6nemli projelere imza atacaklar\u0131n\u0131 ve g\u00f6rev s\u00fcreleri boyunca adaletli bir y\u00f6netim anlay\u0131\u015f\u0131 g\u00f6sterip, Silifke Halk\u0131&#8217;na a\u015fkla hizmet edeceklerini dile getiriyor.<\/p>\n","protected":false},"excerpt":{"rendered":"<p>CHP Silifke Belediye Ba\u015fkan Aday\u0131 Operat\u00f6r Doktor Mustafa Turgut, beraberinde \u0130l\u00e7e Ba\u015fkan\u0131 Zarif Korkmaz, belediye meclisi \u00fcye adaylar\u0131 ve partililer de oldu\u011fu halde, se\u00e7im \u00e7al\u0131\u015fmalar\u0131n\u0131 gece, g\u00fcnd\u00fcz demeden aral\u0131ks\u0131z bir bi\u00e7imde s\u00fcrd\u00fcr\u00fcyor. Ziyaretler ve toplant\u0131lar \u015feklinde ge\u00e7en se\u00e7im \u00e7al\u0131\u015fmalar\u0131 s\u0131ras\u0131nda b\u00fcy\u00fck bir ilgi ve co\u015fkuyla kar\u015f\u0131lanan Turgut, vatanda\u015flar\u0131n yerel dert ve sorunlar\u0131n\u0131 sab\u0131rla dinliyor ve [&hellip;]<\/p>\n","protected":false},"author":2,"featured_media":31417,"comment_status":"open","ping_status":"open","sticky":false,"template":"","format":"standard","meta":{"footnotes":""},"categories":[3,6],"tags":[],"class_list":["post-31416","post","type-post","status-publish","format-standard","has-post-thumbnail","hentry","category-manset","category-siyaset-2"],"views":1,"_links":{"self":[{"href":"https:\/\/mersinkadingazetesi.com\/index.php?rest_route=\/wp\/v2\/posts\/31416"}],"collection":[{"href":"https:\/\/mersinkadingazetesi.com\/index.php?rest_route=\/wp\/v2\/posts"}],"about":[{"href":"https:\/\/mersinkadingazetesi.com\/index.php?rest_route=\/wp\/v2\/types\/post"}],"author":[{"embeddable":true,"href":"https:\/\/mersinkadingazetesi.com\/index.php?rest_route=\/wp\/v2\/users\/2"}],"replies":[{"embeddable":true,"href":"https:\/\/mersinkadingazetesi.com\/index.php?rest_route=%2Fwp%2Fv2%2Fcomments&post=31416"}],"version-history":[{"count":0,"href":"https:\/\/mersinkadingazetesi.com\/index.php?rest_route=\/wp\/v2\/posts\/31416\/revisions"}],"wp:featuredmedia":[{"embeddable":true,"href":"https:\/\/mersinkadingazetesi.com\/index.php?rest_route=\/wp\/v2\/media\/31417"}],"wp:attachment":[{"href":"https:\/\/mersinkadingazetesi.com\/index.php?rest_route=%2Fwp%2Fv2%2Fmedia&parent=31416"}],"wp:term":[{"taxonomy":"category","embeddable":true,"href":"https:\/\/mersinkadingazetesi.com\/index.php?rest_route=%2Fwp%2Fv2%2Fcategories&post=31416"},{"taxonomy":"post_tag","embeddable":true,"href":"https:\/\/mersinkadingazetesi.com\/index.php?rest_route=%2Fwp%2Fv2%2Ftags&post=31416"}],"curies":[{"name":"wp","href":"https:\/\/api.w.org\/{rel}","templated":true}]}}