{"id":31423,"date":"2024-03-15T12:30:23","date_gmt":"2024-03-15T09:30:23","guid":{"rendered":"http:\/\/mersinkadingazetesi.com\/?p=31423"},"modified":"2024-03-15T12:30:23","modified_gmt":"2024-03-15T09:30:23","slug":"marmaranin-alternatifi-mersindir","status":"publish","type":"post","link":"https:\/\/mersinkadingazetesi.com\/?p=31423","title":{"rendered":"&#8220;MARMARA&#8217;NIN ALTERNAT\u0130F\u0130 MERS\u0130N&#8217;D\u0130R&#8221;"},"content":{"rendered":"<p>Cumhur \u0130ttifak\u0131 Mersin B\u00fcy\u00fck\u015fehir Belediye Ba\u015fkan Aday\u0131 Serdar Soydan, &#8220;\u0130\u015f d\u00fcnyas\u0131 ile yapt\u0131\u011f\u0131m\u0131z g\u00f6r\u00fc\u015fmelerde bize olan ilgileri ve destekleri sevindirici, ancak bizden de talepleri var. Biz onlara \u00f6nce destek, sonra da yat\u0131r\u0131m ve istihdam konusunda yard\u0131mc\u0131 olaca\u011f\u0131z. Mersin, i\u015f d\u00fcnyas\u0131 ile b\u00fcy\u00fcr, b\u00fcy\u00fck projelerde Cumhur \u0130ttifak\u0131 ile hayata ge\u00e7er. Mersin&#8217;i \u00fcretim \u00fcss\u00fc yapma yolunda ortak ak\u0131l ve isti\u015fare i\u00e7inde olaca\u011f\u0131z. Hedefimiz Mersin&#8217;e yeni yat\u0131r\u0131mc\u0131 \u00e7ekmek ve mevcut yat\u0131r\u0131mc\u0131ya da destek olmakt\u0131r.&#8221; Dedi. <\/p>\n<p>&#8220;MARMARA&#8217;NIN ALTERNAT\u0130F\u0130 MERS\u0130N&#8217;D\u0130R&#8221;<\/p>\n<p>Se\u00e7im \u00e7al\u0131\u015fmalar\u0131n\u0131 Mersin&#8217;e istihdam sa\u011flayan firma ziyaretleri ile s\u00fcrd\u00fcren Serdar Soydan, \u00f6zellikle i\u015f d\u00fcnyas\u0131ndan gelen talepleri \u00f6nemsediklerini, Marmara&#8217;n\u0131n alternatifi olarak Mersin&#8217;i g\u00f6rd\u00fcklerini kaydetti. <\/p>\n<p>&#8220;\u0130\u015e D\u00dcNYAMIZ \u0130LE ORTAK AKIL VE \u0130ST\u0130\u015eARE \u0130\u00c7\u0130NDE OLACA\u011eIZ&#8221;<\/p>\n<p>&#8220;Mersin&#8217;de b\u00fcy\u00fck potansiyel var; bunu biz ortaya \u00e7\u0131karaca\u011f\u0131z.&#8221; Diyen Serdar Soydan \u015funlar\u0131 kaydetti: &#8220;Mersin&#8217;in tar\u0131m, turizm, lojistik gibi \u00f6nemli art\u0131lar var ama yeterli de\u011fil. Bizim Belediye olarak Mersin&#8217;e yat\u0131r\u0131mc\u0131lar\u0131 \u00e7ekmemiz laz\u0131m. Ancak daha da \u00f6nemlisi burada yat\u0131r\u0131m yapm\u0131\u015f olan i\u015f insanlar\u0131n\u0131 da unutmamal\u0131y\u0131z. Onlar\u0131nda sorunlar\u0131na e\u011filmeliyiz. \u00c7\u00fcnk\u00fc Mersin&#8217;de kalk\u0131nmaya destek olmak istiyorsak bunu mutlaka yapmal\u0131y\u0131z. \u0130\u015f d\u00fcnyam\u0131za, kente sunduklar\u0131 katk\u0131lardan dolay\u0131 te\u015fekk\u00fcr ederiz. Mersin&#8217;i \u00fcretim \u00fcss\u00fc yapma yolunda ortak ak\u0131l ve isti\u015fare i\u00e7inde olaca\u011f\u0131z&#8221;<\/p>\n","protected":false},"excerpt":{"rendered":"<p>Cumhur \u0130ttifak\u0131 Mersin B\u00fcy\u00fck\u015fehir Belediye Ba\u015fkan Aday\u0131 Serdar Soydan, &#8220;\u0130\u015f d\u00fcnyas\u0131 ile yapt\u0131\u011f\u0131m\u0131z g\u00f6r\u00fc\u015fmelerde bize olan ilgileri ve destekleri sevindirici, ancak bizden de talepleri var. Biz onlara \u00f6nce destek, sonra da yat\u0131r\u0131m ve istihdam konusunda yard\u0131mc\u0131 olaca\u011f\u0131z. Mersin, i\u015f d\u00fcnyas\u0131 ile b\u00fcy\u00fcr, b\u00fcy\u00fck projelerde Cumhur \u0130ttifak\u0131 ile hayata ge\u00e7er. Mersin&#8217;i \u00fcretim \u00fcss\u00fc yapma yolunda ortak [&hellip;]<\/p>\n","protected":false},"author":2,"featured_media":31424,"comment_status":"open","ping_status":"open","sticky":false,"template":"","format":"standard","meta":{"footnotes":""},"categories":[3,6],"tags":[],"class_list":["post-31423","post","type-post","status-publish","format-standard","has-post-thumbnail","hentry","category-manset","category-siyaset-2"],"views":2,"_links":{"self":[{"href":"https:\/\/mersinkadingazetesi.com\/index.php?rest_route=\/wp\/v2\/posts\/31423"}],"collection":[{"href":"https:\/\/mersinkadingazetesi.com\/index.php?rest_route=\/wp\/v2\/posts"}],"about":[{"href":"https:\/\/mersinkadingazetesi.com\/index.php?rest_route=\/wp\/v2\/types\/post"}],"author":[{"embeddable":true,"href":"https:\/\/mersinkadingazetesi.com\/index.php?rest_route=\/wp\/v2\/users\/2"}],"replies":[{"embeddable":true,"href":"https:\/\/mersinkadingazetesi.com\/index.php?rest_route=%2Fwp%2Fv2%2Fcomments&post=31423"}],"version-history":[{"count":0,"href":"https:\/\/mersinkadingazetesi.com\/index.php?rest_route=\/wp\/v2\/posts\/31423\/revisions"}],"wp:featuredmedia":[{"embeddable":true,"href":"https:\/\/mersinkadingazetesi.com\/index.php?rest_route=\/wp\/v2\/media\/31424"}],"wp:attachment":[{"href":"https:\/\/mersinkadingazetesi.com\/index.php?rest_route=%2Fwp%2Fv2%2Fmedia&parent=31423"}],"wp:term":[{"taxonomy":"category","embeddable":true,"href":"https:\/\/mersinkadingazetesi.com\/index.php?rest_route=%2Fwp%2Fv2%2Fcategories&post=31423"},{"taxonomy":"post_tag","embeddable":true,"href":"https:\/\/mersinkadingazetesi.com\/index.php?rest_route=%2Fwp%2Fv2%2Ftags&post=31423"}],"curies":[{"name":"wp","href":"https:\/\/api.w.org\/{rel}","templated":true}]}}