{"id":31426,"date":"2024-03-15T12:31:11","date_gmt":"2024-03-15T09:31:11","guid":{"rendered":"http:\/\/mersinkadingazetesi.com\/?p=31426"},"modified":"2024-03-15T12:31:11","modified_gmt":"2024-03-15T09:31:11","slug":"mutfaklara-as-yaslisina-yoldas-olacagiz","status":"publish","type":"post","link":"https:\/\/mersinkadingazetesi.com\/?p=31426","title":{"rendered":"MUTFAKLARA A\u015e, YA\u015eLISINA YOLDA\u015e OLACA\u011eIZ"},"content":{"rendered":"<p>Cumhuriyet Halk Partisi Mezitli Belediye Ba\u015fkan Aday\u0131 Ahmet Serkan Tuncer, hizmetleri Mezitli&#8217;nin \u00e7ok k\u00fclt\u00fcrl\u00fc yap\u0131s\u0131n\u0131 esas alarak s\u00fcrd\u00fcreceklerini belirterek, &#8220;Vatanda\u015flar\u0131m\u0131z\u0131n mutfaklar\u0131na a\u015f, \u00f6\u011frencisine, engellisine ve ya\u015fl\u0131s\u0131na yolda\u015f olacak sosyal belediyecilik anlay\u0131\u015f\u0131 ile g\u00fcl\u00fcmseyen Mezitli&#8217;yi olu\u015fturaca\u011f\u0131z&#8221; dedi.<\/p>\n<p>Cumhuriyet Halk Partisi Mezitli Belediye Ba\u015fkan Aday\u0131 Ahmet Serkan Tuncer, \u0130l\u00e7e Ba\u015fkan\u0131 Ula\u015f Y\u0131lmaz ile birlikte Mezitli Belediyesi &#8216;K\u00fclt\u00fcrhane Kitap Kafe&#8217;yi ziyaret etti.<br \/>\n1 Nisan&#8217;dan sonra Mezitli&#8217;de eri\u015filebilir k\u00fclt\u00fcrel alanlar yaratacaklar\u0131n\u0131 ifade eden Tuncer, &#8220;1 Nisan&#8217;dan sonra Mezitli&#8217;de kamusal alan yaratmak ve Mezitli&#8217;nin k\u00fclt\u00fcr g\u00fcndemini artt\u0131rmak i\u00e7in \u00e7al\u0131\u015fmalar yapacak, el birli\u011fiyle kentimizde eri\u015filebilir k\u00fclt\u00fcrel alanlar yarataca\u011f\u0131z&#8221; dedi.<\/p>\n<p>YEN\u0130 NES\u0130L K\u00dcT\u00dcPHANE<\/p>\n<p>K\u00fclt\u00fcr-sanat faaliyetlerinde \u00e7e\u015fitlilik sa\u011flayacaklar\u0131n\u0131 anlatan Tuncer, \u015f\u00f6yle devam etti: &#8220;\u0130l\u00e7emizin 230 bini a\u015fan n\u00fcfusu, 50 bine yak\u0131n \u00f6\u011frenci say\u0131s\u0131 dikkate al\u0131nd\u0131\u011f\u0131nda 365 g\u00fcn 24 saat kullan\u0131ma a\u00e7\u0131k olacak yeni nesil k\u00fct\u00fcphane ve okuma salonuna ihtiya\u00e7 duyulmaktad\u0131r. Kentin sosyal ve k\u00fclt\u00fcrel gereksinimlerini tespit ederek il\u00e7emize i\u00e7eri\u011fi zengin sanatsal sergileri, etkinlikleri, kurslar\u0131 ve at\u00f6lyeleri bar\u0131nd\u0131racak &#8216;Mezitli Sanat Akademisini&#8217; kazand\u0131raca\u011f\u0131z. Halk\u0131m\u0131z\u0131n dar gelirli ve yoksul kesiminin, her ge\u00e7en g\u00fcn a\u011f\u0131rla\u015fan ya\u015fam ko\u015fullar\u0131n\u0131 iyile\u015ftirmek, mutfaklar\u0131na a\u015f, \u00f6\u011frencisine, engellisine ve ya\u015fl\u0131s\u0131na yolda\u015f olacak sosyal belediyecilik anlay\u0131\u015f\u0131 ile &#8216;G\u00fcl\u00fcmseyen Mezitli&#8217;yi olu\u015fturaca\u011f\u0131z.&#8221;<\/p>\n","protected":false},"excerpt":{"rendered":"<p>Cumhuriyet Halk Partisi Mezitli Belediye Ba\u015fkan Aday\u0131 Ahmet Serkan Tuncer, hizmetleri Mezitli&#8217;nin \u00e7ok k\u00fclt\u00fcrl\u00fc yap\u0131s\u0131n\u0131 esas alarak s\u00fcrd\u00fcreceklerini belirterek, &#8220;Vatanda\u015flar\u0131m\u0131z\u0131n mutfaklar\u0131na a\u015f, \u00f6\u011frencisine, engellisine ve ya\u015fl\u0131s\u0131na yolda\u015f olacak sosyal belediyecilik anlay\u0131\u015f\u0131 ile g\u00fcl\u00fcmseyen Mezitli&#8217;yi olu\u015fturaca\u011f\u0131z&#8221; dedi. Cumhuriyet Halk Partisi Mezitli Belediye Ba\u015fkan Aday\u0131 Ahmet Serkan Tuncer, \u0130l\u00e7e Ba\u015fkan\u0131 Ula\u015f Y\u0131lmaz ile birlikte Mezitli Belediyesi &#8216;K\u00fclt\u00fcrhane [&hellip;]<\/p>\n","protected":false},"author":2,"featured_media":31427,"comment_status":"open","ping_status":"open","sticky":false,"template":"","format":"standard","meta":{"footnotes":""},"categories":[3,6],"tags":[],"class_list":["post-31426","post","type-post","status-publish","format-standard","has-post-thumbnail","hentry","category-manset","category-siyaset-2"],"views":2,"_links":{"self":[{"href":"https:\/\/mersinkadingazetesi.com\/index.php?rest_route=\/wp\/v2\/posts\/31426"}],"collection":[{"href":"https:\/\/mersinkadingazetesi.com\/index.php?rest_route=\/wp\/v2\/posts"}],"about":[{"href":"https:\/\/mersinkadingazetesi.com\/index.php?rest_route=\/wp\/v2\/types\/post"}],"author":[{"embeddable":true,"href":"https:\/\/mersinkadingazetesi.com\/index.php?rest_route=\/wp\/v2\/users\/2"}],"replies":[{"embeddable":true,"href":"https:\/\/mersinkadingazetesi.com\/index.php?rest_route=%2Fwp%2Fv2%2Fcomments&post=31426"}],"version-history":[{"count":0,"href":"https:\/\/mersinkadingazetesi.com\/index.php?rest_route=\/wp\/v2\/posts\/31426\/revisions"}],"wp:featuredmedia":[{"embeddable":true,"href":"https:\/\/mersinkadingazetesi.com\/index.php?rest_route=\/wp\/v2\/media\/31427"}],"wp:attachment":[{"href":"https:\/\/mersinkadingazetesi.com\/index.php?rest_route=%2Fwp%2Fv2%2Fmedia&parent=31426"}],"wp:term":[{"taxonomy":"category","embeddable":true,"href":"https:\/\/mersinkadingazetesi.com\/index.php?rest_route=%2Fwp%2Fv2%2Fcategories&post=31426"},{"taxonomy":"post_tag","embeddable":true,"href":"https:\/\/mersinkadingazetesi.com\/index.php?rest_route=%2Fwp%2Fv2%2Ftags&post=31426"}],"curies":[{"name":"wp","href":"https:\/\/api.w.org\/{rel}","templated":true}]}}