{"id":31429,"date":"2024-03-15T12:34:35","date_gmt":"2024-03-15T09:34:35","guid":{"rendered":"http:\/\/mersinkadingazetesi.com\/?p=31429"},"modified":"2024-03-15T12:34:35","modified_gmt":"2024-03-15T09:34:35","slug":"tarsusun-cehresini-degistirecegiz","status":"publish","type":"post","link":"https:\/\/mersinkadingazetesi.com\/?p=31429","title":{"rendered":"\u201cTARSUS\u2019UN \u00c7EHRES\u0130N\u0130 DE\u011e\u0130\u015eT\u0130RECE\u011e\u0130Z\u201d"},"content":{"rendered":"<p>Cumhuriyet Halk Partisi Tarsus Belediye Ba\u015fkan Aday\u0131 Ali Bolta\u00e7, \u00f6nceki g\u00fcn ger\u00e7ekle\u015ftirdi\u011fi proje tan\u0131t\u0131m toplant\u0131s\u0131yla \u00f6n\u00fcm\u00fczdeki 5 y\u0131l i\u00e7erisinde Tarsus\u2019a yapmay\u0131 d\u00fc\u015f\u00fcnd\u00fc\u011f\u00fc hizmet ve projeleri anlatt\u0131.<\/p>\n<p>TBMM Grup Ba\u015fkanvekili Ali Mahir Ba\u015far\u0131r, Mersin B\u00fcy\u00fck\u015fehir Belediye Ba\u015fkan\u0131 Vahap Se\u00e7er, Mersin Milletvekilleri G\u00fclcan K\u0131\u015f ve Talat Din\u00e7er, \u0130l Ba\u015fkan\u0131 Koral \u00d6m\u00fcr, \u0130l\u00e7e Ba\u015fkan\u0131 Selahattin \u015eahin\u2019in de kat\u0131ld\u0131\u011f\u0131 proje tan\u0131t\u0131m toplant\u0131s\u0131na ilgi olduk\u00e7a fazlayd\u0131. <\/p>\n<p>CHP Tarsus Belediye Ba\u015fkan Aday\u0131 Ali Bolta\u00e7 proje tan\u0131t\u0131m toplant\u0131s\u0131nda ger\u00e7ekle\u015ftirdi\u011fi konu\u015fmada, Tarsus\u2019un uzun y\u0131llard\u0131r ihmal edilen sorunlar\u0131 oldu\u011funu, se\u00e7ildikleri takdirde Tarsus halk\u0131n\u0131n 5 y\u0131l i\u00e7erisinde de\u011fi\u015fimi ve geli\u015fimi fark edece\u011fini s\u00f6yledi. CHP\u2019li aday Bolta\u00e7, <\/p>\n<p>\u201cTarsus\u2019un sanayi, turizm ve  tar\u0131m gibi ana sekt\u00f6rler ba\u015fta olmak \u00fczere bir \u00e7ok alanda temel ihtiya\u00e7lar\u0131 var. Uzun y\u0131llard\u0131r ya\u015fad\u0131\u011f\u0131m ve havas\u0131n\u0131 soludu\u011fum Tarsus, ne yaz\u0131k ki varl\u0131k i\u00e7inde yokluk \u00e7eken, d\u00fcne kadar da dinamizmini ve ruhunu kaybetmek \u00fczere olan bir kentti. B\u00fcy\u00fck\u015fehir Belediye Ba\u015fkan\u0131m\u0131z\u0131n gayretleri ile ge\u00e7ti\u011fimiz be\u015f y\u0131l i\u00e7erisinde Tarsus\u2019un sosyo k\u00fclt\u00fcrel hayat\u0131nda \u00f6nemli de\u011fi\u015fiklikler oldu. Ben de bu de\u011fi\u015fimin i\u00e7inde Say\u0131n Vahap Se\u00e7er\u2019in yol arkada\u015f\u0131 olarak yer ald\u0131m. \u015eimdi g\u00fc\u00e7lerimizi ve Tarsus\u2019a olan sevdam\u0131z\u0131 birle\u015ftirme zaman\u0131 geldi. \u00d6n\u00fcm\u00fczdeki 5 y\u0131l Tarsus\u2019un hizmet ve projelerde alt\u0131n \u00e7a\u011f\u0131 olacak.\u201d dedi.<\/p>\n<p>TARSUS 7\/24 YA\u015eAYAN B\u0130R \u015eEH\u0130R OLACAK<\/p>\n<p>Tarsus i\u00e7in \u00f6nemli projeler haz\u0131rlad\u0131klar\u0131n\u0131 dile getiren CHP\u2019li Bolta\u00e7, \u201c\u00d6ncelikli hedefimiz Tarsus\u2019un \u00f6mr\u00fcn\u00fc uzatmak. \u015eehrimizin ak\u015fam belli bir saatten sonra kabu\u011funa \u00e7ekilmesini \u00f6nlemek. Bu nedenle yerel y\u00f6netimlere b\u00fcy\u00fck i\u015f d\u00fc\u015f\u00fcyor. \u0130nsanlar\u0131m\u0131z\u0131n sosyal hayat\u0131n\u0131 ge\u00e7 saatlere kadar s\u00fcrd\u00fcrebilecekleri sosyal alanlar, sokaklar, caddeler yarataca\u011f\u0131z. Tarsus bu dokuya son derece uygun. Tarihi evleri ve sokaklar\u0131 eri\u015filebilir ve kullan\u0131labilir hale getirece\u011fiz. \u015eehir merkezinde baz\u0131 yollar\u0131 ara\u00e7 trafi\u011fine kapatarak \u00f6zel alanlar olu\u015fturaca\u011f\u0131z. Bu alanlara yat\u0131r\u0131m yapmak isteyenlere kolayl\u0131k ve te\u015fvik sa\u011flayaca\u011f\u0131z. \u00d6zellikle \u00f6\u011frenci n\u00fcfusumuzun sosyal aktivitelerini \u00f6\u011frenim g\u00f6rd\u00fckleri \u015fehirde ya\u015famalar\u0131n\u0131 sa\u011flayaca\u011f\u0131z\u201d dedi.<\/p>\n<p>TARSUS\u2019U D\u00dcNYA M\u0130RASI L\u0130STES\u0130NE SOKACA\u011eIZ<\/p>\n<p>Turizmin Tarsus\u2019un can damar\u0131 ve lokomotif sekt\u00f6r\u00fc olaca\u011f\u0131n\u0131 dile getiren CHP\u2019li Ali Bolta\u00e7, \u201c10 bin y\u0131ll\u0131k ge\u00e7mi\u015fi ile d\u00fcnyan\u0131n en eski medeniyetlerinden biri \u00fczerine kurulmu\u015f Tarsus ne yaz\u0131k ki bunu f\u0131rsata \u00e7evirememi\u015f durumda. D\u00fcnyada ve Avrupa\u2019da \u00e7ok k\u0131ymetli tarihi mekanlar ve eserler \u00e7evresinde \u015fehirler olu\u015furken, biz g\u00f6z\u00fcm\u00fcz\u00fcn \u00f6n\u00fcndeki zenginli\u011fi g\u00f6rememi\u015f bir \u015fehir olarak hayat\u0131m\u0131z\u0131 s\u00fcrd\u00fcr\u00fcyoruz. Buna sessiz kalmam\u0131z m\u00fcmk\u00fcn de\u011fil. \u00d6ncelikle Tarsus\u2019u Birle\u015fmi\u015f Milletlerin Unesco D\u00fcnya Miras\u0131 listesine sokaca\u011f\u0131z. Bu vesile ile \u015fehir merkezimdeki tarihi mekanlar\u0131 a\u00e7\u0131\u011fa \u00e7\u0131kar\u0131lmas\u0131 i\u00e7in t\u00fcm \u015fartlar\u0131m\u0131z\u0131 zorlayaca\u011f\u0131z. Tarihi ve \u00f6ren yerlerinin \u00e7evre kalitesini ve hizmetini y\u00fckseltece\u011fiz. \u00d6te yandan gerekirse kap kap\u0131 dola\u015f\u0131p Tarsus\u2019un tarihi ve turistik zenginli\u011fini d\u00fcnyaya anlataca\u011f\u0131z. Tarsus\u2019un 3 Semavi dinin bulu\u015fma noktas\u0131 oldu\u011funu ve e\u015fsiz eserlerin mekan\u0131oldu\u011funu organizasyonlarla, festivallerle anlataca\u011f\u0131z. Bunda kararl\u0131y\u0131z. Tarsus\u2019un \u00e7ehresini ve imaj\u0131n\u0131 de\u011fi\u015ftirece\u011fiz.\u201d \u015feklinde konu\u015ftu. <\/p>\n<p>BERDAN \u00c7AYI\u2019NIN KIYISINDA K\u00dcT\u00dcPHANE<\/p>\n<p>S\u0131rt\u0131n\u0131 Toroslar\u2019a dayam\u0131\u015f, ufkuna Akdeniz\u2019i alm\u0131\u015f, ortas\u0131ndan da Mersin\u2019e hayat veren bir \u0131rmak akan Tarsus\u2019un her \u00fc\u00e7 do\u011fal \u00f6zelli\u011finden de yeterince faydalanamad\u0131\u011f\u0131na dikkat \u00e7eken CHP\u2019li Bolta\u00e7, \u201cTarsus denize k\u0131y\u0131s\u0131 olmas\u0131na ra\u011fmen bundan faydalanam\u0131yor. Plaj\u0131m\u0131z\u0131 yeniden halk\u0131m\u0131z\u0131n hizmetine sunaca\u011f\u0131z. Toroslar da ekolojik ve do\u011fa turizmini canland\u0131raca\u011f\u0131z. Do\u011fal hayata zarar veren tesisler de\u011fil ekolojik ve butik tesisler yapaca\u011f\u0131z. Ve Berdan \u0131rma\u011f\u0131n\u0131n \u00e7evresini B\u00fcy\u00fck\u015fehir Belediyemiz ile birlikte bir vahaya d\u00f6n\u00fc\u015ft\u00fcrece\u011fiz. Her ya\u015f grubuna y\u00f6nelik sosyal, k\u00fclt\u00fcrel, sportif alanlar olu\u015fturaca\u011f\u0131z. \u0130nsanlar\u0131m\u0131z y\u00fcr\u00fcme mesafesinde olan bu lokasyonda keyifli ve e\u011flenceli saatler ya\u015fayacaklar. Mersin sahilinde 24 saat a\u00e7\u0131k olan bir k\u00fct\u00fcphane var. Neden Berdan \u00c7ay\u0131n\u0131n kenar\u0131nda do\u011fayla ba\u015f ba\u015fa bir k\u00fct\u00fcphane olmas\u0131n?\u201d dedi.<\/p>\n<p>\u201c\u00d6\u011eRENC\u0130LER\u0130M\u0130Z\u0130 TARSUS\u2019LA BARI\u015eTIRACA\u011eIZ\u201d<\/p>\n<p>N\u00fcfusu 7 binlere ula\u015fan \u00f6\u011frenciler i\u00e7in de \u00f6nemli projeler haz\u0131rlad\u0131klar\u0131n\u0131 ifade eden Ba\u015fkan aday\u0131 Ali Bolta\u00e7, \u201c\u00d6\u011frenciler bu kentin dinamizmidir. Temel ihtiya\u00e7lar\u0131n\u0131n d\u0131\u015f\u0131nda sosyal ihtiya\u00e7lar\u0131n\u0131 konforlu bir alanda gidermeleri en do\u011fal haklar\u0131d\u0131r. Bar\u0131nma konusu \u00f6nceli\u011fimizdir. Bu nedenle \u00f6\u011frencilerimiz i\u00e7in yurt yapaca\u011f\u0131z. Hayatlar\u0131n en g\u00fczel d\u00f6nemini sa\u011fl\u0131kl\u0131 ve konforlu bir ortamda ge\u00e7irmeleri i\u00e7in \u00e7ok ama\u00e7l\u0131 bir \u00d6\u011frenci Etkinlik Kamp\u00fcs\u00fc projemiz var. Onu da hayata ge\u00e7irece\u011fiz. Kamp\u00fcs modeli bir \u00fcniversitenin, \u015fehir hayat\u0131na katk\u0131 vermesini sa\u011flayaca\u011f\u0131z. B\u00f6ylece \u00f6\u011frencimiz Tarsus ile bar\u0131\u015facak, hem de esnaflar\u0131m\u0131z\u0131n y\u00fcz\u00fc g\u00fclecek.\u201d dedi.<\/p>\n<p>\u201cGASTRONOM\u0130 OF\u0130S\u0130 KURACA\u011eIZ\u201d<\/p>\n<p>Tarsus\u2019un en \u00f6nemli \u00f6zelliklerinden biri olan gastronomiye de projelerinde \u00f6nemli bir yer ay\u0131ran CHP\u2019li Ali Bolta\u00e7, \u201cGastronomi d\u00fcnyan\u0131n y\u00fckselen de\u011feri. Tarsus\u2019un da bu konuda m\u00fcthi\u015f bir zenginli\u011fi var. Bu zenginli\u011fi \u00f6ncelikle kontrol alt\u0131na almal\u0131y\u0131z. O nedenle Belediyemiz b\u00fcnyesinde bir gastronomi ofisi kuraca\u011f\u0131z. Bu sekt\u00f6re g\u00f6n\u00fcl verenlere e\u011fitim verece\u011fiz. D\u00fcnya \u00e7ap\u0131nda organizasyonlar ve festivaller ger\u00e7ekle\u015ftirip, Tarsus\u2019un e\u015fsiz lezzetlerini t\u00fcm d\u00fcnyaya tan\u0131taca\u011f\u0131z. Ayr\u0131ca \u015fehir merkezindeki bir lokasyonu gastronomi soka\u011f\u0131 olarak tespit edip, i\u00e7 ve d\u0131\u015f turizme kazand\u0131raca\u011f\u0131z\u201d diyerek s\u00f6zlerini tamamlad\u0131. <\/p>\n","protected":false},"excerpt":{"rendered":"<p>Cumhuriyet Halk Partisi Tarsus Belediye Ba\u015fkan Aday\u0131 Ali Bolta\u00e7, \u00f6nceki g\u00fcn ger\u00e7ekle\u015ftirdi\u011fi proje tan\u0131t\u0131m toplant\u0131s\u0131yla \u00f6n\u00fcm\u00fczdeki 5 y\u0131l i\u00e7erisinde Tarsus\u2019a yapmay\u0131 d\u00fc\u015f\u00fcnd\u00fc\u011f\u00fc hizmet ve projeleri anlatt\u0131. TBMM Grup Ba\u015fkanvekili Ali Mahir Ba\u015far\u0131r, Mersin B\u00fcy\u00fck\u015fehir Belediye Ba\u015fkan\u0131 Vahap Se\u00e7er, Mersin Milletvekilleri G\u00fclcan K\u0131\u015f ve Talat Din\u00e7er, \u0130l Ba\u015fkan\u0131 Koral \u00d6m\u00fcr, \u0130l\u00e7e Ba\u015fkan\u0131 Selahattin \u015eahin\u2019in de kat\u0131ld\u0131\u011f\u0131 [&hellip;]<\/p>\n","protected":false},"author":2,"featured_media":31430,"comment_status":"open","ping_status":"open","sticky":false,"template":"","format":"standard","meta":{"footnotes":""},"categories":[3,6],"tags":[],"class_list":["post-31429","post","type-post","status-publish","format-standard","has-post-thumbnail","hentry","category-manset","category-siyaset-2"],"views":3,"_links":{"self":[{"href":"https:\/\/mersinkadingazetesi.com\/index.php?rest_route=\/wp\/v2\/posts\/31429"}],"collection":[{"href":"https:\/\/mersinkadingazetesi.com\/index.php?rest_route=\/wp\/v2\/posts"}],"about":[{"href":"https:\/\/mersinkadingazetesi.com\/index.php?rest_route=\/wp\/v2\/types\/post"}],"author":[{"embeddable":true,"href":"https:\/\/mersinkadingazetesi.com\/index.php?rest_route=\/wp\/v2\/users\/2"}],"replies":[{"embeddable":true,"href":"https:\/\/mersinkadingazetesi.com\/index.php?rest_route=%2Fwp%2Fv2%2Fcomments&post=31429"}],"version-history":[{"count":0,"href":"https:\/\/mersinkadingazetesi.com\/index.php?rest_route=\/wp\/v2\/posts\/31429\/revisions"}],"wp:featuredmedia":[{"embeddable":true,"href":"https:\/\/mersinkadingazetesi.com\/index.php?rest_route=\/wp\/v2\/media\/31430"}],"wp:attachment":[{"href":"https:\/\/mersinkadingazetesi.com\/index.php?rest_route=%2Fwp%2Fv2%2Fmedia&parent=31429"}],"wp:term":[{"taxonomy":"category","embeddable":true,"href":"https:\/\/mersinkadingazetesi.com\/index.php?rest_route=%2Fwp%2Fv2%2Fcategories&post=31429"},{"taxonomy":"post_tag","embeddable":true,"href":"https:\/\/mersinkadingazetesi.com\/index.php?rest_route=%2Fwp%2Fv2%2Ftags&post=31429"}],"curies":[{"name":"wp","href":"https:\/\/api.w.org\/{rel}","templated":true}]}}