{"id":31432,"date":"2024-03-15T12:35:22","date_gmt":"2024-03-15T09:35:22","guid":{"rendered":"http:\/\/mersinkadingazetesi.com\/?p=31432"},"modified":"2024-03-15T12:35:22","modified_gmt":"2024-03-15T09:35:22","slug":"baskan-ozyigit-yore-derneklerinde-vatandaslarla-bulustu","status":"publish","type":"post","link":"https:\/\/mersinkadingazetesi.com\/?p=31432","title":{"rendered":"Ba\u015fkan \u00d6zyi\u011fit, y\u00f6re derneklerinde vatanda\u015flarla bulu\u015ftu"},"content":{"rendered":"<p>Yeni\u015fehir Belediye Ba\u015fkan\u0131 ve Cumhuriyet Halk Partisi(CHP) Yeni\u015fehir Belediye Ba\u015fkan Aday\u0131 Abdullah \u00d6zyi\u011fit, Mersin\u2019deki y\u00f6re dernekleri ve sivil toplum kurulu\u015fu ziyaretlerini s\u00fcrd\u00fcrerek, vatanda\u015flarla bir araya gelmeye devam ediyor.<br \/>\nYeni\u015fehir Belediye Ba\u015fkan\u0131 ve Cumhuriyet Halk Partisi(CHP) Yeni\u015fehir Belediye Ba\u015fkan Aday\u0131 Abdullah \u00d6zyi\u011fit, g\u00fcn i\u00e7inde ilk olarak Atat\u00fcrk\u00e7\u00fc D\u00fc\u015f\u00fcnce Derne\u011fi Mersin \u015eubesi, \u00c7a\u011fda\u015f Ya\u015fam\u0131 Destekleme Derne\u011fi Mersin \u015eubesi, 29 Ekim Kad\u0131nlar\u0131 Derne\u011fi Mersin \u015eubesi, Yeni Ku\u015fak K\u00f6y Enstit\u00fcl\u00fcler Derne\u011fi Mersin \u015eubesi ile E\u011fitim-\u0130\u015f Mersin \u015eubesinin ba\u015fkan ve y\u00f6neticileriyle bulu\u015ftu. Atat\u00fcrk\u00e7\u00fc D\u00fc\u015f\u00fcnce Derne\u011fi Mersin \u015eubesinde ger\u00e7ekle\u015fen bulu\u015fmada Ba\u015fkan \u00d6zyi\u011fit, hayata ge\u00e7irdikleri \u00e7al\u0131\u015fmalar\u0131 payla\u015farak STK temsilcilerinin g\u00f6r\u00fc\u015f ve \u00f6nerilerini ald\u0131. 5 y\u0131ld\u0131r b\u00fcy\u00fck bir i\u015f birli\u011fi i\u00e7erisinde Yeni\u015fehir\u2019e hizmet ettiklerini ifade eden \u00d6zyi\u011fit, desteklerinden dolay\u0131 STK\u2019lara te\u015fekk\u00fcr etti.<br \/>\nBa\u015fkan Abdullah \u00d6zyi\u011fit daha sonra Mersin Kahramanmara\u015fl\u0131lar ve \u0130l\u00e7eleri Derne\u011fi, Artvinliler Derne\u011fi, Hatayl\u0131lar K\u00fclt\u00fcr ve Dayan\u0131\u015fma Derne\u011fi, Mersin Dersimliler K\u00fclt\u00fcr Dayan\u0131\u015fma ve Yard\u0131mla\u015fma Derne\u011fi ile Osmaniye Kadirli K\u00fclt\u00fcr ve Dayan\u0131\u015fma Derne\u011fini ziyaret etti. Ba\u015fkan \u00d6zyi\u011fit\u2019in dernek ziyaretlerine vatanda\u015flar da yo\u011fun ilgi g\u00f6sterdi.<br \/>\nY\u00f6netim anlay\u0131\u015flar\u0131n\u0131 olu\u015fturan 6 temel ilkeden biri olan Hareket ilkesi kapsam\u0131nda mahallelerde bir\u00e7ok etkinlik d\u00fczenleyerek, vatanda\u015flar\u0131 bulu\u015fturduklar\u0131n\u0131 ve Yeni\u015fehirli olma bilincine katk\u0131 sunduklar\u0131n\u0131 s\u00f6yledi. Ba\u015fkan \u00d6zyi\u011fit, \u201cHer birimiz, bu kentin birer par\u00e7as\u0131y\u0131z ve Yeni\u015fehirli olman\u0131n sorumlulu\u011funu ta\u015f\u0131yoruz. Bu kentin ekme\u011fini yiyor, suyunu i\u00e7iyoruz. Kentimize sahip \u00e7\u0131kaca\u011f\u0131z. Birlikte ya\u015fad\u0131\u011f\u0131m\u0131z Yeni\u015fehir\u2019e sahip \u00e7\u0131kaca\u011f\u0131z.  Bu ilkemizle bir kentlilik, hem\u015fehrilik bilinci olu\u015fturmaya \u00e7al\u0131\u015ft\u0131k. Vatanda\u015flar\u0131m\u0131z\u0131 bir araya getirdik. 32 mahallemize gezici sinema g\u00fcnleri ve tiyatro g\u00fcnleri d\u00fczenledik. Festivallerle binlerce vatanda\u015f\u0131m\u0131z\u0131 bulu\u015fturduk. Kom\u015fular\u0131m\u0131zla oturduk, g\u00fczel vakit ge\u00e7irdik.  Bir araya geldik\u00e7e daha mutlu olduk.\u201d dedi.<br \/>\nYeni\u015fehir halk\u0131n\u0131n duyarl\u0131 ve yard\u0131msever oldu\u011funu ve geride b\u0131rakt\u0131\u011f\u0131m\u0131z 5 y\u0131lda dayan\u0131\u015fman\u0131n en g\u00fczel \u00f6rneklerini sergiledi\u011fini s\u00f6yleyen Ba\u015fkan \u00d6zyi\u011fit, \u201cY\u00f6re derneklerimizle, sivil toplum kurulu\u015flar\u0131m\u0131zla b\u00fcy\u00fck bir i\u015f birli\u011fi i\u00e7erisinde \u00e7al\u0131\u015ft\u0131k. Yeni\u015fehir halk\u0131 deprem s\u00fcreci ba\u015fta olmak \u00fczere \u00fclkenin neresinde bir zorluk ya\u015fand\u0131ysa elinden geleni yapt\u0131.  Mersin\u2019e gelen depremzedelere kap\u0131lar\u0131n\u0131 a\u00e7t\u0131. Mersin\u2019de ya\u015fayan dar gelirli aileler i\u00e7in yeri geldi ev e\u015fyalar\u0131n\u0131, giysilerini, ayakkab\u0131lar\u0131n\u0131 ba\u011f\u0131\u015flad\u0131. Yeni\u015fehir Belediyesi olarak t\u00fcm bu s\u00fcre\u00e7lerde \u00fczerimize d\u00fc\u015feni yapt\u0131k. Halk\u0131m\u0131zdan gelen hi\u00e7bir talebi geri \u00e7evirmedik.\u201d diye konu\u015ftu.  <\/p>\n","protected":false},"excerpt":{"rendered":"<p>Yeni\u015fehir Belediye Ba\u015fkan\u0131 ve Cumhuriyet Halk Partisi(CHP) Yeni\u015fehir Belediye Ba\u015fkan Aday\u0131 Abdullah \u00d6zyi\u011fit, Mersin\u2019deki y\u00f6re dernekleri ve sivil toplum kurulu\u015fu ziyaretlerini s\u00fcrd\u00fcrerek, vatanda\u015flarla bir araya gelmeye devam ediyor. Yeni\u015fehir Belediye Ba\u015fkan\u0131 ve Cumhuriyet Halk Partisi(CHP) Yeni\u015fehir Belediye Ba\u015fkan Aday\u0131 Abdullah \u00d6zyi\u011fit, g\u00fcn i\u00e7inde ilk olarak Atat\u00fcrk\u00e7\u00fc D\u00fc\u015f\u00fcnce Derne\u011fi Mersin \u015eubesi, \u00c7a\u011fda\u015f Ya\u015fam\u0131 Destekleme Derne\u011fi Mersin [&hellip;]<\/p>\n","protected":false},"author":2,"featured_media":31433,"comment_status":"open","ping_status":"open","sticky":false,"template":"","format":"standard","meta":{"footnotes":""},"categories":[1,2,3],"tags":[],"class_list":["post-31432","post","type-post","status-publish","format-standard","has-post-thumbnail","hentry","category-genel","category-gundem","category-manset"],"views":2,"_links":{"self":[{"href":"https:\/\/mersinkadingazetesi.com\/index.php?rest_route=\/wp\/v2\/posts\/31432"}],"collection":[{"href":"https:\/\/mersinkadingazetesi.com\/index.php?rest_route=\/wp\/v2\/posts"}],"about":[{"href":"https:\/\/mersinkadingazetesi.com\/index.php?rest_route=\/wp\/v2\/types\/post"}],"author":[{"embeddable":true,"href":"https:\/\/mersinkadingazetesi.com\/index.php?rest_route=\/wp\/v2\/users\/2"}],"replies":[{"embeddable":true,"href":"https:\/\/mersinkadingazetesi.com\/index.php?rest_route=%2Fwp%2Fv2%2Fcomments&post=31432"}],"version-history":[{"count":0,"href":"https:\/\/mersinkadingazetesi.com\/index.php?rest_route=\/wp\/v2\/posts\/31432\/revisions"}],"wp:featuredmedia":[{"embeddable":true,"href":"https:\/\/mersinkadingazetesi.com\/index.php?rest_route=\/wp\/v2\/media\/31433"}],"wp:attachment":[{"href":"https:\/\/mersinkadingazetesi.com\/index.php?rest_route=%2Fwp%2Fv2%2Fmedia&parent=31432"}],"wp:term":[{"taxonomy":"category","embeddable":true,"href":"https:\/\/mersinkadingazetesi.com\/index.php?rest_route=%2Fwp%2Fv2%2Fcategories&post=31432"},{"taxonomy":"post_tag","embeddable":true,"href":"https:\/\/mersinkadingazetesi.com\/index.php?rest_route=%2Fwp%2Fv2%2Ftags&post=31432"}],"curies":[{"name":"wp","href":"https:\/\/api.w.org\/{rel}","templated":true}]}}