{"id":31442,"date":"2024-03-15T16:55:37","date_gmt":"2024-03-15T13:55:37","guid":{"rendered":"http:\/\/mersinkadingazetesi.com\/?p=31442"},"modified":"2024-03-15T16:55:37","modified_gmt":"2024-03-15T13:55:37","slug":"mhp-mersin-milletvekili-dr-levent-uysal-camliyaylada-esnaf-ile-bulustu","status":"publish","type":"post","link":"https:\/\/mersinkadingazetesi.com\/?p=31442","title":{"rendered":"MHP MERS\u0130N M\u0130LLETVEK\u0130L\u0130 DR. LEVENT UYSAL \u00c7AMLIYAYLA&#8217;DA ESNAF \u0130LE BULU\u015eTU"},"content":{"rendered":"<p>Milliyet\u00e7i Hareket Partisi Mersin Milletvekili Dr. Levent Uysal se\u00e7im \u00e7al\u0131\u015fmalar\u0131 \u00e7er\u00e7evesinde Cumhur \u0130ttifak\u0131 MHP Mersin B\u00fcy\u00fck\u015fehir Belediye Ba\u015fkan Aday\u0131 Serdar Soydan ve Cumhur \u0130ttifak\u0131 MHP \u00c7aml\u0131yayla Belediye Ba\u015fkan Aday\u0131 Ali R\u0131za Gen\u00e7 ile birlikte \u00c7aml\u0131yayla il\u00e7esini ziyaret etti. Milletvekili Uysal &#8220;\u00c7aml\u0131yayla \u0130l\u00e7emiz, Milliyet\u00e7i Hareket Partimizin kalelerinden olan g\u00fczide bir yer. Gen\u00e7,dinamik ve giri\u015fken kimli\u011fiyle \u00c7aml\u0131yayla&#8217;da hizmet s\u0131ras\u0131 Ali R\u0131za Gen\u00e7 Ba\u015fkan\u0131m\u0131zda.&#8221;\u015feklinde konu\u015ftu.<\/p>\n<p>Cumhur \u0130ttifak\u0131, 31 Mart 2024 Mahalli \u0130dareler Se\u00e7imlerine azim ve kararl\u0131l\u0131kla \u00e7al\u0131\u015fmaya devam ediyor.<\/p>\n<p>Milliyet\u00e7i Hareket Partisi Mersin Milletvekili Dr. Levent Uysal da \u00c7aml\u0131yayla il\u00e7esini gezerek, vatanda\u015flardan oy kullan\u0131rken se\u00e7imde tercihlerini Cumhur \u0130ttifak\u0131&#8217;ndan yana kullanmalar\u0131 gerekti\u011fini s\u00f6yledi.<\/p>\n<p>Milletvekili Uysal &#8220;\u015eu anda kendinden emin, ald\u0131\u011f\u0131 kararlar\u0131n memleketine milletine faydas\u0131n\u0131 d\u00fc\u015f\u00fcnen tek ittifak Cumhur \u0130ttifak\u0131&#8217;d\u0131r. Hizmetin artarak devam etmesini istiyorsan\u0131z yeniden MHP ve Cumhur \u0130ttifak\u0131&#8217;n\u0131 se\u00e7melisiniz. Yan\u0131mda gen\u00e7, hevesli, \u00e7al\u0131\u015fkan iki aday\u0131m\u0131zla geldim. \u00c7aml\u0131yaylam\u0131z y\u0131llard\u0131r bizim partimizde ve in\u015fallah b\u00f6yle olmaya devam edecek. Mersin B\u00fcy\u00fck\u015fehir&#8217;i de kazand\u0131ktan sonra s\u0131rt\u0131m\u0131z yere gelmez. Yayla turizmi geli\u015fmi\u015f olan \u00c7aml\u0131yaylam\u0131z\u0131 y\u0131l\u0131n her mevsimi hareketli ve kazan\u00e7 sa\u011flayan bir il\u00e7e seviyesine getirmek i\u00e7in Ali R\u0131za Gen\u00e7 Ba\u015fkan\u0131m\u0131z sizin emrinizde olacak. K\u00fc\u00e7\u00fck esnaf\u0131m\u0131z\u0131 korumak ve kazan\u00e7lar\u0131n\u0131 art\u0131rmak i\u00e7in sizlerin fikirlerini dinliyor ve \u00f6nemsiyoruz. Mersin B\u00fcy\u00fck\u015fehir Belediyesini de Serdar Ba\u015fkan\u0131m\u0131z ile alaca\u011f\u0131z. Dolu dolu 100 proje haz\u0131rlad\u0131 Serdar Ba\u015fkan\u0131m\u0131z Mersin i\u00e7in. Cumhur \u0130ttifak\u0131 ile 13 il\u00e7eye daha g\u00fc\u00e7l\u00fc ve ayaklar\u0131 yere basan projeleri hayata ge\u00e7irece\u011fiz.&#8221;ifadelerine yer verdi.<\/p>\n<p>Mevcut \u00c7aml\u0131yayla Belediye Ba\u015fkan\u0131 \u0130smail Tepeba\u011fl\u0131&#8217;y\u0131 da makam\u0131nda ziyaret eden Milliyet\u00e7i Hareket Partisi Mersin Milletvekili Dr. Levent Uysal Ba\u015fkan Tepeba\u011fl\u0131&#8217;ya bug\u00fcne kadar g\u00f6stermi\u015f oldu\u011fu \u00f6zverili \u00e7al\u0131\u015fmalardan ve emeklerden dolay\u0131 te\u015fekk\u00fcr etti.<\/p>\n","protected":false},"excerpt":{"rendered":"<p>Milliyet\u00e7i Hareket Partisi Mersin Milletvekili Dr. Levent Uysal se\u00e7im \u00e7al\u0131\u015fmalar\u0131 \u00e7er\u00e7evesinde Cumhur \u0130ttifak\u0131 MHP Mersin B\u00fcy\u00fck\u015fehir Belediye Ba\u015fkan Aday\u0131 Serdar Soydan ve Cumhur \u0130ttifak\u0131 MHP \u00c7aml\u0131yayla Belediye Ba\u015fkan Aday\u0131 Ali R\u0131za Gen\u00e7 ile birlikte \u00c7aml\u0131yayla il\u00e7esini ziyaret etti. Milletvekili Uysal &#8220;\u00c7aml\u0131yayla \u0130l\u00e7emiz, Milliyet\u00e7i Hareket Partimizin kalelerinden olan g\u00fczide bir yer. Gen\u00e7,dinamik ve giri\u015fken kimli\u011fiyle \u00c7aml\u0131yayla&#8217;da [&hellip;]<\/p>\n","protected":false},"author":2,"featured_media":31443,"comment_status":"open","ping_status":"open","sticky":false,"template":"","format":"standard","meta":{"footnotes":""},"categories":[3],"tags":[],"class_list":["post-31442","post","type-post","status-publish","format-standard","has-post-thumbnail","hentry","category-manset"],"views":3,"_links":{"self":[{"href":"https:\/\/mersinkadingazetesi.com\/index.php?rest_route=\/wp\/v2\/posts\/31442"}],"collection":[{"href":"https:\/\/mersinkadingazetesi.com\/index.php?rest_route=\/wp\/v2\/posts"}],"about":[{"href":"https:\/\/mersinkadingazetesi.com\/index.php?rest_route=\/wp\/v2\/types\/post"}],"author":[{"embeddable":true,"href":"https:\/\/mersinkadingazetesi.com\/index.php?rest_route=\/wp\/v2\/users\/2"}],"replies":[{"embeddable":true,"href":"https:\/\/mersinkadingazetesi.com\/index.php?rest_route=%2Fwp%2Fv2%2Fcomments&post=31442"}],"version-history":[{"count":0,"href":"https:\/\/mersinkadingazetesi.com\/index.php?rest_route=\/wp\/v2\/posts\/31442\/revisions"}],"wp:featuredmedia":[{"embeddable":true,"href":"https:\/\/mersinkadingazetesi.com\/index.php?rest_route=\/wp\/v2\/media\/31443"}],"wp:attachment":[{"href":"https:\/\/mersinkadingazetesi.com\/index.php?rest_route=%2Fwp%2Fv2%2Fmedia&parent=31442"}],"wp:term":[{"taxonomy":"category","embeddable":true,"href":"https:\/\/mersinkadingazetesi.com\/index.php?rest_route=%2Fwp%2Fv2%2Fcategories&post=31442"},{"taxonomy":"post_tag","embeddable":true,"href":"https:\/\/mersinkadingazetesi.com\/index.php?rest_route=%2Fwp%2Fv2%2Ftags&post=31442"}],"curies":[{"name":"wp","href":"https:\/\/api.w.org\/{rel}","templated":true}]}}