{"id":31454,"date":"2024-03-17T11:00:49","date_gmt":"2024-03-17T08:00:49","guid":{"rendered":"http:\/\/mersinkadingazetesi.com\/?p=31454"},"modified":"2024-03-17T11:00:49","modified_gmt":"2024-03-17T08:00:49","slug":"mezitliyi-marka-kent-haline-getirecegiz","status":"publish","type":"post","link":"https:\/\/mersinkadingazetesi.com\/?p=31454","title":{"rendered":"&#8220;Mezitli&#8217;yi marka kent haline getirece\u011fiz&#8221;"},"content":{"rendered":"<p>Cumhuriyet Halk Partisi Mezitli Belediye Ba\u015fkan Aday\u0131 Ahmet Serkan Tuncer, \u0130\u00e7el TV&#8217;de Gazeteci Kemal \u0130stek&#8217;in haz\u0131rlay\u0131p sundu\u011fu &#8216;Se\u00e7im G\u00fcndemi&#8217; program\u0131n\u0131n canl\u0131 yay\u0131n konu\u011fu oldu.<\/p>\n<p>Se\u00e7im \u00e7al\u0131\u015fmalar\u0131na h\u0131z kesmeden devam eden Tuncer, sosyal ve halk\u00e7\u0131 belediyecilik anlay\u0131\u015f\u0131yla yola \u00e7\u0131kt\u0131klar\u0131n\u0131 ifade etti.<\/p>\n<p>Taraf\u0131na y\u00f6neltilen as\u0131ls\u0131z iddialar\u0131 da ilk ve son kez yan\u0131tlayan Tuncer, se\u00e7ildikten sonra kad\u0131n \u00fcretici pazarlar\u0131n\u0131n kapat\u0131laca\u011f\u0131 iddias\u0131na \u015fu yan\u0131t\u0131 verdi;<\/p>\n<p>&#8220;Emek\u00e7inin eme\u011fiyle oynamak hi\u00e7 kimsenin hakk\u0131 de\u011fildir. B\u00f6yle bir \u015fey m\u00fcmk\u00fcn de\u011fil. Ben, eme\u011fin i\u00e7erisinden gelmi\u015f birisi olarak asla emek\u00e7inin al\u0131n terini hi\u00e7e sayamam. \u00d6zellikle bu eme\u011fi veren kad\u0131nlar ise b\u00f6yle bir \u015fey s\u00f6z konusu olamaz.<\/p>\n<p>Kad\u0131n \u00fcretici pazarlar\u0131 ile alakal\u0131 yapaca\u011f\u0131m\u0131z tek de\u011fi\u015fiklik i sim olacak. Bu da kad\u0131n \u00fcretici pazar\u0131 de\u011fil, &#8216;\u00dcreten Kad\u0131n Pazar\u0131&#8217; olacak. Yarat\u0131lan alg\u0131lar ho\u015f de\u011fil. Ben buralara eme\u011fim ile geldim. Eme\u011fin ne demek oldu\u011funu iyi biliyorum. Hayatlar\u0131 boyunca emek vermemi\u015f, \u00e7abalamam\u0131\u015f insanlar\u0131n bu tarz s\u00f6ylemleri kullanmas\u0131 \u00e7ok normal. Emek vererek geldim, eme\u011fe de sahip \u00e7\u0131kaca\u011f\u0131m.&#8221;<\/p>\n<p>&#8220;Mezitli&#8217;yi marka kent haline getirece\u011fiz&#8221;<\/p>\n<p>23 farkl\u0131 projesi ile ge\u00e7ti\u011fimiz g\u00fcnlerde Mersin&#8217;de fark yaratan bir lansman ger\u00e7ekle\u015ftiren Tuncer, projelerini tan\u0131tt\u0131.<\/p>\n<p>Projelerini olu\u015ftururken, hem Mezitli&#8217;de oturan bir vatanda\u015f hem de Mezitli&#8217;ye g\u00f6nl\u00fcn\u00fc vermi\u015f birisi olarak yol ald\u0131\u011f\u0131n\u0131 belirterek;<\/p>\n<p>&#8220;Bizim proje ekibimiz tamamen projelerimize katk\u0131 sa\u011flayacak ki\u015filerden olu\u015fuyor. Meclis \u00fcyelerimizi bile, projelerimize faydas\u0131 olacak isimlerden olu\u015fturduk. Profes\u00f6rlerimiz, \u015fehir planc\u0131lar\u0131m\u0131z, m imarlar\u0131m\u0131z, m\u00fchendislerimiz, arkeologlar\u0131m\u0131z, veteriner hekimlerimiz ve \u00e7ok k\u0131ymetli ki\u015filer ile birlikte \u00e7al\u0131\u015f\u0131yoruz.<\/p>\n<p>Mezitli&#8217;yi marka kent haline getirmek ilk hedefimiz. Sokaklar\u0131nda g\u00fcld\u00fc\u011f\u00fcm, a\u011flad\u0131\u011f\u0131m, y\u00fcrekten ba\u011fl\u0131 oldu\u011fum kentimin de\u011ferini ne y\u00fckseltecek ise o do\u011frultuda ilerleyece\u011fiz.<\/p>\n<p>\u00c7ok s\u0131k\u0131 \u00e7al\u0131\u015f\u0131yoruz. Mezitli&#8217;nin hak etti\u011fi de\u011fere kavu\u015fmas\u0131 i\u00e7inde elimizden gelenin fazlas\u0131n\u0131 yap\u0131yoruz.&#8221; ifadelerini kulland\u0131.<\/p>\n<p>&#8220;Ben Mezitli&#8217;ye sonradan gelmedim. Ben Mezitli&#8217;nin g\u00f6be\u011finde do\u011fdum&#8221;<\/p>\n<p>Mezitli&#8217;de bulunan 40 mahallenin hepsine e\u015fit hizmet g\u00f6t\u00fcreceklerinin alt\u0131n\u0131 \u00e7izen Tuncer, insanlar\u0131n g\u00f6nl\u00fcne dokunman\u0131n ilk hedefleri oldu\u011funu belirterek \u015funlar\u0131 s\u00f6yledi;<\/p>\n<p>&#8220;Ben Mezitli&#8217;nin t\u00fcm mahallelerini ezbere biliyorum. Mezitli&#8217;ye sonradan gelmedik. Ben Mezitli&#8217;nin g\u00f6be\u011finde do\u011fdum . Bu y\u00fczden, k\u0131rsal\u0131ndan merkezine her yerin ve herkesin sorunlar\u0131na hakimim.<\/p>\n<p>\u0130nsanlar\u0131n y\u00fcre\u011fine dokunamad\u0131ktan sonra, yapt\u0131\u011f\u0131m\u0131z hi\u00e7bir projenin k\u0131ymeti yoktur. Alt\u0131ndan asfaltta d\u00f6kseniz, p\u0131rlantadan kald\u0131r\u0131m da yapsan\u0131z \u00f6nemli olan insan y\u00fcre\u011fidir.<\/p>\n<p>Se\u00e7im d\u00f6neminde de\u011fil, ge\u00e7im d\u00f6neminde de insanlar\u0131m\u0131z ile el ele ve kol kola olmaya devam edece\u011fiz. Ben Mezitli&#8217;yi \u00e7ok seviyorum. Ben Mezitli&#8217;nin insanlar\u0131n\u0131 \u00e7ok seviyorum. Allah izin verirse 1 Nisan&#8217;dan sonra do\u011fdu\u011fum ve b\u00fcy\u00fcd\u00fc\u011f\u00fcm kentime Belediye Ba\u015fkan\u0131 oldu\u011fumda, hem projelerimiz ile hem de insanlar ile kurdu\u011fumuz temaslar ile bamba\u015fka bir belediyecilik anlay\u0131\u015f\u0131yla herkesi tan\u0131\u015ft\u0131raca\u011f\u0131z.&#8221;<\/p>\n","protected":false},"excerpt":{"rendered":"<p>Cumhuriyet Halk Partisi Mezitli Belediye Ba\u015fkan Aday\u0131 Ahmet Serkan Tuncer, \u0130\u00e7el TV&#8217;de Gazeteci Kemal \u0130stek&#8217;in haz\u0131rlay\u0131p sundu\u011fu &#8216;Se\u00e7im G\u00fcndemi&#8217; program\u0131n\u0131n canl\u0131 yay\u0131n konu\u011fu oldu. Se\u00e7im \u00e7al\u0131\u015fmalar\u0131na h\u0131z kesmeden devam eden Tuncer, sosyal ve halk\u00e7\u0131 belediyecilik anlay\u0131\u015f\u0131yla yola \u00e7\u0131kt\u0131klar\u0131n\u0131 ifade etti. Taraf\u0131na y\u00f6neltilen as\u0131ls\u0131z iddialar\u0131 da ilk ve son kez yan\u0131tlayan Tuncer, se\u00e7ildikten sonra kad\u0131n \u00fcretici [&hellip;]<\/p>\n","protected":false},"author":2,"featured_media":31455,"comment_status":"open","ping_status":"open","sticky":false,"template":"","format":"standard","meta":{"footnotes":""},"categories":[3,6],"tags":[],"class_list":["post-31454","post","type-post","status-publish","format-standard","has-post-thumbnail","hentry","category-manset","category-siyaset-2"],"views":1,"_links":{"self":[{"href":"https:\/\/mersinkadingazetesi.com\/index.php?rest_route=\/wp\/v2\/posts\/31454"}],"collection":[{"href":"https:\/\/mersinkadingazetesi.com\/index.php?rest_route=\/wp\/v2\/posts"}],"about":[{"href":"https:\/\/mersinkadingazetesi.com\/index.php?rest_route=\/wp\/v2\/types\/post"}],"author":[{"embeddable":true,"href":"https:\/\/mersinkadingazetesi.com\/index.php?rest_route=\/wp\/v2\/users\/2"}],"replies":[{"embeddable":true,"href":"https:\/\/mersinkadingazetesi.com\/index.php?rest_route=%2Fwp%2Fv2%2Fcomments&post=31454"}],"version-history":[{"count":0,"href":"https:\/\/mersinkadingazetesi.com\/index.php?rest_route=\/wp\/v2\/posts\/31454\/revisions"}],"wp:featuredmedia":[{"embeddable":true,"href":"https:\/\/mersinkadingazetesi.com\/index.php?rest_route=\/wp\/v2\/media\/31455"}],"wp:attachment":[{"href":"https:\/\/mersinkadingazetesi.com\/index.php?rest_route=%2Fwp%2Fv2%2Fmedia&parent=31454"}],"wp:term":[{"taxonomy":"category","embeddable":true,"href":"https:\/\/mersinkadingazetesi.com\/index.php?rest_route=%2Fwp%2Fv2%2Fcategories&post=31454"},{"taxonomy":"post_tag","embeddable":true,"href":"https:\/\/mersinkadingazetesi.com\/index.php?rest_route=%2Fwp%2Fv2%2Ftags&post=31454"}],"curies":[{"name":"wp","href":"https:\/\/api.w.org\/{rel}","templated":true}]}}