{"id":31463,"date":"2024-03-17T11:06:35","date_gmt":"2024-03-17T08:06:35","guid":{"rendered":"http:\/\/mersinkadingazetesi.com\/?p=31463"},"modified":"2024-03-17T11:06:35","modified_gmt":"2024-03-17T08:06:35","slug":"planlarimizi-koylulerimizle-yapacagiz","status":"publish","type":"post","link":"https:\/\/mersinkadingazetesi.com\/?p=31463","title":{"rendered":"PLANLARIMIZI K\u00d6YL\u00dcLER\u0130M\u0130ZLE YAPACA\u011eIZ"},"content":{"rendered":"<p>CHP Toroslar Belediye Ba\u015fkan Aday\u0131 Abdurrahman Y\u0131ld\u0131z, se\u00e7imden se\u00e7ime hat\u0131rlanmaktan dert yanan k\u00f6yl\u00fclere; &#8220;Biz stratejik planlar\u0131m\u0131z\u0131 k\u00f6yl\u00fclerimizle yapaca\u011f\u0131z. Toroslar&#8217;\u0131 belli bir zihniyetin y\u00f6netti\u011fi belediyecilik anlay\u0131\u015f\u0131ndan, sizlerle y\u00f6netti\u011fimiz bir anlay\u0131\u015fa d\u00f6n\u00fc\u015ft\u00fcrece\u011fim&#8221; s\u00f6zleriyle yan\u0131t verdi.<\/p>\n<p>CHP \/ TOROSLAR\/ MERS\u0130N- K\u00f6ylerde verimli tar\u0131m alanlar\u0131n\u0131n talan edilmesine kar\u015f\u0131 m\u00fccadelesi ile kamuoyunun tan\u0131d\u0131\u011f\u0131 Abdurrahman Y\u0131ld\u0131z, Cumhuriyet Halk Partisi Toroslar Belediye Ba\u015fkan Aday\u0131 olarak gitti\u011fi k\u00f6ylerde \u00e7\u00f6z\u00fcm \u00f6nerilerini anlatt\u0131.  CHP Toroslar Belediye Ba\u015fkan Aday\u0131 Abdurrahman Y\u0131ld\u0131z, B\u00fct\u00fcn\u015fehir Yasas\u0131 ile mahalle stat\u00fcs\u00fcne ge\u00e7en; \u00c7aml\u0131dere, Doruklu, Korucular,  Dalakderesi, Evrenli, \u00c7elebili, Musal\u0131, Kepirli, So\u011fucak, Bekiralan\u0131 k\u00f6ylerini ziyaret etti.<\/p>\n<p>Y\u0131ld\u0131z, Mersin Ziraat Odas\u0131 Ba\u015fkan\u0131 Musa Y\u0131lmaz&#8217;\u0131n da e\u015flik etti k\u00f6y gezisinde; Ziraat Odas\u0131&#8217;n\u0131n i\u015fbirli\u011fi ile hayata ge\u00e7irmeyi planlad\u0131klar\u0131 projeleri anlatt\u0131.<\/p>\n<p>5 SENEDE 5 KERE K\u00d6YLERE GELMED\u0130<\/p>\n<p>K\u00f6yl\u00fcler, se\u00e7imden se\u00e7ime k\u00f6yl\u00fcn\u00fcn hat\u0131rlanmas\u0131ndan dert yand\u0131. K\u00f6y muhtarlar\u0131 telefonlar\u0131na bakmayan belediye ba\u015fkan\u0131na tepkisini; &#8220;5 senedir telefonla ula\u015famad\u0131k. 5 senede 5 kere bu k\u00f6ylere gelmemi\u015ftir&#8221; s\u00f6zleriyle dile getirdi.<\/p>\n<p>K\u00d6YLERE U\u011eRAMAYACA\u011eINI B\u0130LE B\u0130LE OY VER\u0130L\u0130YOR<\/p>\n<p>CHP Toroslar Belediye Ba\u015fkan Aday\u0131 Abdurrahman Y\u0131ld\u0131z, mevcut anlay\u0131\u015fa; k\u00f6ylere u\u011framayaca\u011f\u0131n\u0131 bile bile oy verildi\u011fine i\u015faret ederek, &#8220;O arkada\u015flar da \u015funun garantisini alm\u0131\u015f; &#8216;nas\u0131l olsa hi\u00e7bir \u015fey yapmasak da hatta standart belediyecilik bile yapmasak, hatta \u00e7\u00f6p\u00fc bile s\u00fcp\u00fcrmesek, konteyn\u0131rdaki \u00e7\u00f6p\u00fc de bo\u015faltmasak, zaten bunlar bizi se\u00e7iyor.&#8217; &#8216;Niye kendimizi yoral\u0131m&#8217; diyorlar. Asl\u0131nda \u00f6nce bizim de\u011fi\u015fmemiz laz\u0131m&#8221; dedi. Se\u00e7ildikten sonra da mahallelerde, k\u00f6ylerde olaca\u011f\u0131n\u0131 dile getiren Y\u0131ld\u0131z, Mersin Ziraat Odas\u0131 Ba\u015fkan\u0131 Y\u0131lmaz&#8217;dan ald\u0131\u011f\u0131 s\u00f6zle k\u00f6ylerde hayata ge\u00e7irmeyi planlad\u0131\u011f\u0131 projeleri anlatt\u0131.<\/p>\n<p>Y\u00d6R\u00dcKL\u00dcK, B\u0130TME NOKTASINA GELM\u0130\u015eT\u0130R<\/p>\n<p>Kendisi de Y\u00f6r\u00fck olan Y\u0131ld\u0131z, &#8220;\u00dclkemizde uygulanan tar\u0131m politikas\u0131zl\u0131\u011f\u0131 ve yanl\u0131\u015f e\u011fitim politikalar\u0131 sebebiyle k\u00f6y n\u00fcfusu \u00e7ok azalm\u0131\u015f ve ya\u015flanm\u0131\u015ft\u0131r. Hayvanc\u0131l\u0131k \u00fcretiminin temel unsuru Y\u00f6r\u00fckl\u00fck, mera alanlar\u0131n\u0131n yanl\u0131\u015f imar politikalar\u0131 neticesinde yok edilmesi sonucu, bitme noktas\u0131na gelmi\u015ftir. Bu ayn\u0131 zamanda k\u00fclt\u00fcrel bir k\u0131r\u0131ma sebep olmu\u015ftur. Tar\u0131msal \u00fcretim b\u00fcy\u00fck oranda geleneksel aile \u00e7iftlikleri eliyle yap\u0131lmaktad\u0131r. Geldi\u011fimiz noktada k\u00f6yl\u00fc ve Y\u00f6r\u00fck n\u00fcfusu toplam n\u00fcfusun ancak y\u00fczde 5&#8217;i oran\u0131nda kalm\u0131\u015ft\u0131r. Yani toplam n\u00fcfusun y\u00fczde 5&#8217;i geriye kalan y\u00fczde 95&#8217;i beslemek zorunda b\u0131rak\u0131lm\u0131\u015ft\u0131r. Bug\u00fcn ya\u015fanan g\u0131da krizinin hatta a\u00e7l\u0131\u011f\u0131n temel sebebi bu k\u0131r\u0131m ve ya\u015fam tarz\u0131na m\u00fcdahaleden kaynaklanmaktad\u0131r&#8221; diye konu\u015ftu.<\/p>\n<p>K\u00d6YL\u00dcLER\u0130M\u0130Z\u0130N YET\u0130\u015eT\u0130RD\u0130\u011e\u0130 F\u0130DANLARI KULLANACA\u011eIZ<\/p>\n<p>K\u00f6yl\u00fclere garantili \u00fcretim deste\u011fi sunacaklar\u0131n\u0131 ifade eden Y\u0131ld\u0131z, \u015f\u00f6yle devam etti: &#8220;Toroslar&#8217;\u0131 belli bir zihniyetin y\u00f6netti\u011fi belediyecilik anlay\u0131\u015f\u0131ndan, sizlerle y\u00f6netti\u011fimiz bir anlay\u0131\u015fa d\u00f6n\u00fc\u015ft\u00fcrece\u011fim. Biz stratejik planlar\u0131m\u0131z\u0131 k\u00f6yl\u00fclerimizle yapaca\u011f\u0131z. Sosyal hizmet uzmanlar\u0131 dahil yetkililer gelecek sizin taleplerinizi, \u00f6nerilerinizi alacak. Mersin Ziraat Odas\u0131 ile ortak projeler geli\u015ftirece\u011fiz. Fide ve g\u00fcbre deste\u011fi sa\u011flayaca\u011f\u0131z. K\u00f6yl\u00fclerimize garantili \u00fcretim deste\u011fi sunacak her birine pazar deste\u011fi sa\u011flayaca\u011f\u0131z. T\u00fcm bunlara ek olarak sulama birliklerine destekler verece\u011fiz. Tar\u0131msal G\u00fcne\u015f Enerji Tesislerinin kurulmas\u0131na \u00f6nc\u00fcl\u00fck edece\u011fiz. \u0130thal a\u011fa\u00e7lar yerine k\u00f6yl\u00fclerimizin yeti\u015ftirdi\u011fi fidanlar\u0131 kullanaca\u011f\u0131z.&#8221; <\/p>\n","protected":false},"excerpt":{"rendered":"<p>CHP Toroslar Belediye Ba\u015fkan Aday\u0131 Abdurrahman Y\u0131ld\u0131z, se\u00e7imden se\u00e7ime hat\u0131rlanmaktan dert yanan k\u00f6yl\u00fclere; &#8220;Biz stratejik planlar\u0131m\u0131z\u0131 k\u00f6yl\u00fclerimizle yapaca\u011f\u0131z. Toroslar&#8217;\u0131 belli bir zihniyetin y\u00f6netti\u011fi belediyecilik anlay\u0131\u015f\u0131ndan, sizlerle y\u00f6netti\u011fimiz bir anlay\u0131\u015fa d\u00f6n\u00fc\u015ft\u00fcrece\u011fim&#8221; s\u00f6zleriyle yan\u0131t verdi. CHP \/ TOROSLAR\/ MERS\u0130N- K\u00f6ylerde verimli tar\u0131m alanlar\u0131n\u0131n talan edilmesine kar\u015f\u0131 m\u00fccadelesi ile kamuoyunun tan\u0131d\u0131\u011f\u0131 Abdurrahman Y\u0131ld\u0131z, Cumhuriyet Halk Partisi Toroslar Belediye [&hellip;]<\/p>\n","protected":false},"author":2,"featured_media":31464,"comment_status":"open","ping_status":"open","sticky":false,"template":"","format":"standard","meta":{"footnotes":""},"categories":[3,6],"tags":[],"class_list":["post-31463","post","type-post","status-publish","format-standard","has-post-thumbnail","hentry","category-manset","category-siyaset-2"],"views":2,"_links":{"self":[{"href":"https:\/\/mersinkadingazetesi.com\/index.php?rest_route=\/wp\/v2\/posts\/31463"}],"collection":[{"href":"https:\/\/mersinkadingazetesi.com\/index.php?rest_route=\/wp\/v2\/posts"}],"about":[{"href":"https:\/\/mersinkadingazetesi.com\/index.php?rest_route=\/wp\/v2\/types\/post"}],"author":[{"embeddable":true,"href":"https:\/\/mersinkadingazetesi.com\/index.php?rest_route=\/wp\/v2\/users\/2"}],"replies":[{"embeddable":true,"href":"https:\/\/mersinkadingazetesi.com\/index.php?rest_route=%2Fwp%2Fv2%2Fcomments&post=31463"}],"version-history":[{"count":0,"href":"https:\/\/mersinkadingazetesi.com\/index.php?rest_route=\/wp\/v2\/posts\/31463\/revisions"}],"wp:featuredmedia":[{"embeddable":true,"href":"https:\/\/mersinkadingazetesi.com\/index.php?rest_route=\/wp\/v2\/media\/31464"}],"wp:attachment":[{"href":"https:\/\/mersinkadingazetesi.com\/index.php?rest_route=%2Fwp%2Fv2%2Fmedia&parent=31463"}],"wp:term":[{"taxonomy":"category","embeddable":true,"href":"https:\/\/mersinkadingazetesi.com\/index.php?rest_route=%2Fwp%2Fv2%2Fcategories&post=31463"},{"taxonomy":"post_tag","embeddable":true,"href":"https:\/\/mersinkadingazetesi.com\/index.php?rest_route=%2Fwp%2Fv2%2Ftags&post=31463"}],"curies":[{"name":"wp","href":"https:\/\/api.w.org\/{rel}","templated":true}]}}