{"id":31472,"date":"2024-03-17T11:09:31","date_gmt":"2024-03-17T08:09:31","guid":{"rendered":"http:\/\/mersinkadingazetesi.com\/?p=31472"},"modified":"2024-03-17T11:09:31","modified_gmt":"2024-03-17T08:09:31","slug":"boltac-tek-bir-sartimiz-var-istihdam","status":"publish","type":"post","link":"https:\/\/mersinkadingazetesi.com\/?p=31472","title":{"rendered":"Bolta\u00e7 &#8220;Tek bir \u015fart\u0131m\u0131z var: \u0130ST\u0130HDAM&#8221;"},"content":{"rendered":"<p>CHP Tarsus Belediye Ba\u015fkan Aday\u0131 Ali Bolta\u00e7 Tarsus&#8217;a yap\u0131lacak yat\u0131r\u0131mlara destek vereceklerini s\u00f6ylerken,&#8221; Yat\u0131r\u0131mc\u0131lar\u0131m\u0131zdan tek iste\u011fimiz, istihdam\u0131 bu \u015fehrin insanlar\u0131yla \u00e7\u00f6zmeleridir.&#8221; dedi.<\/p>\n<p>Cumhuriyet Halk Partisi Tarsus Belediye Ba\u015fkan Aday\u0131 Ali Bolta\u00e7 Tarsus&#8217;un sanayi ve tar\u0131m sekt\u00f6rlerinde eski kimli\u011fine kavu\u015fmas\u0131 i\u00e7in m\u00fccadele edeceklerini s\u00f6yledi.<br \/>\nG\u00f6reve geldikleri andan itibaren Tarsus&#8217;un var olan potansiyelini yat\u0131r\u0131ma d\u00f6n\u00fc\u015ft\u00fcrmek i\u00e7in m\u00fccadeleye ba\u015flayacaklar\u0131n\u0131 ifade eden CHP&#8217;li Ba\u015fkan aday\u0131 Ali Bolta\u00e7, Tarsus Ticaret ve Sanayi Odas\u0131 ve di\u011fer ekonomik yap\u0131lanmalarla i\u015fbirli\u011fi i\u00e7inde hareket edeceklerini s\u00f6yledi. Bolta\u00e7, &#8221; Tarsus, tar\u0131m ve sanayi sekt\u00f6rlerinde sakl\u0131 bir g\u00fcce sahip. Biz bunu a\u00e7\u0131\u011fa \u00e7\u0131karmak i\u00e7in elimizden geleni yapaca\u011f\u0131z. Ekonomik yap\u0131larla i\u015fbirli\u011fi i\u00e7inde olaca\u011f\u0131z. Organize Sanayi B\u00f6lgesi&#8217;ndeki yat\u0131r\u0131mc\u0131lar\u0131m\u0131za istihdam \u015fart\u0131yla te\u015fvik ve kolayl\u0131klar sa\u011flayaca\u011f\u0131z.  \u0130stihdam \u015fart\u0131n\u0131 Tarsus i\u00e7in istiyoruz. \u0130\u015fsizlik \u00fclkemizin oldu\u011fu gibi Tarsus&#8217;un da ciddi bir sorunu. Bu nedenle yat\u0131r\u0131mc\u0131lar\u0131n istihdam sorununu Tarsus&#8217;tan \u00e7\u00f6zmelerini, Tarsusludan yana inisiyatif kullanmalar\u0131n\u0131 istiyoruz. &#8221; dedi<\/p>\n<p>Tarsus&#8217;un bereketli topraklar \u00fczerinde kuruldu\u011funa da dikkat \u00e7eken Ba\u015fkan aday\u0131 Ali Bolta\u00e7, &#8221; \u015eehrimizin \u00e7ok zengin bir \u00fcr\u00fcn yelpazesi var. Hedefimiz Tarsus&#8217;u bu sekt\u00f6rde \u00fcretim ve pazar merkezi haline getirmek. B\u00fcy\u00fck\u015fehir Belediyemiz ile birlikte \u00fcreticilerimize yapt\u0131\u011f\u0131m\u0131z tar\u0131msal desteklere artt\u0131rarak devam edece\u011fiz. Ay\u0131ca \u00fcreticilerimize altyap\u0131, ula\u015f\u0131m ve ekipman deste\u011fi verece\u011fiz. \u00d6zellikle baz\u0131 tar\u0131msal \u00fcr\u00fcnlerimizin sanayiye kazand\u0131r\u0131lmas\u0131 i\u00e7in \u00f6nc\u00fc olaca\u011f\u0131z. Konserve, Sal\u00e7a ve Meyve Suyu fabrikalar\u0131n\u0131n kurulmas\u0131na \u00f6nc\u00fcl\u00fck edece\u011fiz. Bu bereketli topraklardan \u00e7\u0131kan \u00fcr\u00fcnlerin markala\u015fmas\u0131 ve raflarda yerini almas\u0131 i\u00e7in \u00f6nemli ad\u0131mlar ataca\u011f\u0131z.&#8221; diyerek s\u00f6zlerini noktalad\u0131.<\/p>\n","protected":false},"excerpt":{"rendered":"<p>CHP Tarsus Belediye Ba\u015fkan Aday\u0131 Ali Bolta\u00e7 Tarsus&#8217;a yap\u0131lacak yat\u0131r\u0131mlara destek vereceklerini s\u00f6ylerken,&#8221; Yat\u0131r\u0131mc\u0131lar\u0131m\u0131zdan tek iste\u011fimiz, istihdam\u0131 bu \u015fehrin insanlar\u0131yla \u00e7\u00f6zmeleridir.&#8221; dedi. Cumhuriyet Halk Partisi Tarsus Belediye Ba\u015fkan Aday\u0131 Ali Bolta\u00e7 Tarsus&#8217;un sanayi ve tar\u0131m sekt\u00f6rlerinde eski kimli\u011fine kavu\u015fmas\u0131 i\u00e7in m\u00fccadele edeceklerini s\u00f6yledi. G\u00f6reve geldikleri andan itibaren Tarsus&#8217;un var olan potansiyelini yat\u0131r\u0131ma d\u00f6n\u00fc\u015ft\u00fcrmek i\u00e7in m\u00fccadeleye [&hellip;]<\/p>\n","protected":false},"author":2,"featured_media":31473,"comment_status":"open","ping_status":"open","sticky":false,"template":"","format":"standard","meta":{"footnotes":""},"categories":[3,6],"tags":[],"class_list":["post-31472","post","type-post","status-publish","format-standard","has-post-thumbnail","hentry","category-manset","category-siyaset-2"],"views":4,"_links":{"self":[{"href":"https:\/\/mersinkadingazetesi.com\/index.php?rest_route=\/wp\/v2\/posts\/31472"}],"collection":[{"href":"https:\/\/mersinkadingazetesi.com\/index.php?rest_route=\/wp\/v2\/posts"}],"about":[{"href":"https:\/\/mersinkadingazetesi.com\/index.php?rest_route=\/wp\/v2\/types\/post"}],"author":[{"embeddable":true,"href":"https:\/\/mersinkadingazetesi.com\/index.php?rest_route=\/wp\/v2\/users\/2"}],"replies":[{"embeddable":true,"href":"https:\/\/mersinkadingazetesi.com\/index.php?rest_route=%2Fwp%2Fv2%2Fcomments&post=31472"}],"version-history":[{"count":0,"href":"https:\/\/mersinkadingazetesi.com\/index.php?rest_route=\/wp\/v2\/posts\/31472\/revisions"}],"wp:featuredmedia":[{"embeddable":true,"href":"https:\/\/mersinkadingazetesi.com\/index.php?rest_route=\/wp\/v2\/media\/31473"}],"wp:attachment":[{"href":"https:\/\/mersinkadingazetesi.com\/index.php?rest_route=%2Fwp%2Fv2%2Fmedia&parent=31472"}],"wp:term":[{"taxonomy":"category","embeddable":true,"href":"https:\/\/mersinkadingazetesi.com\/index.php?rest_route=%2Fwp%2Fv2%2Fcategories&post=31472"},{"taxonomy":"post_tag","embeddable":true,"href":"https:\/\/mersinkadingazetesi.com\/index.php?rest_route=%2Fwp%2Fv2%2Ftags&post=31472"}],"curies":[{"name":"wp","href":"https:\/\/api.w.org\/{rel}","templated":true}]}}