{"id":31475,"date":"2024-03-17T11:12:57","date_gmt":"2024-03-17T08:12:57","guid":{"rendered":"http:\/\/mersinkadingazetesi.com\/?p=31475"},"modified":"2024-03-17T11:12:57","modified_gmt":"2024-03-17T08:12:57","slug":"serdar-soydan-bahanesiz-liyakatli-belediyecilik-basliyor","status":"publish","type":"post","link":"https:\/\/mersinkadingazetesi.com\/?p=31475","title":{"rendered":"Serdar Soydan: &#8220;Bahanesiz, liyakatli belediyecilik ba\u015fl\u0131yor&#8221;"},"content":{"rendered":"<p>Cumhur \u0130ttifak\u0131 Mersin B\u00fcy\u00fck\u015fehir Belediye Ba\u015fkan Aday\u0131 Serdar Soydan: &#8220;Mersin yeterince zaman kaybetti. Bahanelere s\u0131\u011f\u0131nmayaca\u011f\u0131z. Rayl\u0131 sistemi de, alt yap\u0131y\u0131 da, imar d\u00fczenlemelerini de Cumhur \u0130ttifak\u0131 yapar. Ula\u015f\u0131m sorununu da biz \u00e7\u00f6zeriz. Az kald\u0131, bahanesiz, liyakatli belediyecilik ba\u015fl\u0131yor.&#8221; Dedi.<\/p>\n<p>&#8220;\u00dcreticilerin sorunu var. Esnaflar\u0131m\u0131z\u0131n sorunu var. Yat\u0131r\u0131m sorunu var&#8221;<\/p>\n<p>Se\u00e7im \u00e7al\u0131\u015fmalar\u0131 kapsam\u0131nda gitti\u011fi her yerde, her bulu\u015fmada Mersin&#8217;in sorunlar\u0131na dikkat \u00e7eken Serdar Soydan, sorunlar\u0131 yerinde tespit ettiklerini anlatarak \u015funlar\u0131 s\u00f6yledi: &#8220;Mersin, bahanelerle \u00e7ok zaman kaybetti. Olmayan metroya Milyonlarca lira harcand\u0131. Art\u0131k bunlar\u0131 geride b\u0131rakmal\u0131y\u0131z ve bu sorunu h\u0131zl\u0131ca \u00e7\u00f6zmeliyiz. Bunu da biz yapar\u0131z. Bu kentin ula\u015f\u0131m sorunu var. Yat\u0131r\u0131m sorunu var. \u0130stihdam sorunu var. \u00dcreticilerin sorunu var. Esnaflar\u0131m\u0131z\u0131n sorunu var. Bu kentin t\u00fcm dinamikleri ile bir araya geldik. Hepsinin g\u00f6r\u00fc\u015flerini ve taleplerini ald\u0131k. Bu kentte esnaf\u0131, i\u015f insanlar\u0131n\u0131, ev han\u0131mlar\u0131n\u0131, gen\u00e7lerimizi \u00e7ok \u00f6nemsiyoruz. Mersin&#8217;i onlardan dinliyoruz ve her s\u00f6ylediklerini not ettik.&#8221; diye konu\u015ftu.<\/p>\n<p>&#8220;Mersin bir g\u00fcne\u015f kentidir. GES Kullan\u0131m\u0131n\u0131 T\u00fcm \u0130limizde Yayg\u0131nla\u015ft\u0131raca\u011f\u0131z.&#8221; <\/p>\n<p>G\u00fcne\u015f enerjisinin Mersin i\u00e7in vazge\u00e7ilmez bir sonsuz kaynak oldu\u011funu kaydeden Serdar Soydan, bu konudaki projelerini \u015f\u00f6yle a\u00e7\u0131klad\u0131: &#8220;300 g\u00fcn\u00fc g\u00fcne\u015fli Mersin, G\u00fcne\u015f Enerji Sistemleri (GES) projesi i\u00e7in ideal bir \u015fehir konumdad\u0131r. \u0130\u015fte biz de bu g\u00fczelli\u011fimizi Belediyemizin enerji ihtiyac\u0131n\u0131 kar\u015f\u0131lamak i\u00e7in kullanmak ad\u0131na bu projemizi hayata ge\u00e7irece\u011fiz. Ayr\u0131ca GES kurulumlar\u0131nda da hem\u015fehrilerimize destekler verece\u011fiz. GES kullan\u0131m\u0131n\u0131 t\u00fcm ilimizde yayg\u0131nla\u015ft\u0131raca\u011f\u0131z.&#8221;<\/p>\n","protected":false},"excerpt":{"rendered":"<p>Cumhur \u0130ttifak\u0131 Mersin B\u00fcy\u00fck\u015fehir Belediye Ba\u015fkan Aday\u0131 Serdar Soydan: &#8220;Mersin yeterince zaman kaybetti. Bahanelere s\u0131\u011f\u0131nmayaca\u011f\u0131z. Rayl\u0131 sistemi de, alt yap\u0131y\u0131 da, imar d\u00fczenlemelerini de Cumhur \u0130ttifak\u0131 yapar. Ula\u015f\u0131m sorununu da biz \u00e7\u00f6zeriz. Az kald\u0131, bahanesiz, liyakatli belediyecilik ba\u015fl\u0131yor.&#8221; Dedi. &#8220;\u00dcreticilerin sorunu var. Esnaflar\u0131m\u0131z\u0131n sorunu var. Yat\u0131r\u0131m sorunu var&#8221; Se\u00e7im \u00e7al\u0131\u015fmalar\u0131 kapsam\u0131nda gitti\u011fi her yerde, her [&hellip;]<\/p>\n","protected":false},"author":2,"featured_media":31476,"comment_status":"open","ping_status":"open","sticky":false,"template":"","format":"standard","meta":{"footnotes":""},"categories":[3,6],"tags":[],"class_list":["post-31475","post","type-post","status-publish","format-standard","has-post-thumbnail","hentry","category-manset","category-siyaset-2"],"views":2,"_links":{"self":[{"href":"https:\/\/mersinkadingazetesi.com\/index.php?rest_route=\/wp\/v2\/posts\/31475"}],"collection":[{"href":"https:\/\/mersinkadingazetesi.com\/index.php?rest_route=\/wp\/v2\/posts"}],"about":[{"href":"https:\/\/mersinkadingazetesi.com\/index.php?rest_route=\/wp\/v2\/types\/post"}],"author":[{"embeddable":true,"href":"https:\/\/mersinkadingazetesi.com\/index.php?rest_route=\/wp\/v2\/users\/2"}],"replies":[{"embeddable":true,"href":"https:\/\/mersinkadingazetesi.com\/index.php?rest_route=%2Fwp%2Fv2%2Fcomments&post=31475"}],"version-history":[{"count":0,"href":"https:\/\/mersinkadingazetesi.com\/index.php?rest_route=\/wp\/v2\/posts\/31475\/revisions"}],"wp:featuredmedia":[{"embeddable":true,"href":"https:\/\/mersinkadingazetesi.com\/index.php?rest_route=\/wp\/v2\/media\/31476"}],"wp:attachment":[{"href":"https:\/\/mersinkadingazetesi.com\/index.php?rest_route=%2Fwp%2Fv2%2Fmedia&parent=31475"}],"wp:term":[{"taxonomy":"category","embeddable":true,"href":"https:\/\/mersinkadingazetesi.com\/index.php?rest_route=%2Fwp%2Fv2%2Fcategories&post=31475"},{"taxonomy":"post_tag","embeddable":true,"href":"https:\/\/mersinkadingazetesi.com\/index.php?rest_route=%2Fwp%2Fv2%2Ftags&post=31475"}],"curies":[{"name":"wp","href":"https:\/\/api.w.org\/{rel}","templated":true}]}}