{"id":31478,"date":"2024-03-17T11:14:16","date_gmt":"2024-03-17T08:14:16","guid":{"rendered":"http:\/\/mersinkadingazetesi.com\/?p=31478"},"modified":"2024-03-17T11:14:16","modified_gmt":"2024-03-17T08:14:16","slug":"secer-buyuksehir-belediyesi-olarak-her-yere-adaletli-hizmet-goturduk","status":"publish","type":"post","link":"https:\/\/mersinkadingazetesi.com\/?p=31478","title":{"rendered":"SE\u00c7ER: &#8220;B\u00dcY\u00dcK\u015eEH\u0130R BELED\u0130YES\u0130 OLARAK HER YERE ADALETL\u0130 H\u0130ZMET G\u00d6T\u00dcRD\u00dcK&#8221;"},"content":{"rendered":"<p>Mersin&#8217;in her noktas\u0131n\u0131 kar\u0131\u015f kar\u0131\u015f gezen ve her daim halk\u0131n yan\u0131nda olan Mersin B\u00fcy\u00fck\u015fehir Belediye Ba\u015fkan\u0131 ve Cumhuriyet Halk Partisi (CHP) Mersin B\u00fcy\u00fck\u015fehir Belediye Ba\u015fkan Aday\u0131 Vahap Se\u00e7er, Mersin halk\u0131yla bir araya gelmeyi s\u00fcrd\u00fcr\u00fcyor. Bat\u0131 il\u00e7elerine \u00e7\u0131karma yaparak Bozyaz\u0131, Anamur ve Ayd\u0131nc\u0131k&#8217;ta yurtta\u015flarla bir araya gelen Se\u00e7er, son olarak G\u00fclnar halk\u0131yla bulu\u015ftu. \u0130l\u00e7elerine hizmeti getiren Ba\u015fkanlar\u0131n\u0131 co\u015fkuyla kar\u015f\u0131layan G\u00fclnar halk\u0131, desteklerini ve te\u015fekk\u00fcrlerini ileterek, ayr\u0131ms\u0131z ve adaletli hizmetten duyduklar\u0131 memnuniyeti dile getirdi.<\/p>\n<p>&#8220;B\u00fcy\u00fck\u015fehir Belediyesi olarak her yere adaletli hizmet g\u00f6t\u00fcrd\u00fck&#8221;<\/p>\n<p>G\u00fclnar&#8217;da ilk olarak Bardat Mevkii&#8217;nde yurtta\u015flarla bir araya gelen Se\u00e7er, geride kalan 5 y\u0131l i\u00e7erisinde g\u00f6rev s\u00fcresi boyunca Mersin&#8217;in her b\u00f6lgesine hizmet g\u00f6t\u00fcrd\u00fcklerini kaydetti. 5 y\u0131ll\u0131k g\u00f6rev s\u00fcresi boyunca B\u00fcy\u00fck\u015fehir Belediyesi&#8217;nin imkan ve kaynaklar\u0131n\u0131 yurtta\u015flar i\u00e7in en iyi \u015fekilde kulland\u0131klar\u0131n\u0131n alt\u0131n\u0131 \u00e7izen Se\u00e7er, &#8220;B\u00fcy\u00fck\u015fehir Belediyesi olarak her yere, her \u015feyden \u00f6nce adaletli bir hizmeti getirdik. Hi\u00e7bir muhtar; &#8216;Ba\u015fkan\u0131m, siz hizmetlerinizde particili\u011fi \u00f6ne \u00e7\u0131kard\u0131n\u0131z, size oy vermi\u015f k\u00f6ylere hizmet yapt\u0131n\u0131z, oy vermemi\u015f yerlere hizmet yapmad\u0131n\u0131z&#8217; diyemez. \u0130nsanlar\u0131n elini vicdan\u0131na koymas\u0131 laz\u0131m. Biz iyi niyetle hizmet ettik ve yapt\u0131\u011f\u0131m\u0131z hizmetler de be\u011fenildi. Mersin&#8217;de vatanda\u015flar\u0131m\u0131z, Ba\u015fkanlar\u0131n\u0131n tav\u0131rlar\u0131ndan, davran\u0131\u015f\u0131ndan, konu\u015fmalar\u0131ndan, insanlara yakla\u015f\u0131m\u0131ndan \u00e7ok memnun. Mersin B\u00fcy\u00fck\u015fehir Belediyesi&#8217;nin yapt\u0131\u011f\u0131 hizmetlerden memnun&#8221; ifadelerini kulland\u0131. Se\u00e7er, B\u00fcy\u00fck\u015fehir Belediyesi olarak yol, i\u00e7me suyu, kanalizasyon gibi b\u00f6lgelerde ihtiya\u00e7 duyulan her t\u00fcrl\u00fc hizmeti yapmaya da devam edeceklerini vurgulad\u0131.<\/p>\n<p>&#8220;B\u00fcy\u00fck\u015fehir&#8217;i a\u00e7\u0131k ara farkla kazanaca\u011f\u0131z&#8221;<\/p>\n<p>31 Mart&#8217;ta yap\u0131lacak se\u00e7imlerde B\u00fcy\u00fck\u015fehir&#8217;de kendisine, G\u00fclnar&#8217;da ise CHP&#8217;nin Belediye Ba\u015fkan Aday\u0131 Bayram Ali Dede&#8217;ye destek isteyen Se\u00e7er, &#8220;B\u00fcy\u00fck\u015fehir&#8217;i a\u00e7\u0131k ara farkla kazanaca\u011f\u0131z. Bu r\u00fczgarla G\u00fclnar Belediyesi&#8217;ni de kazanaca\u011f\u0131z. Buna can\u0131 y\u00fcrekten inan\u0131yoruz. Desteklerinizi bekliyoruz&#8221; diye konu\u015ftu.<\/p>\n<p>Se\u00e7er K\u00f6se\u00e7obanl\u0131&#8217;da halkla bulu\u015ftu; &#8220;Sizlerin destekleri sayesinde G\u00fclnar&#8217;a bahar\u0131 getirdik&#8221;<\/p>\n<p>Ard\u0131ndan K\u00f6se\u00e7obanl\u0131 Mahallesi&#8217;nde Halk Bulu\u015fmas\u0131 ger\u00e7ekle\u015ftiren Se\u00e7er, 5 y\u0131l \u00f6nce yap\u0131lan yerel se\u00e7imlerde G\u00fclnar halk\u0131n\u0131n kendisine vermi\u015f oldu\u011fu desteklerden dolay\u0131 te\u015fekk\u00fcr etti. Se\u00e7er, &#8220;31 Mart 2019&#8217;da buraya bahar\u0131 getirece\u011fiz demi\u015ftik. Sizlerin de sayesinde buraya bahar\u0131 getirdik. Biz itikatl\u0131 insanlar\u0131z. Bu duyguyla \u00e7al\u0131\u015f\u0131yoruz. Vicdan\u0131m\u0131z rahat&#8221; dedi.5 y\u0131ll\u0131k g\u00f6rev s\u00fcresi boyunca Anamur&#8217;dan \u00c7aml\u0131yayla&#8217;ya kadar her yere hizmet g\u00f6t\u00fcrd\u00fcklerini kaydeden Se\u00e7er, hizmetlerini ger\u00e7ekle\u015ftirirken plan ve projelerde Meclis&#8217;te yap\u0131lan oylamalar\u0131n da \u00f6nemli oldu\u011funu vurgulayarak, Meclis \u00e7o\u011funlu\u011funu olu\u015fturman\u0131n da bu y\u00fczden \u00f6nemli oldu\u011funa dikkat \u00e7ekti.<\/p>\n<p>&#8220;Bu halk; emek edeni, kendilerini seveni, al\u0131n teri d\u00f6keni yaln\u0131z b\u0131rakmaz&#8221;<\/p>\n<p>Hizmetlerin kesintisiz olarak devam edece\u011fini belirterek CHP&#8217;nin G\u00fclnar Belediye Ba\u015fkan Aday\u0131 Bayram Ali Dede&#8217;ye de destek isteyen Se\u00e7er, &#8220;Bayram Ali Ba\u015fkan, d\u00fczg\u00fcn adam. Ben g\u00f6rd\u00fcklerimi ve duyduklar\u0131m\u0131 s\u00f6yl\u00fcyorum. Bunu anketlerden de g\u00f6r\u00fcyorum. G\u00fclnar&#8217;a geldi\u011fim zaman vatanda\u015f\u0131n davran\u0131\u015f\u0131ndan da g\u00f6r\u00fcyorum. Bu se\u00e7imi ya alaca\u011f\u0131z ya alaca\u011f\u0131z. Bana nas\u0131l destek oluyorsan\u0131z Bayram Ali Dede&#8217;ye de destek olun&#8221; diye konu\u015ftu. \u015eimdiye kadar kendisine oy vermeyen ancak yap\u0131lan hizmetlerden sonra Mersin&#8217;de bir memnuniyet olu\u015fturduklar\u0131n\u0131 belirten Se\u00e7er, &#8220;Biz B\u00fcy\u00fck\u015fehir&#8217;de a\u00e7\u0131k ara farkla alaca\u011f\u0131z.  Biz, 5 y\u0131ld\u0131r halk\u0131n aras\u0131nday\u0131z. Ba\u015fkan halk\u0131n\u0131, halk da Ba\u015fkan\u0131n\u0131 seviyor. Bu halk \u00e7al\u0131\u015fan\u0131, emek edeni, kendilerini seveni, al\u0131n teri d\u00f6keni yaln\u0131z b\u0131rakmaz&#8221; dedi.<\/p>\n<p>&#8220;Haftaya burada k\u00fc\u00e7\u00fck otob\u00fcs seferlerini ba\u015flat\u0131yoruz&#8221;<\/p>\n<p>Ramazan kolilerini ihtiya\u00e7 sahibi ailelere ula\u015ft\u0131rd\u0131klar\u0131n\u0131 kaydeden Ba\u015fkan Se\u00e7er, &#8220;Belli kaynaklar\u0131m\u0131z var, fakir insanlar als\u0131n, biz onu istiyoruz. O kaynaklar\u0131 onlara kullanal\u0131m. \u0130htiya\u00e7 sahibi olmayan\u0131n zaten almas\u0131na gerek yok&#8221; diye konu\u015ftu. Ba\u015fkan Se\u00e7er, b\u00f6lgeye verilen di\u011fer destekleri de anlatarak, &#8220;Buraya 43 bin 333 adet lavanta fidesi da\u011f\u0131tm\u0131\u015f\u0131z. Biz \u00fcretim diyoruz&#8221; dedi.<\/p>\n<p>&#8220;Biz belediyeyi ak\u0131lla, hesapla, bilimle y\u00f6netiyoruz&#8221; diyen Ba\u015fkan Se\u00e7er, G\u00fclnar&#8217;da bulunan \u00f6\u011frenciler ve vatanda\u015flar\u0131n talebi \u00fczerine &#8216;Atak&#8217; otob\u00fcslerden g\u00f6ndereceklerini belirterek, &#8220;\u015eimdi biz konu\u015ftuk \u00f6\u011frencileriniz varm\u0131\u015f. Ben ge\u00e7en g\u00fcn G\u00fclnar&#8217;da da bir s\u00f6z verdim. Ben bir \u00e7al\u0131\u015fma yapt\u0131raca\u011f\u0131m. Biz yeni, k\u00fc\u00e7\u00fck otob\u00fcsler ald\u0131k; dar sokaklar ve k\u00f6y yollar\u0131 i\u00e7in. Haftaya burada k\u00fc\u00e7\u00fck otob\u00fcs seferlerini ba\u015flat\u0131yoruz&#8221; dedi.<\/p>\n<p>Halk Bulu\u015fmas\u0131&#8217;nda alanda \u00e7ok say\u0131da &#8216;\u00dcmm\u00fc&#8217; isimli kad\u0131n\u0131n oldu\u011funu fark eden Se\u00e7er ile kad\u0131nlar aras\u0131nda keyif dolu diyaloglar ya\u015fand\u0131. \u00dcmm\u00fc isimli kad\u0131nlar, yerel se\u00e7imlerde Ba\u015fkan Se\u00e7er&#8217;i destekleyeceklerini kaydederken Se\u00e7er de; &#8220;Beni bu se\u00e7imde \u00dcmm\u00fc&#8217;ler koruyacak. \u00dcmm\u00fc&#8217;ler bu i\u015fi bitirecek. Kendimizi onlara emanet ettik&#8221; dedi.<\/p>\n<p>K\u0131\u015f: &#8220;Ba\u015fkan\u0131m\u0131z do\u011fru yerde do\u011fru yat\u0131r\u0131m\u0131 yap\u0131yor&#8221;<\/p>\n<p>K\u00f6se\u00e7obanl\u0131lar&#8217;\u0131n Ba\u015fkan Vahap Se\u00e7er&#8217;i 2019 y\u0131l\u0131 se\u00e7imleri \u00f6ncesi co\u015fkuyla kar\u015f\u0131lad\u0131\u011f\u0131n\u0131 hat\u0131rlatan CHP Mersin Milletvekili G\u00fclcan K\u0131\u015f, &#8220;Ben inan\u0131yorum ki 31 Mart&#8217;ta Vahap Ba\u015fkan tekrardan Mersin B\u00fcy\u00fck\u015fehir Belediye Ba\u015fkan\u0131 olarak G\u00fclnar&#8217;da ve di\u011fer t\u00fcm sand\u0131klarda y\u00fcksek bir oy alacak. \u00c7\u00fcnk\u00fc sizlerdeki bu co\u015fku, bu heyecan bunu g\u00f6steriyor&#8221; dedi. Ba\u015fkan Vahap Se\u00e7er&#8217;in 5 y\u0131l boyunca yak\u0131n-uzak demeden Mersin&#8217;in her mahallesine hizmet g\u00f6t\u00fcrd\u00fc\u011f\u00fcn\u00fc kaydeden K\u0131\u015f, &#8220;O b\u00f6lgenin, o mahallenin ihtiyac\u0131n\u0131 tespit ediyor, ona g\u00f6re hizmetlerini g\u00f6t\u00fcr\u00fcyor. Devletin paras\u0131n\u0131, sizden gelen vergileri israf etmiyor. Do\u011fru yere do\u011fru yat\u0131r\u0131m yap\u0131yor&#8221; dedi.<\/p>\n<p>Dede: &#8220;G\u00fclnar&#8217;\u0131 ya\u015fanabilir bir \u015fehir yapmak i\u00e7in canla ba\u015fla m\u00fccadele edece\u011fim&#8221;<\/p>\n<p>CHP G\u00fclnar Belediye Ba\u015fkan Aday\u0131 Bayram Ali Dede de konu\u015fmas\u0131nda;  &#8220;5 y\u0131l \u00f6nce, karl\u0131 bir Mart g\u00fcn\u00fc, G\u00fclnar&#8217;a ve Mersin&#8217;e bahar\u0131 getirece\u011fiz demi\u015ftik ve i\u015fte bahar geldi. \u015eimdi de bereketi ve bayram\u0131 getirece\u011fiz&#8221; dedi. G\u00fclnar&#8217;\u0131 g\u00fczelle\u015ftirmek i\u00e7in gerekli \u00e7al\u0131\u015fmalar\u0131 hayata ge\u00e7irece\u011fini dile getiren Dede, &#8220;Bu topraklarda do\u011fan, b\u00fcy\u00fcyen, kendisini G\u00fclnarl\u0131 hisseden her vatanda\u015f\u0131m\u0131z gibi ben de kendi memleketimi, G\u00fclnar&#8217;\u0131 g\u00fczelle\u015ftirip, ya\u015fanabilir bir \u015fehir yapmak i\u00e7in canla ba\u015fla m\u00fccadele edece\u011fim. Bunun i\u00e7in de 31 Mart&#8217;ta Say\u0131n B\u00fcy\u00fck\u015fehir Belediye Ba\u015fkan\u0131m Vahap Se\u00e7er&#8217;e ve Cumhuriyet Halk Partisi G\u00fclnar Belediye Ba\u015fkan Aday\u0131 Bayram Ali Dede&#8217;ye desteklerinizi istiyorum&#8221; diye konu\u015ftu. B\u00f6lgenin sorunlar\u0131n\u0131 ve ihtiya\u00e7lar\u0131n\u0131 da \u00e7ok iyi bildi\u011finden s\u00f6z eden Dede, belediye ba\u015fkan\u0131 olarak se\u00e7ildi\u011finde G\u00fclnar&#8217;da hayata ge\u00e7irecekleri projeleri anlatt\u0131.<\/p>\n","protected":false},"excerpt":{"rendered":"<p>Mersin&#8217;in her noktas\u0131n\u0131 kar\u0131\u015f kar\u0131\u015f gezen ve her daim halk\u0131n yan\u0131nda olan Mersin B\u00fcy\u00fck\u015fehir Belediye Ba\u015fkan\u0131 ve Cumhuriyet Halk Partisi (CHP) Mersin B\u00fcy\u00fck\u015fehir Belediye Ba\u015fkan Aday\u0131 Vahap Se\u00e7er, Mersin halk\u0131yla bir araya gelmeyi s\u00fcrd\u00fcr\u00fcyor. Bat\u0131 il\u00e7elerine \u00e7\u0131karma yaparak Bozyaz\u0131, Anamur ve Ayd\u0131nc\u0131k&#8217;ta yurtta\u015flarla bir araya gelen Se\u00e7er, son olarak G\u00fclnar halk\u0131yla bulu\u015ftu. \u0130l\u00e7elerine hizmeti getiren [&hellip;]<\/p>\n","protected":false},"author":2,"featured_media":31479,"comment_status":"open","ping_status":"open","sticky":false,"template":"","format":"standard","meta":{"footnotes":""},"categories":[2,3,5],"tags":[],"class_list":["post-31478","post","type-post","status-publish","format-standard","has-post-thumbnail","hentry","category-gundem","category-manset","category-mersin"],"views":2,"_links":{"self":[{"href":"https:\/\/mersinkadingazetesi.com\/index.php?rest_route=\/wp\/v2\/posts\/31478"}],"collection":[{"href":"https:\/\/mersinkadingazetesi.com\/index.php?rest_route=\/wp\/v2\/posts"}],"about":[{"href":"https:\/\/mersinkadingazetesi.com\/index.php?rest_route=\/wp\/v2\/types\/post"}],"author":[{"embeddable":true,"href":"https:\/\/mersinkadingazetesi.com\/index.php?rest_route=\/wp\/v2\/users\/2"}],"replies":[{"embeddable":true,"href":"https:\/\/mersinkadingazetesi.com\/index.php?rest_route=%2Fwp%2Fv2%2Fcomments&post=31478"}],"version-history":[{"count":0,"href":"https:\/\/mersinkadingazetesi.com\/index.php?rest_route=\/wp\/v2\/posts\/31478\/revisions"}],"wp:featuredmedia":[{"embeddable":true,"href":"https:\/\/mersinkadingazetesi.com\/index.php?rest_route=\/wp\/v2\/media\/31479"}],"wp:attachment":[{"href":"https:\/\/mersinkadingazetesi.com\/index.php?rest_route=%2Fwp%2Fv2%2Fmedia&parent=31478"}],"wp:term":[{"taxonomy":"category","embeddable":true,"href":"https:\/\/mersinkadingazetesi.com\/index.php?rest_route=%2Fwp%2Fv2%2Fcategories&post=31478"},{"taxonomy":"post_tag","embeddable":true,"href":"https:\/\/mersinkadingazetesi.com\/index.php?rest_route=%2Fwp%2Fv2%2Ftags&post=31478"}],"curies":[{"name":"wp","href":"https:\/\/api.w.org\/{rel}","templated":true}]}}