{"id":31481,"date":"2024-03-17T11:15:17","date_gmt":"2024-03-17T08:15:17","guid":{"rendered":"http:\/\/mersinkadingazetesi.com\/?p=31481"},"modified":"2024-03-17T11:15:17","modified_gmt":"2024-03-17T08:15:17","slug":"yildiz-kendi-koyunde-iftar-yemegine-katildi","status":"publish","type":"post","link":"https:\/\/mersinkadingazetesi.com\/?p=31481","title":{"rendered":"Y\u0131ld\u0131z, kendi k\u00f6y\u00fcnde iftar yeme\u011fine kat\u0131ld\u0131"},"content":{"rendered":"<p>Toroslar&#8217;a ba\u011fl\u0131 Alada\u011f k\u00f6y\u00fcnde geleneksel iftar sofras\u0131 kuruldu. Cumhuriyet Halk Partisi Toroslar Belediye Ba\u015fkan Aday\u0131 Abdurrahman Y\u0131ld\u0131z da sokaklar\u0131nda top oynad\u0131\u011f\u0131 Alada\u011f K\u00f6y\u00fc&#8217;nde kom\u015fular\u0131 ile eski g\u00fcnleri yad etti. <\/p>\n<p>CHP Toroslar Belediye Ba\u015fkan Aday\u0131 Abdurrahman Y\u0131ld\u0131z, Kent Radyo&#8217;daki s\u00f6yle\u015fi ile ba\u015flad\u0131\u011f\u0131 se\u00e7im \u00e7al\u0131\u015fmas\u0131n\u0131 esnaf ziyaretleri ile s\u00fcrd\u00fcrd\u00fc.  Akbelen Bulvar\u0131 \u00fczerindeki esnaflar\u0131 ziyaret eden Y\u0131ld\u0131z, ard\u0131ndan Akbelen Pazar yerinde esnaf ve vatanda\u015flarla sohbet etti. Y\u0131ld\u0131z, se\u00e7ildikten sonra yine mahallelerde, k\u00f6ylerde olaca\u011f\u0131n\u0131 belirterek, &#8220;Toroslar&#8217;\u0131 belli bir zihniyetin y\u00f6netti\u011fi belediyecilik anlay\u0131\u015f\u0131ndan, sizlerle y\u00f6netti\u011fimiz bir anlay\u0131\u015fa d\u00f6n\u00fc\u015ft\u00fcrece\u011fim&#8221; dedi.<\/p>\n<p>K\u00d6YL\u00dcLER\u0130 \u0130FTAR YAPTI<\/p>\n<p>CHP Toroslar Belediye Ba\u015fkan Aday\u0131 Y\u0131ld\u0131z, g\u00fcn\u00fc kendi k\u00f6y\u00fc olan Alada\u011f&#8217;da tamamlad\u0131. Alada\u011f k\u00f6y\u00fcnde geleneksel hale gelen iftar sofras\u0131na oturan Y\u0131ld\u0131z, k\u00f6yl\u00fclerinin her y\u0131l b\u00fcy\u00fck heyecanla haz\u0131rland\u0131\u011f\u0131 iftar yeme\u011finde ge\u00e7mi\u015f g\u00fcnleri yad etmenin heyecan\u0131n\u0131 ya\u015fad\u0131. <\/p>\n","protected":false},"excerpt":{"rendered":"<p>Toroslar&#8217;a ba\u011fl\u0131 Alada\u011f k\u00f6y\u00fcnde geleneksel iftar sofras\u0131 kuruldu. Cumhuriyet Halk Partisi Toroslar Belediye Ba\u015fkan Aday\u0131 Abdurrahman Y\u0131ld\u0131z da sokaklar\u0131nda top oynad\u0131\u011f\u0131 Alada\u011f K\u00f6y\u00fc&#8217;nde kom\u015fular\u0131 ile eski g\u00fcnleri yad etti. CHP Toroslar Belediye Ba\u015fkan Aday\u0131 Abdurrahman Y\u0131ld\u0131z, Kent Radyo&#8217;daki s\u00f6yle\u015fi ile ba\u015flad\u0131\u011f\u0131 se\u00e7im \u00e7al\u0131\u015fmas\u0131n\u0131 esnaf ziyaretleri ile s\u00fcrd\u00fcrd\u00fc. Akbelen Bulvar\u0131 \u00fczerindeki esnaflar\u0131 ziyaret eden Y\u0131ld\u0131z, ard\u0131ndan [&hellip;]<\/p>\n","protected":false},"author":2,"featured_media":31482,"comment_status":"open","ping_status":"open","sticky":false,"template":"","format":"standard","meta":{"footnotes":""},"categories":[6],"tags":[],"class_list":["post-31481","post","type-post","status-publish","format-standard","has-post-thumbnail","hentry","category-siyaset-2"],"views":2,"_links":{"self":[{"href":"https:\/\/mersinkadingazetesi.com\/index.php?rest_route=\/wp\/v2\/posts\/31481"}],"collection":[{"href":"https:\/\/mersinkadingazetesi.com\/index.php?rest_route=\/wp\/v2\/posts"}],"about":[{"href":"https:\/\/mersinkadingazetesi.com\/index.php?rest_route=\/wp\/v2\/types\/post"}],"author":[{"embeddable":true,"href":"https:\/\/mersinkadingazetesi.com\/index.php?rest_route=\/wp\/v2\/users\/2"}],"replies":[{"embeddable":true,"href":"https:\/\/mersinkadingazetesi.com\/index.php?rest_route=%2Fwp%2Fv2%2Fcomments&post=31481"}],"version-history":[{"count":0,"href":"https:\/\/mersinkadingazetesi.com\/index.php?rest_route=\/wp\/v2\/posts\/31481\/revisions"}],"wp:featuredmedia":[{"embeddable":true,"href":"https:\/\/mersinkadingazetesi.com\/index.php?rest_route=\/wp\/v2\/media\/31482"}],"wp:attachment":[{"href":"https:\/\/mersinkadingazetesi.com\/index.php?rest_route=%2Fwp%2Fv2%2Fmedia&parent=31481"}],"wp:term":[{"taxonomy":"category","embeddable":true,"href":"https:\/\/mersinkadingazetesi.com\/index.php?rest_route=%2Fwp%2Fv2%2Fcategories&post=31481"},{"taxonomy":"post_tag","embeddable":true,"href":"https:\/\/mersinkadingazetesi.com\/index.php?rest_route=%2Fwp%2Fv2%2Ftags&post=31481"}],"curies":[{"name":"wp","href":"https:\/\/api.w.org\/{rel}","templated":true}]}}