{"id":31487,"date":"2024-03-17T11:22:36","date_gmt":"2024-03-17T08:22:36","guid":{"rendered":"http:\/\/mersinkadingazetesi.com\/?p=31487"},"modified":"2024-03-17T11:22:49","modified_gmt":"2024-03-17T08:22:49","slug":"31487","status":"publish","type":"post","link":"https:\/\/mersinkadingazetesi.com\/?p=31487","title":{"rendered":"VAL\u0130 AL\u0130 HAMZA PEHL\u0130VAN, \u00dcLKEM\u0130Z\u0130N \u0130LK ENGELS\u0130Z GEN\u00c7L\u0130K MERKEZ\u0130\u2019N\u0130 Z\u0130YARET ETT\u0130 \u0130NCELEMELERDE BULUNDU"},"content":{"rendered":"<p>Vali Ali Hamza Pehlivan, T\u00fcrkiye\u2019de bir ilk olma \u00f6zelli\u011fine sahip Gen\u00e7lik ve Spor Bakanl\u0131\u011f\u0131 taraf\u0131ndan Mezitli \u0130l\u00e7esi Yeni Mahallede yap\u0131lan Mersin Engelsiz Gen\u00e7lik Merkezi\u2019ni ziyaret etti, incelemelerde bulundu.<\/p>\n<p>Mersin Engelsiz Gen\u00e7lik Merkezinde incelemelerde bulunarak \u0130l Gen\u00e7lik ve Spor M\u00fcd\u00fcr\u00fc \u00d6kke\u015f Demir ve y\u00fcklenici firma yetkililerinden bilgiler alan Vali Pehlivan, yapm\u0131\u015f oldu\u011fu bas\u0131n a\u00e7\u0131klamas\u0131nda; \u201c\u015eu anda T\u00fcrkiye&#8217;de bir ilk olma \u00f6zelli\u011fi ta\u015f\u0131yan ve Mezitli \u0130l\u00e7emizde bulunan Engelsiz Gen\u00e7lik Merkezimizde bulunuyoruz. Merkezimizin in\u015faat \u00e7al\u0131\u015fmalar\u0131 tamamland\u0131. \u015eu anda Gen\u00e7lik ve Spor \u0130l M\u00fcd\u00fcrl\u00fc\u011f\u00fcm\u00fczle, \u0130l Milli E\u011fitim M\u00fcd\u00fcrl\u00fc\u011f\u00fcm\u00fcz aras\u0131nda yap\u0131lan protokol gere\u011fi Meslek Liselerimiz taraf\u0131ndan Gen\u00e7lik Merkezinin i\u00e7inin ah\u015fap k\u0131s\u0131mlar\u0131 ba\u015fta olmak \u00fczere tefri\u015fat ve d\u00fczenleme \u00e7al\u0131\u015fmalar\u0131 ger\u00e7ekle\u015ftiriliyor.<br \/>\nEngelsiz Gen\u00e7lik Merkezimiz, toplamda yakla\u015f\u0131k 23 d\u00f6n\u00fcm arsa \u00fczerine kurulu bulunmaktad\u0131r. Kapal\u0131 alan\u0131 yakla\u015f\u0131k 4.500 m\u00b2 ve ilaveten 800 m\u00b2\u2019de a\u00e7\u0131k kullan\u0131m alan\u0131 olan bir merkezdir. Merkezimiz engelli karde\u015flerimize hizmet edecek ve bu merkez b\u00fcnyesinde; spor salonu, 15&#215;8 metre \u00f6l\u00e7\u00fclerinde 120 m\u00b2 hidroterapi havuzu, basketbol sahas\u0131 ve kapal\u0131 spor salonu, sokak futbol sahas\u0131, d\u00f6rtl\u00fc soyunma odas\u0131, s\u0131\u011f\u0131nak, 10 adet at\u00f6lye dersli\u011fi, toplant\u0131 salonu, okuma salonu, e\u011fitmen salonu, mescitleri, yemekhanesi, mutfa\u011f\u0131, kantini ve otopark\u0131 ile bir merkezde olmas\u0131 gereken b\u00fct\u00fcn birimleriyle burada yer al\u0131yor.<br \/>\nBiraz \u00f6nce ilgili arkada\u015flar\u0131m\u0131zla birlikte tesisimizi gezerek yap\u0131mda gelinen a\u015famay\u0131 hep beraber yak\u0131ndan g\u00f6rd\u00fck. \u015eu anda in\u015faat k\u0131s\u0131mlar\u0131 tamamland\u0131\u011f\u0131 i\u00e7in kabulle ilgili son \u00e7al\u0131\u015fmalar y\u00fcr\u00fct\u00fcl\u00fcyor. Bu vesileyle daha \u00f6nce in\u015faat a\u015famas\u0131nda gelip gezmi\u015f oldu\u011fumuz bu merkezin \u015fu anda tamamlanm\u0131\u015f halini de g\u00f6rm\u00fc\u015f olduk. Yak\u0131nda Engelsiz Gen\u00e7lik Merkezimizin a\u00e7\u0131l\u0131\u015f\u0131 ger\u00e7ekle\u015ftirilerek vatanda\u015flar\u0131m\u0131za hizmet etmeye ba\u015flayacak.<br \/>\nBurada, d\u00f6n\u00fc\u015f\u00fcml\u00fc olarak, ayn\u0131 anda 120 engelli bireyimizi, Gen\u00e7lik Spor Bakanl\u0131\u011f\u0131m\u0131z\u0131n belirlemi\u015f oldu\u011fu m\u00fcfredat \u00e7er\u00e7evesinde aileleri ile birlikte misafir edece\u011fiz. G\u00fcn boyunca da yakla\u015f\u0131k 1.000\u2019e yak\u0131n engelli bireyimiz buradan faydalanabilecektir. Bu anlamda da hem \u0130l Milli E\u011fitim M\u00fcd\u00fcrl\u00fc\u011f\u00fc hem Aile ve Sosyal Hizmetler \u0130l M\u00fcd\u00fcrl\u00fc\u011f\u00fc hem de engelli karde\u015flerimize hizmet etmekte olan sivil toplum kurulu\u015flar\u0131 ve derneklerle i\u015f birli\u011fi ve koordinasyon halinde buradaki hizmetler yerine getirilecektir.<br \/>\nBug\u00fcn itibariyle, Toroslar, Tarsus, Yeni\u015fehir ve Silifke \u0130l\u00e7elerimizde birer Gen\u00e7lik Merkezlerinin in\u015faat\u0131n\u0131 tamamlad\u0131k ve a\u00e7\u0131l\u0131\u015f a\u015famas\u0131na getirdik. Bu yat\u0131r\u0131mlar, Gen\u00e7lik ve Spor Bakanl\u0131\u011f\u0131m\u0131z\u0131n yat\u0131r\u0131m program\u0131 \u00e7er\u00e7evesinde hayata ge\u00e7ti. Mut \u0130l\u00e7emizdeki Gen\u00e7lik Merkezimizi ge\u00e7en y\u0131l tamamlam\u0131\u015f ve gen\u00e7lerimizin hizmetine sunmu\u015ftuk. Bu merkezimizi de bitirerek 5 b\u00fcy\u00fck tesisi yat\u0131r\u0131m program\u0131 kapsam\u0131nda bitirmi\u015f ve Mersinli hem\u015ferilerimizin hizmetine a\u00e7\u0131lacak a\u015famaya getirmi\u015f durumday\u0131z.<br \/>\nYeni\u015fehir \u0130l\u00e7emizde bulunan Gen\u00e7 Kafe ve Tarsus \u0130l\u00e7emizde yap\u0131m\u0131n\u0131 tamamlanan bir k\u00fct\u00fcphaneyi de hem\u015ferilerimizin hizmetine sunmu\u015f durumday\u0131z. Bu yat\u0131r\u0131mlar\u0131n genel toplam maliyeti yakla\u015f\u0131k 1 milyar TL\u2019dir ve k\u0131sa say\u0131labilecek bir s\u00fcre i\u00e7erisinde de in\u015faatlar\u0131 tamamlanarak, gen\u00e7lik hizmetleri ba\u011flam\u0131nda, gen\u00e7lerimize ve spor yapan, yapacak olan engelli bireylerimiz ba\u015fta olmak \u00fczere b\u00fct\u00fcn vatanda\u015flar\u0131m\u0131za hizmet edecektir.<br \/>\nBu yat\u0131r\u0131mlar\u0131n Mersinimize hay\u0131rl\u0131 ve u\u011furlu olmas\u0131n\u0131 temenni ediyorum. Her alanda oldu\u011fu gibi gen\u00e7lik hizmetleri alan\u0131nda da bu ve benzeri bir\u00e7ok yat\u0131r\u0131m\u0131n hayata ge\u00e7mesindeki destekleri ve riyasetlerinden dolay\u0131 ba\u015fta Say\u0131n Cumhurba\u015fkan\u0131m\u0131za, Mersinimiz ad\u0131na \u015f\u00fckranlar\u0131m\u0131 sunuyorum. Gen\u00e7lik ve Spor Bakan\u0131m\u0131z ba\u015fta olmak \u00fczere Bakanl\u0131\u011f\u0131m\u0131z\u0131n ilgili birimlerine \u0130limiz ad\u0131na te\u015fekk\u00fcrlerimizi ve \u015f\u00fckranlar\u0131m\u0131z\u0131 sunuyor, burada \u00e7al\u0131\u015farak eme\u011fi ge\u00e7en i\u015f\u00e7isinden m\u00fchendisine kadar herkese te\u015fekk\u00fcr ediyor, bu tesislerin faydalan\u0131c\u0131lar\u0131 ba\u015fta olmak \u00fczere b\u00fct\u00fcn Mersinimize hay\u0131rl\u0131 ve u\u011furlu olmas\u0131n\u0131 temenni ediyorum.\u201d ifadelerini kulland\u0131.&nbsp;<\/p>\n<p>Vali Pehlivan\u2019a, karde\u015fi Emre Pehlivan, Mezitli Kaymakam\u0131 Alp Eren Y\u0131lmaz e\u015flik etti.<\/p>\n","protected":false},"excerpt":{"rendered":"<p>Vali Ali Hamza Pehlivan, T\u00fcrkiye\u2019de bir ilk olma \u00f6zelli\u011fine sahip Gen\u00e7lik ve Spor Bakanl\u0131\u011f\u0131 taraf\u0131ndan Mezitli \u0130l\u00e7esi Yeni Mahallede yap\u0131lan Mersin Engelsiz Gen\u00e7lik Merkezi\u2019ni ziyaret etti, incelemelerde bulundu. Mersin Engelsiz Gen\u00e7lik Merkezinde incelemelerde bulunarak \u0130l Gen\u00e7lik ve Spor M\u00fcd\u00fcr\u00fc \u00d6kke\u015f Demir ve y\u00fcklenici firma yetkililerinden bilgiler alan Vali Pehlivan, yapm\u0131\u015f oldu\u011fu bas\u0131n a\u00e7\u0131klamas\u0131nda; \u201c\u015eu anda [&hellip;]<\/p>\n","protected":false},"author":2,"featured_media":31488,"comment_status":"open","ping_status":"open","sticky":false,"template":"","format":"standard","meta":{"footnotes":""},"categories":[2,3,5,9,10],"tags":[],"class_list":["post-31487","post","type-post","status-publish","format-standard","has-post-thumbnail","hentry","category-gundem","category-manset","category-mersin","category-saglik","category-spor"],"views":11,"_links":{"self":[{"href":"https:\/\/mersinkadingazetesi.com\/index.php?rest_route=\/wp\/v2\/posts\/31487"}],"collection":[{"href":"https:\/\/mersinkadingazetesi.com\/index.php?rest_route=\/wp\/v2\/posts"}],"about":[{"href":"https:\/\/mersinkadingazetesi.com\/index.php?rest_route=\/wp\/v2\/types\/post"}],"author":[{"embeddable":true,"href":"https:\/\/mersinkadingazetesi.com\/index.php?rest_route=\/wp\/v2\/users\/2"}],"replies":[{"embeddable":true,"href":"https:\/\/mersinkadingazetesi.com\/index.php?rest_route=%2Fwp%2Fv2%2Fcomments&post=31487"}],"version-history":[{"count":0,"href":"https:\/\/mersinkadingazetesi.com\/index.php?rest_route=\/wp\/v2\/posts\/31487\/revisions"}],"wp:featuredmedia":[{"embeddable":true,"href":"https:\/\/mersinkadingazetesi.com\/index.php?rest_route=\/wp\/v2\/media\/31488"}],"wp:attachment":[{"href":"https:\/\/mersinkadingazetesi.com\/index.php?rest_route=%2Fwp%2Fv2%2Fmedia&parent=31487"}],"wp:term":[{"taxonomy":"category","embeddable":true,"href":"https:\/\/mersinkadingazetesi.com\/index.php?rest_route=%2Fwp%2Fv2%2Fcategories&post=31487"},{"taxonomy":"post_tag","embeddable":true,"href":"https:\/\/mersinkadingazetesi.com\/index.php?rest_route=%2Fwp%2Fv2%2Ftags&post=31487"}],"curies":[{"name":"wp","href":"https:\/\/api.w.org\/{rel}","templated":true}]}}