{"id":31491,"date":"2024-03-17T11:24:59","date_gmt":"2024-03-17T08:24:59","guid":{"rendered":"http:\/\/mersinkadingazetesi.com\/?p=31491"},"modified":"2024-03-17T11:24:59","modified_gmt":"2024-03-17T08:24:59","slug":"ekmekci-meigderi-ziyaret-etti","status":"publish","type":"post","link":"https:\/\/mersinkadingazetesi.com\/?p=31491","title":{"rendered":"Ekmekci, ME\u0130GDER\u2019i ziyaret etti"},"content":{"rendered":"<p>Cumhur ittifak\u0131 Mezitli Belediye Ba\u015fkan Aday\u0131 Mevl\u00fct Ekmekci, internet gazetecili\u011finin merkezi Mersin \u0130nternet Gazetecileri Cemiyeti Derne\u011fini (ME\u0130GDER) ziyaret ederek Mezitli\u2019ye yeni bir \u015fans getirecek projelerini anlatt\u0131. ME\u0130GDER Ba\u015fkan\u0131 Vahap \u015eehito\u011flu ve gazetecilere, Mezitli\u2019nin kaybolan y\u0131llar\u0131n\u0131 geri verebilmek i\u00e7in aday oldu\u011funa vurgu yapan Ekmekci, \u201cHalk\u0131m\u0131z\u0131n \u00f6zledi\u011fi belediyecili\u011fi kazand\u0131rabilmek i\u00e7in Mezitli i\u00e7in bir \u015fans istiyoruz\u201d dedi.<\/p>\n<p>Dar gelirli vatanda\u015flar i\u00e7in depreme dayan\u0131kl\u0131 konut \u00fcretimi, afet toplanma merkezleri, Atat\u00fcrk Korusu ve M\u00fczesi, Mezitli Deresi Peyzaj Projesi, Sahil band\u0131 ve nostaljik tramvay projesi, Marina, Mezitli Plajlar\u0131n\u0131 d\u00fczenleme ve canland\u0131rma projesi, Kent Meydan\u0131 ve festival alanlar\u0131, Yeni Mezitli Sanayi Sitesi, Al\u0131\u015fveri\u015f Merkezi, G\u00fcne\u015f enerjisi Santrali, Y\u00f6r\u00fck k\u00fclt\u00fcr\u00fc Tan\u0131t\u0131m Merkezi, Belediye Konuk Evi gibi Mezitli\u2019ye de\u011fer kazand\u0131racak ya\u015fayanlar\u0131n mutlu oldu\u011fu bir kent hayaliyle \u00e7al\u0131\u015ft\u0131klar\u0131n\u0131 belirten Ekmekci, \u201cMerkezi h\u00fck\u00fcmetin enerjisini ve g\u00fcc\u00fcn\u00fc Mezitli\u2019ye ta\u015f\u0131mak istiyoruz. \u00c7\u00fcnk\u00fc halk\u0131m\u0131z art\u0131k siyaset de\u011fil, hizmet istiyor. Biz de siyaset yapmadan herkesle g\u00f6r\u00fc\u015ferek projelerimizi anlat\u0131yoruz. Bu da bize b\u00fcy\u00fck destek sa\u011fl\u0131yor\u201d dedi.<\/p>\n<p>Mezitli\u2019ye hizmet gibi bir hayali oldu\u011funu ifade eden Ekmekci, \u201cAllah nasip etti ve her santimini bildi\u011fim Mezitli i\u00e7in bu kez belediye ba\u015fkan aday\u0131 olarak \u00e7al\u0131\u015fma f\u0131rsat\u0131 do\u011fdu. \u00c7\u00fcnk\u00fc Mezitli\u2019nin \u00e7ok b\u00fcy\u00fck ihtiyac\u0131 var. Kemikle\u015fmi\u015f sorunlar\u0131 \u00e7ok iyi biliyoruz. Konusunun uzmanlar\u0131 ile tek tek ele alarak, kentine do\u011fas\u0131na canl\u0131s\u0131na zarar<\/p>\n<p>vermeden neler yapabilir ona bakt\u0131k. Kent dokusuna zarar vermeden, kaynaklar\u0131m\u0131z\u0131 ak\u0131ll\u0131ca kullanarak israfa izin vermeden projeleri haz\u0131rlad\u0131k. 31 Mart\u2019tan itibaren yenilik\u00e7i projeleri hep birlikte hayata ge\u00e7irece\u011fiz\u201d diye konu\u015ftu.<\/p>\n<p>Ziyareti nedeniyle Ekmekci\u2019ye te\u015fekk\u00fcr eden ME\u0130GDER Ba\u015fkan\u0131 Vahap \u015eehito\u011flu da, Mersin\u2019de siyasetin son derece demokratik ortamda ge\u00e7iyor olmas\u0131ndan dolay\u0131 memnuniyetini dile getirdi. Ekmekci\u2019nin haz\u0131rlad\u0131\u011f\u0131 projelerin olduk\u00e7a etkileyici oldu\u011funu belirten \u015eehito\u011flu, \u201cGazeteciler olarak adaylar\u0131m\u0131z\u0131n projelerinin halk\u0131m\u0131za aktar\u0131lmas\u0131 konusunda g\u00f6revimizi yapmaya devam edece\u011fiz. Kazanan Mersin\u2019imiz olsun\u201d dedi.<\/p>\n","protected":false},"excerpt":{"rendered":"<p>Cumhur ittifak\u0131 Mezitli Belediye Ba\u015fkan Aday\u0131 Mevl\u00fct Ekmekci, internet gazetecili\u011finin merkezi Mersin \u0130nternet Gazetecileri Cemiyeti Derne\u011fini (ME\u0130GDER) ziyaret ederek Mezitli\u2019ye yeni bir \u015fans getirecek projelerini anlatt\u0131. ME\u0130GDER Ba\u015fkan\u0131 Vahap \u015eehito\u011flu ve gazetecilere, Mezitli\u2019nin kaybolan y\u0131llar\u0131n\u0131 geri verebilmek i\u00e7in aday oldu\u011funa vurgu yapan Ekmekci, \u201cHalk\u0131m\u0131z\u0131n \u00f6zledi\u011fi belediyecili\u011fi kazand\u0131rabilmek i\u00e7in Mezitli i\u00e7in bir \u015fans istiyoruz\u201d dedi. Dar [&hellip;]<\/p>\n","protected":false},"author":2,"featured_media":31492,"comment_status":"open","ping_status":"open","sticky":false,"template":"","format":"standard","meta":{"footnotes":""},"categories":[3,6],"tags":[],"class_list":["post-31491","post","type-post","status-publish","format-standard","has-post-thumbnail","hentry","category-manset","category-siyaset-2"],"views":2,"_links":{"self":[{"href":"https:\/\/mersinkadingazetesi.com\/index.php?rest_route=\/wp\/v2\/posts\/31491"}],"collection":[{"href":"https:\/\/mersinkadingazetesi.com\/index.php?rest_route=\/wp\/v2\/posts"}],"about":[{"href":"https:\/\/mersinkadingazetesi.com\/index.php?rest_route=\/wp\/v2\/types\/post"}],"author":[{"embeddable":true,"href":"https:\/\/mersinkadingazetesi.com\/index.php?rest_route=\/wp\/v2\/users\/2"}],"replies":[{"embeddable":true,"href":"https:\/\/mersinkadingazetesi.com\/index.php?rest_route=%2Fwp%2Fv2%2Fcomments&post=31491"}],"version-history":[{"count":0,"href":"https:\/\/mersinkadingazetesi.com\/index.php?rest_route=\/wp\/v2\/posts\/31491\/revisions"}],"wp:featuredmedia":[{"embeddable":true,"href":"https:\/\/mersinkadingazetesi.com\/index.php?rest_route=\/wp\/v2\/media\/31492"}],"wp:attachment":[{"href":"https:\/\/mersinkadingazetesi.com\/index.php?rest_route=%2Fwp%2Fv2%2Fmedia&parent=31491"}],"wp:term":[{"taxonomy":"category","embeddable":true,"href":"https:\/\/mersinkadingazetesi.com\/index.php?rest_route=%2Fwp%2Fv2%2Fcategories&post=31491"},{"taxonomy":"post_tag","embeddable":true,"href":"https:\/\/mersinkadingazetesi.com\/index.php?rest_route=%2Fwp%2Fv2%2Ftags&post=31491"}],"curies":[{"name":"wp","href":"https:\/\/api.w.org\/{rel}","templated":true}]}}