{"id":31497,"date":"2024-03-18T12:25:00","date_gmt":"2024-03-18T09:25:00","guid":{"rendered":"http:\/\/mersinkadingazetesi.com\/?p=31497"},"modified":"2024-03-18T12:25:00","modified_gmt":"2024-03-18T09:25:00","slug":"mersinde-cocuk-genc-yas-almis-herkes-buyuksehir-ve-secerden-memnun","status":"publish","type":"post","link":"https:\/\/mersinkadingazetesi.com\/?p=31497","title":{"rendered":"MERS\u0130N&#8217;DE \u00c7OCUK, GEN\u00c7, YA\u015e ALMI\u015e HERKES B\u00dcY\u00dcK\u015eEH\u0130R VE SE\u00c7ER&#8217;DEN MEMNUN"},"content":{"rendered":"<p>Mersin B\u00fcy\u00fck\u015fehir Belediye Ba\u015fkan\u0131 ve Cumhuriyet Halk Partisi (CHP) Mersin B\u00fcy\u00fck\u015fehir Belediye Ba\u015fkan Aday\u0131 Vahap Se\u00e7er, Mersinli yurtta\u015flar ile bir araya gelmeyi s\u00fcrd\u00fcr\u00fcyor. Bu kapsamda Palm City AVM&#8217;yi ve H\u00fcrriyet Mahallesi&#8217;nde kurulan pazar yerini ziyaret eden Se\u00e7er, gezisi s\u0131ras\u0131nda \u00e7ocuk, gen\u00e7 ve ya\u015f alm\u0131\u015f herkesin &#8216;memnuniyet&#8217; ifadeleriyle kar\u015f\u0131la\u015ft\u0131.<\/p>\n<p>Mersin B\u00fcy\u00fck\u015fehir Belediyesi \u0130klim De\u011fi\u015fikli\u011fi ve S\u0131f\u0131r At\u0131k Dairesi Ba\u015fkanl\u0131\u011f\u0131 taraf\u0131ndan Palm City AVM&#8217;de d\u00fczenlenen &#8216;G\u00fcne\u015f G\u00f6zlem Etkinli\u011fi&#8217;ni ziyaret eden Se\u00e7er, burada \u00e7ocuklarla birlikte g\u00fcne\u015fi g\u00f6zlemledi ve e\u011flenceli dakikalar ge\u00e7irdi.<\/p>\n<p>Daha sonra AVM&#8217;yi gezen Se\u00e7er, yurtta\u015flarla sohbet etti. AVM i\u00e7erisinde hizmet veren i\u015fletmeleri de gezen Se\u00e7er, \u00e7al\u0131\u015fanlara &#8216;Kolay gelsin&#8217; dileklerinde bulundu. Se\u00e7er ile sohbet eden bir aile &#8216;El Bebek G\u00fcl Bebek&#8217; destek paketinden yararland\u0131klar\u0131n\u0131 s\u00f6yleyerek, B\u00fcy\u00fck\u015fehir&#8217;in hizmetleri i\u00e7in te\u015fekk\u00fcr etti. Se\u00e7er&#8217;i g\u00f6rd\u00fc\u011f\u00fc i\u00e7in \u00e7ok mutlu oldu\u011funu s\u00f6yleyen bir yurtta\u015f da; &#8220;Her \u015fey i\u00e7in te\u015fekk\u00fcrler. Mersin&#8217;i o kadar g\u00fczel yapt\u0131n\u0131z ki&#8221; diyerek duygular\u0131n\u0131 ifade etti.<\/p>\n<p>\u00c7ocuklardan Mercan te\u015fekk\u00fcr\u00fc<\/p>\n<p>Se\u00e7er&#8217;in gezi s\u0131ras\u0131nda kar\u015f\u0131la\u015ft\u0131\u011f\u0131 \u00e7ocuklar ise &#8216;Mercan 100. Y\u0131l \u0130klim ve \u00c7evre Bilim Merkezi&#8217;ni ziyaret ettiklerini s\u00f6yleyerek, merkez i\u00e7in te\u015fekk\u00fcrlerini Se\u00e7er&#8217;e sar\u0131larak g\u00f6sterdiler. Se\u00e7er de \u00e7ocuklarla bol bol sohbet ederek, ailelerine \u00e7ocuklar\u0131n\u0131 B\u00fcy\u00fck\u015fehir&#8217;in etkinliklerine g\u00f6t\u00fcrmeleri \u00e7a\u011fr\u0131s\u0131nda bulundu.<\/p>\n<p>Gen\u00e7lerin ilk oyu Se\u00e7er&#8217;e<\/p>\n<p>Gezi s\u0131ras\u0131nda Se\u00e7er&#8217;e yo\u011fun ilgi g\u00f6steren gen\u00e7ler, b\u00f6yle bir Ba\u015fkan&#8217;lar\u0131 oldu\u011fu i\u00e7in duyduklar\u0131 mutlulu\u011fu ifade etti. Se\u00e7er&#8217;i \u00e7ok sevdi\u011fini de s\u00f6yleyen gen\u00e7ler, kendisine ba\u015far\u0131 dileklerinde bulundu. \u0130lk defa oy kullanaca\u011f\u0131n\u0131 belirten bir gen\u00e7 ise Se\u00e7er&#8217;e; &#8220;\u0130lk oyum size&#8221; derken bir yurtta\u015f da; &#8220;B\u00fcy\u00fck destek\u00e7inizim. B\u00fcy\u00fck\u015fehir&#8217;de oyumuz ailecek size&#8221; dedi.<\/p>\n<p>H\u00fcrriyet Mahallesi halk\u0131ndan Se\u00e7er&#8217;e: &#8220;Yine Ba\u015fkan olarak aram\u0131zda olacaks\u0131n\u0131z&#8221;<\/p>\n<p>Ard\u0131ndan Yeni\u015fehir \u0130l\u00e7esi&#8217;ne ba\u011fl\u0131 H\u00fcrriyet Mahallesi&#8217;nde pazar yeri ziyareti yapan Se\u00e7er, yurtta\u015flar ve pazar esnaf\u0131n\u0131n &#8220;Ho\u015f geldin Ba\u015fkan&#8221; s\u00f6zleriyle kar\u015f\u0131land\u0131. Se\u00e7er&#8217;e; &#8220;Sizden \u00e7ok memnunuz&#8221; diyen yurtta\u015flar her zaman kendisini destekleyeceklerini s\u00f6yledi. Se\u00e7er&#8217;in her zaman halk\u0131n aras\u0131nda oldu\u011funu s\u00f6yleyen bir yurtta\u015f ise, &#8220;Gelecek d\u00f6nem de yine Ba\u015fkan olarak aram\u0131zda olacaks\u0131n\u0131z&#8221; ifadelerine yer verdi. Se\u00e7er pazardan yurtta\u015flar\u0131n iyi dilekleriyle ayr\u0131ld\u0131.<\/p>\n","protected":false},"excerpt":{"rendered":"<p>Mersin B\u00fcy\u00fck\u015fehir Belediye Ba\u015fkan\u0131 ve Cumhuriyet Halk Partisi (CHP) Mersin B\u00fcy\u00fck\u015fehir Belediye Ba\u015fkan Aday\u0131 Vahap Se\u00e7er, Mersinli yurtta\u015flar ile bir araya gelmeyi s\u00fcrd\u00fcr\u00fcyor. Bu kapsamda Palm City AVM&#8217;yi ve H\u00fcrriyet Mahallesi&#8217;nde kurulan pazar yerini ziyaret eden Se\u00e7er, gezisi s\u0131ras\u0131nda \u00e7ocuk, gen\u00e7 ve ya\u015f alm\u0131\u015f herkesin &#8216;memnuniyet&#8217; ifadeleriyle kar\u015f\u0131la\u015ft\u0131. Mersin B\u00fcy\u00fck\u015fehir Belediyesi \u0130klim De\u011fi\u015fikli\u011fi ve S\u0131f\u0131r [&hellip;]<\/p>\n","protected":false},"author":2,"featured_media":31498,"comment_status":"open","ping_status":"open","sticky":false,"template":"","format":"standard","meta":{"footnotes":""},"categories":[1,2,3,5],"tags":[],"class_list":["post-31497","post","type-post","status-publish","format-standard","has-post-thumbnail","hentry","category-genel","category-gundem","category-manset","category-mersin"],"views":2,"_links":{"self":[{"href":"https:\/\/mersinkadingazetesi.com\/index.php?rest_route=\/wp\/v2\/posts\/31497"}],"collection":[{"href":"https:\/\/mersinkadingazetesi.com\/index.php?rest_route=\/wp\/v2\/posts"}],"about":[{"href":"https:\/\/mersinkadingazetesi.com\/index.php?rest_route=\/wp\/v2\/types\/post"}],"author":[{"embeddable":true,"href":"https:\/\/mersinkadingazetesi.com\/index.php?rest_route=\/wp\/v2\/users\/2"}],"replies":[{"embeddable":true,"href":"https:\/\/mersinkadingazetesi.com\/index.php?rest_route=%2Fwp%2Fv2%2Fcomments&post=31497"}],"version-history":[{"count":0,"href":"https:\/\/mersinkadingazetesi.com\/index.php?rest_route=\/wp\/v2\/posts\/31497\/revisions"}],"wp:featuredmedia":[{"embeddable":true,"href":"https:\/\/mersinkadingazetesi.com\/index.php?rest_route=\/wp\/v2\/media\/31498"}],"wp:attachment":[{"href":"https:\/\/mersinkadingazetesi.com\/index.php?rest_route=%2Fwp%2Fv2%2Fmedia&parent=31497"}],"wp:term":[{"taxonomy":"category","embeddable":true,"href":"https:\/\/mersinkadingazetesi.com\/index.php?rest_route=%2Fwp%2Fv2%2Fcategories&post=31497"},{"taxonomy":"post_tag","embeddable":true,"href":"https:\/\/mersinkadingazetesi.com\/index.php?rest_route=%2Fwp%2Fv2%2Ftags&post=31497"}],"curies":[{"name":"wp","href":"https:\/\/api.w.org\/{rel}","templated":true}]}}