{"id":31503,"date":"2024-03-18T12:27:30","date_gmt":"2024-03-18T09:27:30","guid":{"rendered":"http:\/\/mersinkadingazetesi.com\/?p=31503"},"modified":"2024-03-18T12:27:30","modified_gmt":"2024-03-18T09:27:30","slug":"serdar-soydan-isci-kiyimi-yapmayacagiz-adaletsizligi-de-giderecegiz","status":"publish","type":"post","link":"https:\/\/mersinkadingazetesi.com\/?p=31503","title":{"rendered":"Serdar Soydan: &#8220;\u0130\u015f\u00e7i K\u0131y\u0131m\u0131 Yapmayaca\u011f\u0131z, Adaletsizli\u011fi de Giderece\u011fiz&#8221;"},"content":{"rendered":"<p>Cumhur \u0130ttifak\u0131 Mersin B\u00fcy\u00fck\u015fehir Belediye Ba\u015fkan Aday\u0131 Serdar Soydan: &#8220;\u0130lk g\u00fcnden beri s\u00f6yledi\u011fim gibi, bir emek\u00e7inin hakk\u0131 ile ekme\u011fi ile oynamak bizim y\u00f6netim anlay\u0131\u015f\u0131m\u0131z i\u00e7inde de\u011fildir. \u0130\u015f\u00e7i k\u0131y\u0131m\u0131 diye bir \u015fey yapmam\u0131z s\u00f6z konusu de\u011fildir. \u00c7al\u0131\u015fanlar\u0131m\u0131z hangi k\u00f6kenden, hangi inan\u00e7tan olursa olsun ekme\u011finde olan hi\u00e7bir \u00e7al\u0131\u015fan\u0131m\u0131z i\u015finden edilmeyecektir. Hatta baz\u0131 \u00e7al\u0131\u015fanlara \u015fuan haks\u0131zl\u0131k bile yap\u0131l\u0131yor, bunu da giderece\u011fiz.&#8221; Dedi.<\/p>\n<p>&#8220;Ayn\u0131 \u0130\u015fi Yapanlar Aras\u0131nda Maa\u015f Adaletsizli\u011fi Oldu\u011funu Biliyoruz&#8221;<\/p>\n<p>\u0130\u015f\u00e7i k\u0131y\u0131m\u0131 s\u00f6ylentilerine net cevap veren Serdar Soydan, \u015eunlar\u0131 s\u00f6yledi: &#8220;Binlerce \u00e7al\u0131\u015fan\u0131 haks\u0131z, hukuksuz ve anlams\u0131z gerek\u00e7elerle i\u015finden edenler gibi olmayaca\u011f\u0131z. \u015euan \u00e7al\u0131\u015fanlar\u0131n promosyonlar\u0131n\u0131n bile da\u011f\u0131t\u0131lmad\u0131\u011f\u0131n\u0131 biliyoruz. Ayn\u0131 i\u015fi yap\u0131p farkl\u0131 maa\u015f alanlar oldu\u011funu da biliyoruz. T\u00fcm haks\u0131zl\u0131klar\u0131 giderece\u011fiz&#8221;<\/p>\n<p>&#8220;\u0130\u015f\u00e7i Say\u0131s\u0131 De\u011fil, Verimlilik Sorunu Var&#8221;<\/p>\n<p>Mersin&#8217;in yat\u0131r\u0131ma ve yat\u0131r\u0131mc\u0131ya ihtiyac\u0131 oldu\u011funun alt\u0131n\u0131 \u00e7izen Serdar Soydan, &#8220;Mersin B\u00fcy\u00fck\u015fehir Belediyesinde i\u015f\u00e7i say\u0131s\u0131 de\u011fil, verimlilik sorunu var. Adaletsizlik oldu\u011funu g\u00f6rd\u00fckleri i\u00e7in \u00e7al\u0131\u015fanlar aras\u0131nda uyum yok, huzur yok. Biz \u00f6ncelikle belediyede \u00e7al\u0131\u015fanlar\u0131n daha verimli olmalar\u0131n\u0131 sa\u011flayaca\u011f\u0131z. Mersin&#8217;in yat\u0131r\u0131ma, sorunlar\u0131n\u0131 \u00e7\u00f6zmeye ihtiyac\u0131 var. \u00dcretken belediyecilik ilkemizle t\u00fcm bu sorunlar\u0131 \u00e7\u00f6zece\u011fiz.&#8221;Diye konu\u015ftu.  <\/p>\n","protected":false},"excerpt":{"rendered":"<p>Cumhur \u0130ttifak\u0131 Mersin B\u00fcy\u00fck\u015fehir Belediye Ba\u015fkan Aday\u0131 Serdar Soydan: &#8220;\u0130lk g\u00fcnden beri s\u00f6yledi\u011fim gibi, bir emek\u00e7inin hakk\u0131 ile ekme\u011fi ile oynamak bizim y\u00f6netim anlay\u0131\u015f\u0131m\u0131z i\u00e7inde de\u011fildir. \u0130\u015f\u00e7i k\u0131y\u0131m\u0131 diye bir \u015fey yapmam\u0131z s\u00f6z konusu de\u011fildir. \u00c7al\u0131\u015fanlar\u0131m\u0131z hangi k\u00f6kenden, hangi inan\u00e7tan olursa olsun ekme\u011finde olan hi\u00e7bir \u00e7al\u0131\u015fan\u0131m\u0131z i\u015finden edilmeyecektir. Hatta baz\u0131 \u00e7al\u0131\u015fanlara \u015fuan haks\u0131zl\u0131k bile yap\u0131l\u0131yor, [&hellip;]<\/p>\n","protected":false},"author":2,"featured_media":31504,"comment_status":"open","ping_status":"open","sticky":false,"template":"","format":"standard","meta":{"footnotes":""},"categories":[3,6],"tags":[],"class_list":["post-31503","post","type-post","status-publish","format-standard","has-post-thumbnail","hentry","category-manset","category-siyaset-2"],"views":2,"_links":{"self":[{"href":"https:\/\/mersinkadingazetesi.com\/index.php?rest_route=\/wp\/v2\/posts\/31503"}],"collection":[{"href":"https:\/\/mersinkadingazetesi.com\/index.php?rest_route=\/wp\/v2\/posts"}],"about":[{"href":"https:\/\/mersinkadingazetesi.com\/index.php?rest_route=\/wp\/v2\/types\/post"}],"author":[{"embeddable":true,"href":"https:\/\/mersinkadingazetesi.com\/index.php?rest_route=\/wp\/v2\/users\/2"}],"replies":[{"embeddable":true,"href":"https:\/\/mersinkadingazetesi.com\/index.php?rest_route=%2Fwp%2Fv2%2Fcomments&post=31503"}],"version-history":[{"count":0,"href":"https:\/\/mersinkadingazetesi.com\/index.php?rest_route=\/wp\/v2\/posts\/31503\/revisions"}],"wp:featuredmedia":[{"embeddable":true,"href":"https:\/\/mersinkadingazetesi.com\/index.php?rest_route=\/wp\/v2\/media\/31504"}],"wp:attachment":[{"href":"https:\/\/mersinkadingazetesi.com\/index.php?rest_route=%2Fwp%2Fv2%2Fmedia&parent=31503"}],"wp:term":[{"taxonomy":"category","embeddable":true,"href":"https:\/\/mersinkadingazetesi.com\/index.php?rest_route=%2Fwp%2Fv2%2Fcategories&post=31503"},{"taxonomy":"post_tag","embeddable":true,"href":"https:\/\/mersinkadingazetesi.com\/index.php?rest_route=%2Fwp%2Fv2%2Ftags&post=31503"}],"curies":[{"name":"wp","href":"https:\/\/api.w.org\/{rel}","templated":true}]}}