{"id":31509,"date":"2024-03-18T12:34:56","date_gmt":"2024-03-18T09:34:56","guid":{"rendered":"http:\/\/mersinkadingazetesi.com\/?p=31509"},"modified":"2024-03-18T12:34:56","modified_gmt":"2024-03-18T09:34:56","slug":"genclik-atesini-yaktik-basariya-yuruyoruz","status":"publish","type":"post","link":"https:\/\/mersinkadingazetesi.com\/?p=31509","title":{"rendered":"GEN\u00c7L\u0130K ATE\u015e\u0130N\u0130 YAKTIK, BA\u015eARIYA Y\u00dcR\u00dcYORUZ!"},"content":{"rendered":"<p>CHP Mezitli Belediye Ba\u015fkan Aday\u0131 Ahmet Serkan Tuncer, Mezitli&#8217;nin her bir vatanda\u015f\u0131n\u0131n deste\u011fini ve co\u015fkusunu hissetmenin \u00f6nemine vurgu yaparak, &#8220;Gen\u00e7lik ate\u015fini yakt\u0131k, ba\u015far\u0131ya y\u00fcr\u00fcyoruz! Mezitli&#8217;nin her b\u00f6lgesinde sosyal adaleti sa\u011flayaca\u011f\u0131z&#8221; dedi.<\/p>\n<p>Cumhuriyet Halk Partisi Mezitli Belediye Ba\u015fkan Aday\u0131 Ahmet Serkan Tuncer, Koyt\u00fcr 2 Sitesi sakinleri ile bir araya geldi. Mezitli&#8217;yi Mezitli&#8217;de ya\u015fayan her bir vatanda\u015fla birlikte y\u00f6neteceklerini ifade eden Tuncer, &#8220;Mezitli&#8217;nin her bir vatanda\u015f\u0131n\u0131n deste\u011fini ve co\u015fkusunu hissetmek benim i\u00e7in \u00e7ok k\u0131ymetli. Gen\u00e7lik ate\u015fini yakt\u0131k, ba\u015far\u0131ya y\u00fcr\u00fcyoruz!&#8221; Tuncer, H\u00fcrriyet Mahallesi&#8217;nde ger\u00e7ekle\u015fen mahalle toplant\u0131s\u0131nda da sosyal belediyecilik vurgusu yapt\u0131.<\/p>\n<p>BUG\u00dcN DE\u011e\u0130L, HER G\u00dcN DESTEK OLACA\u011eIZ<br \/>\nDar gelirli ve yoksul kesiminin, her ge\u00e7en g\u00fcn a\u011f\u0131rla\u015fan ya\u015fam ko\u015fullar\u0131n\u0131 iyile\u015ftirmek i\u00e7in sosyal belediyecilik anlay\u0131\u015f\u0131n\u0131 hayata ge\u00e7ireceklerini ifade eden Tuncer, &#8220;Mezitli&#8217;nin unutulmaya y\u00fcz tutmu\u015f H\u00fcrriyet Mahallesi&#8217;ne ve birbirinden g\u00fczel insanlar\u0131na sadece bug\u00fcn de\u011fil, her g\u00fcn destek olaca\u011f\u0131z. Kapsay\u0131c\u0131 ve sosyal belediyecilik anlay\u0131\u015f\u0131m\u0131z gere\u011fi t\u00fcm ihtiya\u00e7 sahiplerini tespit ederek maddi ve manevi deste\u011fimizi verece\u011fiz. Dar gelirli ailelerimizin \u00e7ocuklar\u0131na e\u011fitim ve k\u0131rtasiye deste\u011fi, temel g\u0131dalara eri\u015femeyen vatanda\u015flar\u0131m\u0131za yemek yard\u0131m\u0131, sa\u011fl\u0131k hizmetlerine eri\u015femeyen vatanda\u015flar\u0131m\u0131za sa\u011fl\u0131k ve bak\u0131m hizmetlerini sa\u011flayaca\u011f\u0131z. Halk\u0131m\u0131z\u0131n dar gelirli ve yoksul kesiminin, her ge\u00e7en g\u00fcn a\u011f\u0131rla\u015fan ya\u015fam ko\u015fullar\u0131n\u0131 iyile\u015ftirmek, mutfaklar\u0131na &#8216;a\u015f&#8217;, \u00f6\u011frencisine, engellisine ve ya\u015fl\u0131s\u0131na &#8216;yolda\u015f&#8217; olacak sosyal belediyecilik anlay\u0131\u015f\u0131 ile &#8216;G\u00fcl\u00fcmseyen Mezitli&#8217;yi olu\u015fturaca\u011f\u0131z&#8221; diye konu\u015ftu.<\/p>\n","protected":false},"excerpt":{"rendered":"<p>CHP Mezitli Belediye Ba\u015fkan Aday\u0131 Ahmet Serkan Tuncer, Mezitli&#8217;nin her bir vatanda\u015f\u0131n\u0131n deste\u011fini ve co\u015fkusunu hissetmenin \u00f6nemine vurgu yaparak, &#8220;Gen\u00e7lik ate\u015fini yakt\u0131k, ba\u015far\u0131ya y\u00fcr\u00fcyoruz! Mezitli&#8217;nin her b\u00f6lgesinde sosyal adaleti sa\u011flayaca\u011f\u0131z&#8221; dedi. Cumhuriyet Halk Partisi Mezitli Belediye Ba\u015fkan Aday\u0131 Ahmet Serkan Tuncer, Koyt\u00fcr 2 Sitesi sakinleri ile bir araya geldi. Mezitli&#8217;yi Mezitli&#8217;de ya\u015fayan her bir vatanda\u015fla [&hellip;]<\/p>\n","protected":false},"author":2,"featured_media":31510,"comment_status":"open","ping_status":"open","sticky":false,"template":"","format":"standard","meta":{"footnotes":""},"categories":[3,6],"tags":[],"class_list":["post-31509","post","type-post","status-publish","format-standard","has-post-thumbnail","hentry","category-manset","category-siyaset-2"],"views":2,"_links":{"self":[{"href":"https:\/\/mersinkadingazetesi.com\/index.php?rest_route=\/wp\/v2\/posts\/31509"}],"collection":[{"href":"https:\/\/mersinkadingazetesi.com\/index.php?rest_route=\/wp\/v2\/posts"}],"about":[{"href":"https:\/\/mersinkadingazetesi.com\/index.php?rest_route=\/wp\/v2\/types\/post"}],"author":[{"embeddable":true,"href":"https:\/\/mersinkadingazetesi.com\/index.php?rest_route=\/wp\/v2\/users\/2"}],"replies":[{"embeddable":true,"href":"https:\/\/mersinkadingazetesi.com\/index.php?rest_route=%2Fwp%2Fv2%2Fcomments&post=31509"}],"version-history":[{"count":0,"href":"https:\/\/mersinkadingazetesi.com\/index.php?rest_route=\/wp\/v2\/posts\/31509\/revisions"}],"wp:featuredmedia":[{"embeddable":true,"href":"https:\/\/mersinkadingazetesi.com\/index.php?rest_route=\/wp\/v2\/media\/31510"}],"wp:attachment":[{"href":"https:\/\/mersinkadingazetesi.com\/index.php?rest_route=%2Fwp%2Fv2%2Fmedia&parent=31509"}],"wp:term":[{"taxonomy":"category","embeddable":true,"href":"https:\/\/mersinkadingazetesi.com\/index.php?rest_route=%2Fwp%2Fv2%2Fcategories&post=31509"},{"taxonomy":"post_tag","embeddable":true,"href":"https:\/\/mersinkadingazetesi.com\/index.php?rest_route=%2Fwp%2Fv2%2Ftags&post=31509"}],"curies":[{"name":"wp","href":"https:\/\/api.w.org\/{rel}","templated":true}]}}