{"id":31515,"date":"2024-03-18T12:36:56","date_gmt":"2024-03-18T09:36:56","guid":{"rendered":"http:\/\/mersinkadingazetesi.com\/?p=31515"},"modified":"2024-03-18T12:36:56","modified_gmt":"2024-03-18T09:36:56","slug":"mezitliye-ataturk-korusu-ve-muzesi-geliyor","status":"publish","type":"post","link":"https:\/\/mersinkadingazetesi.com\/?p=31515","title":{"rendered":"Mezitli\u2019ye Atat\u00fcrk Korusu ve M\u00fczesi geliyor"},"content":{"rendered":"<p>Mezitli Belediye Ba\u015fkan\u0131 olduktan sonra hayata ge\u00e7irece\u011fi projeleri payla\u015fan Cumhur \u0130ttifak\u0131 Mezitli Belediye Ba\u015fkan Aday\u0131 Mevl\u00fct Ekmekci, kamuoyunun ilgisiyle kar\u015f\u0131land\u0131. 7\u2019den 70\u2019e Mezitli\u2019de ya\u015fayan t\u00fcm kesimleri kapsayan projeleri ile dikkat \u00e7eken Ekmekci\u2019nin Atat\u00fcrk Korusu ve M\u00fczesi vaadi ise b\u00fcy\u00fck destek g\u00f6rd\u00fc.<br \/>\n&#8212;&#8212;&#8212;&#8212;&#8212;&#8212;&#8211;<br \/>\nCumhur \u0130ttifak\u0131 Mezitli Belediye Ba\u015fkan Aday\u0131 Mevl\u00fct Ekmekci, 31 Mart 2024 tarihinde yap\u0131lacak se\u00e7imlere y\u00f6nelik \u00e7al\u0131\u015fmalar\u0131n\u0131 aral\u0131ks\u0131z s\u00fcrd\u00fcr\u00fcyor. Vatanda\u015flarla bir araya gelerek se\u00e7ilmesi durumunda hayata ge\u00e7irecekleri projeleri anlatmaya devam eden Ekmekci, \u00e7al\u0131\u015fmalar\u0131 yo\u011fun \u00e7al\u0131\u015fma s\u00fcrecinde k\u0131sa bir mola vererek Ulu \u00d6nder Mustafa Kemal Atat\u00fcrk\u2019\u00fcn Mersin\u2019imize geli\u015finin 101. y\u0131l d\u00f6n\u00fcm\u00fc nedeniyle ger\u00e7ekle\u015ftirilen t\u00f6rene kat\u0131lan Ekmekci, t\u00f6ren i\u00e7in gelen vatanda\u015flara Mezitli\u2019ye yapacaklar\u0131 Atat\u00fcrk Korusu ve M\u00fczesini anlatt\u0131.<br \/>\nEkonomik imkans\u0131zl\u0131klar nedeniyle \u00e7ocuklu\u011funda An\u0131rkabir\u2019e gidememi\u015f olmas\u0131n\u0131n kendisinde uhde kald\u0131\u011f\u0131n\u0131 belirten Ekmekci, \u201c\u00c7ok istedi\u011fim halde Ankara\u2019ya An\u0131tkabir\u2019e gidememi\u015ftim. Gidip g\u00f6rd\u00fcklerini anlatan arkada\u015flar\u0131ma imrenerek bakard\u0131m. \u015eimdi i\u00e7imde kalan bu uhdeyi hayata ge\u00e7irmek en b\u00fcy\u00fck hayalim. Elimizden geldi\u011fi kadar dileyen t\u00fcm \u00e7ocuklar\u0131m\u0131z\u0131n bu hayallerini ger\u00e7ekle\u015ftirmek i\u00e7in \u00e7aba sarf edece\u011fiz. Ama bunun yan\u0131nda Mezitl\u0130\u2019de \u00e7ok \u00f6zel bir Atat\u00fcrk Korusu ve Atat\u00fcrk M\u00fczesi kazand\u0131raca\u011f\u0131z\u201d dedi.<br \/>\nVatan\u0131n\u0131 seven her ferdin, Atat\u00fcrk\u2019\u00fc herkese anlatmak gibi bir g\u00f6revi olmas\u0131 gerekti\u011finin alt\u0131n\u0131 \u00e7izen, \u201cEkmekci, Mersin\u2019de kald\u0131\u011f\u0131 s\u00fcre boyunca kentimize verdi\u011fi de\u011feri her zaman dile getiren Ulu \u00d6nderimiz \u201c Mersinliler, Mersin\u2019e sahip \u00e7\u0131k\u0131n\u0131z\u201d s\u00f6z\u00fcyle bize b\u00fcy\u00fck bir g\u00f6rev verdi. Bu g\u00f6revi, kentimizi s\u00fcrekli geli\u015ftirerek, hizmetlerle b\u00fcy\u00fcyen, kalk\u0131nan, yar\u0131nlar\u0131 ayd\u0131nl\u0131k bir kent yapma yolunda \u00e7al\u0131\u015farak yerine getirece\u011fiz\u201d ifadelerini kulland\u0131.<\/p>\n","protected":false},"excerpt":{"rendered":"<p>Mezitli Belediye Ba\u015fkan\u0131 olduktan sonra hayata ge\u00e7irece\u011fi projeleri payla\u015fan Cumhur \u0130ttifak\u0131 Mezitli Belediye Ba\u015fkan Aday\u0131 Mevl\u00fct Ekmekci, kamuoyunun ilgisiyle kar\u015f\u0131land\u0131. 7\u2019den 70\u2019e Mezitli\u2019de ya\u015fayan t\u00fcm kesimleri kapsayan projeleri ile dikkat \u00e7eken Ekmekci\u2019nin Atat\u00fcrk Korusu ve M\u00fczesi vaadi ise b\u00fcy\u00fck destek g\u00f6rd\u00fc. &#8212;&#8212;&#8212;&#8212;&#8212;&#8212;&#8211; Cumhur \u0130ttifak\u0131 Mezitli Belediye Ba\u015fkan Aday\u0131 Mevl\u00fct Ekmekci, 31 Mart 2024 tarihinde yap\u0131lacak [&hellip;]<\/p>\n","protected":false},"author":2,"featured_media":31516,"comment_status":"open","ping_status":"open","sticky":false,"template":"","format":"standard","meta":{"footnotes":""},"categories":[3],"tags":[],"class_list":["post-31515","post","type-post","status-publish","format-standard","has-post-thumbnail","hentry","category-manset"],"views":3,"_links":{"self":[{"href":"https:\/\/mersinkadingazetesi.com\/index.php?rest_route=\/wp\/v2\/posts\/31515"}],"collection":[{"href":"https:\/\/mersinkadingazetesi.com\/index.php?rest_route=\/wp\/v2\/posts"}],"about":[{"href":"https:\/\/mersinkadingazetesi.com\/index.php?rest_route=\/wp\/v2\/types\/post"}],"author":[{"embeddable":true,"href":"https:\/\/mersinkadingazetesi.com\/index.php?rest_route=\/wp\/v2\/users\/2"}],"replies":[{"embeddable":true,"href":"https:\/\/mersinkadingazetesi.com\/index.php?rest_route=%2Fwp%2Fv2%2Fcomments&post=31515"}],"version-history":[{"count":0,"href":"https:\/\/mersinkadingazetesi.com\/index.php?rest_route=\/wp\/v2\/posts\/31515\/revisions"}],"wp:featuredmedia":[{"embeddable":true,"href":"https:\/\/mersinkadingazetesi.com\/index.php?rest_route=\/wp\/v2\/media\/31516"}],"wp:attachment":[{"href":"https:\/\/mersinkadingazetesi.com\/index.php?rest_route=%2Fwp%2Fv2%2Fmedia&parent=31515"}],"wp:term":[{"taxonomy":"category","embeddable":true,"href":"https:\/\/mersinkadingazetesi.com\/index.php?rest_route=%2Fwp%2Fv2%2Fcategories&post=31515"},{"taxonomy":"post_tag","embeddable":true,"href":"https:\/\/mersinkadingazetesi.com\/index.php?rest_route=%2Fwp%2Fv2%2Ftags&post=31515"}],"curies":[{"name":"wp","href":"https:\/\/api.w.org\/{rel}","templated":true}]}}