{"id":31546,"date":"2024-03-20T12:39:25","date_gmt":"2024-03-20T09:39:25","guid":{"rendered":"http:\/\/mersinkadingazetesi.com\/?p=31546"},"modified":"2024-03-20T12:39:25","modified_gmt":"2024-03-20T09:39:25","slug":"sorunlari-muzakere-ve-mutabakat-ile-cozecegiz","status":"publish","type":"post","link":"https:\/\/mersinkadingazetesi.com\/?p=31546","title":{"rendered":"SORUNLARI M\u00dcZAKERE VE MUTABAKAT \u0130LE \u00c7\u00d6ZECE\u011e\u0130Z"},"content":{"rendered":"<p>CHP Toroslar Belediye Ba\u015fkan Aday\u0131 Abdurrahman Y\u0131ld\u0131z, Toroslar&#8217;\u0131n bug\u00fcne kadar yanl\u0131\u015f y\u00f6netilmesinin, halkla birlikte \u00e7al\u0131\u015fmamaktan kaynakland\u0131\u011f\u0131na i\u015faret ederek, &#8220;Kent y\u00f6netiminin temeli, kentle bar\u0131\u015fmakt\u0131r. Bu bar\u0131\u015f\u0131 sa\u011flamak ilk olarak yerel y\u00f6netimlerin sorumlulu\u011fudur. Kar\u015f\u0131la\u015fabilece\u011fimiz sorunlar\u0131 birbirimizle \u00e7at\u0131\u015farak de\u011fil, m\u00fczakere ve mutabakat ile \u00e7\u00f6zece\u011fiz&#8221; dedi.<\/p>\n<p>CHP \/ TOROSLAR\/ MERS\u0130N- Cumhuriyet Halk Partisi Toroslar Belediye Ba\u015fkan Aday\u0131 Abdurrahman Y\u0131ld\u0131z, Gazi Mustafa Kemal (GMK) \u00fczerindeki esnaf\u0131 ziyaret etti. Esnaf ve vatanda\u015flar\u0131n taleplerini dinleyen Y\u0131ld\u0131z, Toroslar&#8217;\u0131n geli\u015fmesini ve zenginle\u015fmesini sa\u011flayacak yat\u0131r\u0131mc\u0131lar\u0131 destekleyeceklerini belirterek, &#8220;Tar\u0131m ve sanayiyi birbirine entegre edece\u011fiz, \u00fcretimi destekleyerek ve yeni yat\u0131r\u0131mlar\u0131m\u0131zla il\u00e7emizi zenginle\u015ftirece\u011fiz, istihdam\u0131 art\u0131raca\u011f\u0131z. Olu\u015fturaca\u011f\u0131m\u0131z belediye iktisadi te\u015fekk\u00fclleri ile Toroslar&#8217;a yap\u0131lacak yeni yat\u0131r\u0131mlara \u00f6nc\u00fcl\u00fck edece\u011fiz&#8221; diye konu\u015ftu.<\/p>\n<p>KENT Y\u00d6NET\u0130M\u0130N\u0130N TEMEL\u0130, KENTLE BARI\u015eMAKTIR<br \/>\nArd\u0131ndan Mardin ve \u0130l\u00e7eleri Sosyal Yard\u0131mla\u015fma ve Dayan\u0131\u015fma Derne\u011fi ile Siirtliler Derne\u011fi&#8217;ni ziyaret eden Y\u0131ld\u0131z,  y\u00fcz\u00fc g\u00fclen nefes alan Toroslar i\u00e7in planlad\u0131\u011f\u0131 projeleri payla\u015ft\u0131. Y\u0131ld\u0131z, \u015f\u00f6yle devam etti: &#8220;Kent y\u00f6netiminin temeli, kentle bar\u0131\u015fmakt\u0131r. Bu bar\u0131\u015f\u0131 sa\u011flamak ilk olarak yerel y\u00f6netimlerin sorumlulu\u011fudur. Kar\u015f\u0131la\u015fabilece\u011fimiz sorunlar\u0131 birbirimizle \u00e7at\u0131\u015farak de\u011fil, m\u00fczakere ve mutabakat ile \u00e7\u00f6zece\u011fiz.&#8221;<\/p>\n<p>KONUTLAR GEREKL\u0130 STANDARTLARI \u0130\u00c7ERM\u0130YOR<br \/>\nY\u0131ld\u0131z, \u0130n\u015faat M\u00fchendisleri Odas\u0131, Mimarlar Odas\u0131, Elektrik M\u00fchendisleri ve \u00c7evre M\u00fchendisleri Odas\u0131&#8217;n\u0131 ziyaretinde, Toroslar&#8217;da i\u015fbirli\u011fi i\u00e7erisinde hayata ge\u00e7irmeyi planlad\u0131\u011f\u0131 projeleri anlatt\u0131.<br \/>\nToroslar&#8217;da kurulu bulunan yap\u0131lar\u0131n yar\u0131s\u0131ndan fazlas\u0131n\u0131n herhangi bir m\u00fchendislik ve mimari hizmet al\u0131nmadan in\u015fa edildi\u011fine dikkat \u00e7eken Y\u0131ld\u0131z, &#8220;Her ne kadar kentimizin en sa\u011flam zeminleri \u00fczerine kurulu bir il\u00e7e olsa da geleneksel y\u00f6ntemlerle yap\u0131lm\u0131\u015f konutlar gerekli standartlar\u0131 i\u00e7ermemektedir. Depreme dayan\u0131ks\u0131z, asgari konfordan uzak ve \u00e7\u00fcr\u00fck yap\u0131 sto\u011fuyla Toroslar nerede ise ya\u015fanmaz hale gelmi\u015ftir&#8221; dedi.<\/p>\n<p>PLANLI GEL\u0130\u015eEN TOROSLAR<br \/>\nToroslar&#8217;\u0131n en \u00f6nemli sorunlar\u0131ndan birinin d\u00fczensiz ve tamamlanmam\u0131\u015f imar planlar\u0131 oldu\u011funu kaydeden Y\u0131ld\u0131z, \u015funlar\u0131 anlatt\u0131: &#8220;Vatanda\u015flar\u0131m\u0131z\u0131n \u00f6nemli bir k\u0131sm\u0131 yanl\u0131\u015f imar uygulamalar\u0131ndan ma\u011fdur edilmi\u015ftir. Bu ma\u011fduriyetin ortadan kald\u0131r\u0131lmas\u0131 i\u00e7in \u00e7al\u0131\u015fmalar yapaca\u011f\u0131z. \u0130l\u00e7emize daha geni\u015f caddeler, ye\u015fil alanlar, parklar ve huzurla gidilebilecek sosyal tesisler kazand\u0131raca\u011f\u0131z.&#8221;<\/p>\n<p>DEPREME DAYANIKLI KONUTLARDA YA\u015eAMAK HERKES\u0130N HAKKI<br \/>\nToroslar&#8217;da her hanenin g\u00fcne\u015f ve r\u00fczgar enerjisinden yararlanmas\u0131na y\u00f6nelik projeler yapacaklar\u0131n\u0131 dile getiren Y\u0131ld\u0131z, &#8220;Depreme kar\u015f\u0131 g\u00fcvenli ve dayan\u0131kl\u0131 konutlarda ya\u015famak Toroslar&#8217;da ya\u015fayan herkesin hakk\u0131d\u0131r. Bunun i\u00e7in \u00f6ncelikle yap\u0131lar\u0131n\u0131 yenilemek isteyen vatanda\u015flar\u0131m\u0131za ek maliyet getirmeden yenileme olanaklar\u0131 sa\u011flayaca\u011f\u0131z. Bu \u00e7er\u00e7evede ba\u015fta B\u00fcy\u00fck\u015fehir Belediyemiz olmak \u00fczere ilgili kurumlarla i\u015fbirli\u011fi yapaca\u011f\u0131z. Toroslar g\u00fcne\u015f enerjisine, r\u00fczgar enerjisine yani yenilenebilir olanaklara sahip bir il\u00e7e. Biz her hanemizin bundan yararlanmas\u0131na y\u00f6nelik projeler yap\u0131yoruz. Yap\u0131lacak yeni binalar\u0131n bu \u015fekilde ger\u00e7ekle\u015ftirilmesi, eskilerin de\u011fi\u015ftirilmesi i\u00e7in imkanlar sa\u011flamakta kararl\u0131y\u0131z&#8221; dedi.<\/p>\n","protected":false},"excerpt":{"rendered":"<p>CHP Toroslar Belediye Ba\u015fkan Aday\u0131 Abdurrahman Y\u0131ld\u0131z, Toroslar&#8217;\u0131n bug\u00fcne kadar yanl\u0131\u015f y\u00f6netilmesinin, halkla birlikte \u00e7al\u0131\u015fmamaktan kaynakland\u0131\u011f\u0131na i\u015faret ederek, &#8220;Kent y\u00f6netiminin temeli, kentle bar\u0131\u015fmakt\u0131r. Bu bar\u0131\u015f\u0131 sa\u011flamak ilk olarak yerel y\u00f6netimlerin sorumlulu\u011fudur. Kar\u015f\u0131la\u015fabilece\u011fimiz sorunlar\u0131 birbirimizle \u00e7at\u0131\u015farak de\u011fil, m\u00fczakere ve mutabakat ile \u00e7\u00f6zece\u011fiz&#8221; dedi. CHP \/ TOROSLAR\/ MERS\u0130N- Cumhuriyet Halk Partisi Toroslar Belediye Ba\u015fkan Aday\u0131 Abdurrahman Y\u0131ld\u0131z, [&hellip;]<\/p>\n","protected":false},"author":2,"featured_media":31547,"comment_status":"open","ping_status":"open","sticky":false,"template":"","format":"standard","meta":{"footnotes":""},"categories":[3,6],"tags":[],"class_list":["post-31546","post","type-post","status-publish","format-standard","has-post-thumbnail","hentry","category-manset","category-siyaset-2"],"views":2,"_links":{"self":[{"href":"https:\/\/mersinkadingazetesi.com\/index.php?rest_route=\/wp\/v2\/posts\/31546"}],"collection":[{"href":"https:\/\/mersinkadingazetesi.com\/index.php?rest_route=\/wp\/v2\/posts"}],"about":[{"href":"https:\/\/mersinkadingazetesi.com\/index.php?rest_route=\/wp\/v2\/types\/post"}],"author":[{"embeddable":true,"href":"https:\/\/mersinkadingazetesi.com\/index.php?rest_route=\/wp\/v2\/users\/2"}],"replies":[{"embeddable":true,"href":"https:\/\/mersinkadingazetesi.com\/index.php?rest_route=%2Fwp%2Fv2%2Fcomments&post=31546"}],"version-history":[{"count":0,"href":"https:\/\/mersinkadingazetesi.com\/index.php?rest_route=\/wp\/v2\/posts\/31546\/revisions"}],"wp:featuredmedia":[{"embeddable":true,"href":"https:\/\/mersinkadingazetesi.com\/index.php?rest_route=\/wp\/v2\/media\/31547"}],"wp:attachment":[{"href":"https:\/\/mersinkadingazetesi.com\/index.php?rest_route=%2Fwp%2Fv2%2Fmedia&parent=31546"}],"wp:term":[{"taxonomy":"category","embeddable":true,"href":"https:\/\/mersinkadingazetesi.com\/index.php?rest_route=%2Fwp%2Fv2%2Fcategories&post=31546"},{"taxonomy":"post_tag","embeddable":true,"href":"https:\/\/mersinkadingazetesi.com\/index.php?rest_route=%2Fwp%2Fv2%2Ftags&post=31546"}],"curies":[{"name":"wp","href":"https:\/\/api.w.org\/{rel}","templated":true}]}}