{"id":31549,"date":"2024-03-20T12:40:13","date_gmt":"2024-03-20T09:40:13","guid":{"rendered":"http:\/\/mersinkadingazetesi.com\/?p=31549"},"modified":"2024-03-20T12:40:13","modified_gmt":"2024-03-20T09:40:13","slug":"serdar-soydan-oncelik-siralamasi-ve-sorunlar-dogru-belirlenmiyor","status":"publish","type":"post","link":"https:\/\/mersinkadingazetesi.com\/?p=31549","title":{"rendered":"Serdar Soydan: &#8220;\u00d6ncelik s\u0131ralamas\u0131 ve sorunlar do\u011fru belirlenmiyor&#8221;"},"content":{"rendered":"<p>Cumhur \u0130ttifak\u0131 Mersin B\u00fcy\u00fck\u015fehir Belediye Ba\u015fkan Aday\u0131 Serdar Soydan, Mersin&#8217;in sorunlar\u0131n\u0131n belirlenmesinde \u00f6ncelik s\u0131ralamas\u0131n\u0131n do\u011fru yap\u0131lmad\u0131\u011f\u0131n\u0131, sorunlar\u0131n tespitinde de yanl\u0131\u015fl\u0131klar yap\u0131ld\u0131\u011f\u0131n\u0131 s\u00f6yleyerek, &#8220;Sorunlar\u0131 ile b\u00fcy\u00fck bir \u015fehiriz. Plans\u0131z b\u00fcy\u00fcme bu kente hi\u00e7bir \u015fey kazand\u0131rmad\u0131. Mersin&#8217;in sorunlar\u0131 belirlenirken \u00f6ncelik s\u0131ralamas\u0131 yanl\u0131\u015f yap\u0131l\u0131yor. Biz aday oldu\u011fumuzda, ilk \u00f6nce sorunlar\u0131 belirlerdik. \u00d6ncelikli \u00e7\u0131kan sorunlara \u00f6zel \u00e7al\u0131\u015fmalar yapt\u0131k. Projelerimizi buna g\u00f6re belirledik.&#8221;Dedi.<\/p>\n<p>&#8220;Mersin&#8217;i ilk 5&#8217;e sokaca\u011f\u0131z&#8221;<\/p>\n<p>Mersin Ticaret Borsas\u0131 ile Nakliyeciler Sitesini ziyaret eden Serdar Soydan, sorunlar\u0131 ve talepleri yak\u0131ndan takip etti\u011fini, beklentileri, kentin ticaret potansiyelini ve neler yap\u0131lmas\u0131 gerekti\u011fini \u00e7ok iyi bildi\u011fini, Mersin&#8217;i ya\u015fanabilir kentler s\u0131ralamas\u0131nda ilk 5&#8217;e sokacaklar\u0131n\u0131 kaydetti.<\/p>\n<p>&#8220;Nakliyeci esnaf\u0131m\u0131za yeni siteleri i\u00e7in \u00f6deme kolayl\u0131\u011f\u0131 sa\u011flayaca\u011f\u0131z&#8221;<\/p>\n<p>Nakliyeci esnaf\u0131n\u0131n sorunlar\u0131na da dikkat \u00e7eken Serdar Soydan: &#8220;Sizlerin dertlerini \u00e7ok iyi biliyorum. Saatleriniz trafikte ge\u00e7iyor. Limanda ne kadar zaman kaybetti\u011finizi en iyi siz biliyorsunuz. &#8216;\u0130l\u00e7e belediyesi bizimle uyumlu de\u011fil, h\u00fck\u00fcmet destek vermiyor&#8217; gibi mazeretler duyuyoruz. Bir Bakan\u0131 ziyaret edip hangi talepte bulundunuz? &#8216;Bakan\u0131 tan\u0131mam, Cumhurba\u015fkan\u0131n\u0131 tan\u0131mam. O benim dengim de\u011fil&#8217; derseniz bu olmaz. 1 Nisandan sonra yap\u0131lacak nakliyeciler sitesinin \u00f6demelerini minimize edip, sizleri yormayacak uzun vade \u00f6deme plan\u0131 noktas\u0131nda yard\u0131mc\u0131 olaca\u011f\u0131z.&#8221;  diye konu\u015ftu.<\/p>\n","protected":false},"excerpt":{"rendered":"<p>Cumhur \u0130ttifak\u0131 Mersin B\u00fcy\u00fck\u015fehir Belediye Ba\u015fkan Aday\u0131 Serdar Soydan, Mersin&#8217;in sorunlar\u0131n\u0131n belirlenmesinde \u00f6ncelik s\u0131ralamas\u0131n\u0131n do\u011fru yap\u0131lmad\u0131\u011f\u0131n\u0131, sorunlar\u0131n tespitinde de yanl\u0131\u015fl\u0131klar yap\u0131ld\u0131\u011f\u0131n\u0131 s\u00f6yleyerek, &#8220;Sorunlar\u0131 ile b\u00fcy\u00fck bir \u015fehiriz. Plans\u0131z b\u00fcy\u00fcme bu kente hi\u00e7bir \u015fey kazand\u0131rmad\u0131. Mersin&#8217;in sorunlar\u0131 belirlenirken \u00f6ncelik s\u0131ralamas\u0131 yanl\u0131\u015f yap\u0131l\u0131yor. Biz aday oldu\u011fumuzda, ilk \u00f6nce sorunlar\u0131 belirlerdik. \u00d6ncelikli \u00e7\u0131kan sorunlara \u00f6zel \u00e7al\u0131\u015fmalar yapt\u0131k. Projelerimizi [&hellip;]<\/p>\n","protected":false},"author":2,"featured_media":31550,"comment_status":"open","ping_status":"open","sticky":false,"template":"","format":"standard","meta":{"footnotes":""},"categories":[8,3,6],"tags":[],"class_list":["post-31549","post","type-post","status-publish","format-standard","has-post-thumbnail","hentry","category-ekonomi","category-manset","category-siyaset-2"],"views":9,"_links":{"self":[{"href":"https:\/\/mersinkadingazetesi.com\/index.php?rest_route=\/wp\/v2\/posts\/31549"}],"collection":[{"href":"https:\/\/mersinkadingazetesi.com\/index.php?rest_route=\/wp\/v2\/posts"}],"about":[{"href":"https:\/\/mersinkadingazetesi.com\/index.php?rest_route=\/wp\/v2\/types\/post"}],"author":[{"embeddable":true,"href":"https:\/\/mersinkadingazetesi.com\/index.php?rest_route=\/wp\/v2\/users\/2"}],"replies":[{"embeddable":true,"href":"https:\/\/mersinkadingazetesi.com\/index.php?rest_route=%2Fwp%2Fv2%2Fcomments&post=31549"}],"version-history":[{"count":0,"href":"https:\/\/mersinkadingazetesi.com\/index.php?rest_route=\/wp\/v2\/posts\/31549\/revisions"}],"wp:featuredmedia":[{"embeddable":true,"href":"https:\/\/mersinkadingazetesi.com\/index.php?rest_route=\/wp\/v2\/media\/31550"}],"wp:attachment":[{"href":"https:\/\/mersinkadingazetesi.com\/index.php?rest_route=%2Fwp%2Fv2%2Fmedia&parent=31549"}],"wp:term":[{"taxonomy":"category","embeddable":true,"href":"https:\/\/mersinkadingazetesi.com\/index.php?rest_route=%2Fwp%2Fv2%2Fcategories&post=31549"},{"taxonomy":"post_tag","embeddable":true,"href":"https:\/\/mersinkadingazetesi.com\/index.php?rest_route=%2Fwp%2Fv2%2Ftags&post=31549"}],"curies":[{"name":"wp","href":"https:\/\/api.w.org\/{rel}","templated":true}]}}