{"id":31555,"date":"2024-03-20T12:46:53","date_gmt":"2024-03-20T09:46:53","guid":{"rendered":"http:\/\/mersinkadingazetesi.com\/?p=31555"},"modified":"2024-03-20T12:46:53","modified_gmt":"2024-03-20T09:46:53","slug":"buyuksehir-silifke-icin-4-yeni-projenin-temelini-atti","status":"publish","type":"post","link":"https:\/\/mersinkadingazetesi.com\/?p=31555","title":{"rendered":"B\u00dcY\u00dcK\u015eEH\u0130R S\u0130L\u0130FKE \u0130\u00c7\u0130N 4 YEN\u0130 PROJEN\u0130N TEMEL\u0130N\u0130 ATTI"},"content":{"rendered":"<p>Mersin&#8217;in geli\u015fmesi ve kalk\u0131nmas\u0131 i\u00e7in kentin her noktas\u0131nda ayr\u0131 bir hizmet ger\u00e7ekle\u015ftiren Mersin B\u00fcy\u00fck\u015fehir Belediye Ba\u015fkan\u0131 ve Cumhuriyet Halk Partisi (CHP) Mersin B\u00fcy\u00fck\u015fehir Belediye Ba\u015fkan Aday\u0131 Vahap Se\u00e7er; bu kez de Silifke&#8217;de 4 yeni projenin temelini att\u0131. Se\u00e7er, &#8216;Silifke Sosyal Ya\u015fam Merkezi&#8217;, &#8216;Silifke Ye\u015filovac\u0131k Mahallesi \u0130\u00e7mesuyu \u0130letim Hatt\u0131&#8217;, &#8216;Uzuncabur\u00e7 \u0130\u00e7mesuyu Hatt\u0131&#8217;n\u0131n ve &#8216;Baland\u0131z Mahallesi \u0130\u00e7mesuyu Hatt\u0131&#8217; projelerin temelini Silifke halk\u0131yla birlikte att\u0131. Ba\u015fkan Se\u00e7er temel atma t\u00f6reninin ard\u0131ndan Silifke halk\u0131 ile Mersin B\u00fcy\u00fck\u015fehir Belediyesi taraf\u0131ndan verilen iftar yeme\u011finde bir araya geldi.<\/p>\n<p>T\u00f6ren \u00f6ncesi Silifke&#8217;de pazar yeri ve esnaf ziyareti yapan Se\u00e7er, Silifke halk\u0131 taraf\u0131ndan co\u015fkuyla kar\u015f\u0131land\u0131.<\/p>\n<p>Se\u00e7er: &#8220;Vatan\u0131 i\u00e7in \u00e7al\u0131\u015fan namuslu bir siyaset\u00e7i i\u00e7in vatanda\u015f\u0131n\u0131n te\u015fekk\u00fcr\u00fc onun servetidir&#8221;<\/p>\n<p>Mersin B\u00fcy\u00fck\u015fehir Belediye Ba\u015fkan\u0131 Vahap Se\u00e7er, Silifke&#8217;ye gitti\u011finde enerjisinin y\u00fckseldi\u011fini ifade ederek, Silifkelilerin y\u00fcz\u00fcn\u00fcn g\u00fcld\u00fc\u011f\u00fcn\u00fc vurgulad\u0131. Mersin B\u00fcy\u00fck\u015fehir olarak vatanda\u015flar i\u00e7in \u00e7al\u0131\u015f\u0131p, gayret g\u00f6sterdiklerinden s\u00f6z ederek, vatanda\u015flar\u0131n bir te\u015fekk\u00fcr\u00fcn\u00fc ve hay\u0131r duas\u0131n\u0131 ald\u0131klar\u0131nda mutlu olduklar\u0131n\u0131 ifade eden Se\u00e7er, &#8220;Bunlar bizim i\u00e7in d\u00fcnya mal\u0131ndan \u00e7ok daha fazla de\u011ferli. Kamu g\u00f6revi yapan ve milleti, vatan\u0131 i\u00e7in \u00e7al\u0131\u015fan namuslu bir siyaset\u00e7i i\u00e7in vatanda\u015f\u0131n\u0131n te\u015fekk\u00fcr\u00fc, hay\u0131r duas\u0131 onun servetidir&#8221; dedi ve Ramazan Ay\u0131&#8217;nda \u00e7ok hay\u0131rl\u0131 hizmetlerin temelini at\u0131p, ba\u015flang\u0131c\u0131n\u0131 yapacaklar\u0131n\u0131 vurgulad\u0131.<\/p>\n<p>&#8220;Gelecek 5 y\u0131l sizlerin deste\u011fiyle hizmetlerimizde ko\u015faca\u011f\u0131z&#8221;<\/p>\n<p>Mersin B\u00fcy\u00fck\u015fehir&#8217;de i\u015flerin \u00e7ok h\u0131zl\u0131 ilerledi\u011finden s\u00f6z eden Se\u00e7er, eski d\u00f6nemlerde yap\u0131m\u0131 aylar s\u00fcren yollar\u0131n da \u015fu anda \u00e7ok k\u0131sa s\u00fcrede tamamland\u0131\u011f\u0131ndan bahsetti. K\u00f6pr\u00fcler, binalar ve parklar ba\u015fta olmak \u00fczere b\u00fct\u00fcn hizmetlerin s\u00fcratle ilerledi\u011fini dile getiren Se\u00e7er, &#8220;\u00c7\u00fcnk\u00fc i\u015fimizi bilerek,  hesaplayarak, isteyerek, planl\u0131, programl\u0131, iyi m\u00fchendisler ve iyi elemanlarla yap\u0131yoruz. Onun i\u00e7in i\u015flerimiz sa\u011f salim ve h\u0131zl\u0131 y\u00fcr\u00fcyor. B\u00f6yle de devam edecek. Gelecek 5 y\u0131l bu 5 y\u0131la g\u00f6re edindi\u011fimiz deneyimler, birikimler, haz\u0131rl\u0131klar ve sizlerin deste\u011fiyle hizmetlerimizde ko\u015faca\u011f\u0131z&#8221; diye konu\u015ftu.<\/p>\n<p>&#8220;Bizim i\u015fimiz rant de\u011fil; halk&#8221;<\/p>\n<p>Temelini atacaklar\u0131 &#8216;Silifke Sosyal Ya\u015fam Merkezi&#8217;nin kad\u0131nlar, \u00e7ocuklar ve b\u00fct\u00fcn Silifkeliler i\u00e7in \u00e7ok g\u00fczel bir tesis olaca\u011f\u0131n\u0131n alt\u0131n\u0131 \u00e7izen Se\u00e7er, &#8220;Biliyorsunuz Gazi Mahallesi&#8217;nde eski Hal&#8217;imiz var. Oradaki d\u00fckkanlar Yeni Hal&#8217;e ta\u015f\u0131nd\u0131 ve etraf\u0131nda yeni yap\u0131lar olu\u015fuyor. Oras\u0131 Mersin B\u00fcy\u00fck\u015fehir Belediyesi&#8217;ne ait. Oras\u0131 Cumhuriyet Halk Partili bir belediye ba\u015fkan\u0131na de\u011fil de bir ba\u015fka partili belediye ba\u015fkan\u0131na ya da belediyeye ait bir arsa olsayd\u0131; orada bir imar de\u011fi\u015fikli\u011fi hemen konuta, ticarete ve ranta d\u00f6nerdi ama biz ranta de\u011fil halka ve sizlerin hizmetine a\u00e7\u0131yoruz, sizler i\u00e7in yap\u0131yoruz. Diyoruz ki; &#8216;Bizim i\u015fimiz rant de\u011fil, bizim i\u015fimiz halk. Biz kamu g\u00f6revi yap\u0131yoruz.'&#8221; \u0130fadelerini kulland\u0131.<\/p>\n<p>&#8220;Yeni Nesil bir K\u00fct\u00fcphane gen\u00e7lerimizin hizmeti i\u00e7in yap\u0131l\u0131yor&#8221;<\/p>\n<p>Temeli at\u0131lacak Silifke Sosyal Ya\u015fam Merkezi&#8217;nin 9 ay gibi bir s\u00fcrede tamamlan\u0131p, Aral\u0131k ay\u0131nda halk\u0131n hizmetine a\u00e7\u0131laca\u011f\u0131n\u0131 kaydetti. Tesis yap\u0131lacak alan\u0131n toplam 9 bin 705 metrekare oldu\u011funu da aktaran Se\u00e7er, &#8220;Oradaki temel amac\u0131m\u0131z; insanlar\u0131n sosyalle\u015fmesi. Vatanda\u015flar\u0131m\u0131z oraya gitsinler ve i\u00e7erisinde olu\u015fturdu\u011fumuz fonksiyonlarda, ye\u015fil alanlarda vakitlerini ge\u00e7irsinler. Tesisimizde yakla\u015f\u0131k olarak 780 metrekare alanda konferans, seminer ve toplant\u0131 gibi etkinliklerin d\u00fczenlenmesine olanak sa\u011flayacak 120 ki\u015filik \u00e7ok ama\u00e7l\u0131 salon var. Merkezde, sahildeki Yeni Nesil K\u00fct\u00fcphane&#8217;yi biliyorsunuz; dillere destan ve denize naz\u0131r. Buras\u0131 denize naz\u0131r de\u011fil, uzaktan g\u00f6r\u00fcyor ama burada da Yeni Nesil bir K\u00fct\u00fcphane gen\u00e7lerimizin hizmeti i\u00e7in yap\u0131l\u0131yor&#8221; dedi.<\/p>\n<p>&#8220;Kad\u0131nlar ayakta dursun diye Meslek Edindirme Kurslar\u0131 d\u00fczenleyece\u011fiz&#8221;<\/p>\n<p>Merkezde kad\u0131nlar ve \u00e7ocuklar i\u00e7in at\u00f6lyelerin de yer alaca\u011f\u0131n\u0131 ifade eden Se\u00e7er, kad\u0131nlar\u0131n meslek edinmelerini sa\u011flayacaklar\u0131n\u0131 vurgulad\u0131. Se\u00e7er, &#8220;Kad\u0131nlar ayakta dursun, kimseye muhta\u00e7 olmas\u0131n, o evdeki gizli g\u00fcc\u00fcn\u00fc ve potansiyelini a\u00e7\u0131\u011fa \u00e7\u0131kars\u0131n diye Mersin merkezde oldu\u011fu gibi Meslek Edindirme Kurslar\u0131 d\u00fczenleyece\u011fiz. Kad\u0131nlar \u00fcretsinler, kazans\u0131nlar, evlerinin ge\u00e7imine ve \u00e7ocuklar\u0131n\u0131n e\u011fitimine katk\u0131 sunsunlar diye meslek edinmelerini sa\u011flayaca\u011f\u0131z&#8221; diye belirtti.<\/p>\n<p>\u00c7ocuk Geli\u015fim Merkezi&#8217;nin de 780 metrekare bir alanda yer alaca\u011f\u0131ndan ve i\u00e7erisinde 5 s\u0131n\u0131f\u0131n bulunaca\u011f\u0131ndan bahseden Se\u00e7er, toplam 100 \u00e7ocu\u011fun burada e\u011fitim g\u00f6rece\u011fini kaydetti. \u00c7ocuk Geli\u015fim Merkezlerinin \u00f6nemli oldu\u011funu da vurgulayan Se\u00e7er, &#8220;\u00c7ocuklar\u0131m\u0131z\u0131n \u00e7ocuk ya\u015ftan her alanda e\u011fitilmesi \u00f6nemli. \u00c7evre bilincini, beraber ya\u015fama kurallar\u0131n\u0131, vatan ve millet sevgisini, bilimi, Mustafa Kemal Atat\u00fcrk&#8217;\u00fcn yolunu \u00e7ocuk ya\u015fta \u00f6\u011fretece\u011fiz. Onun i\u00e7in \u00c7ocuk Geli\u015fim Merkezleri&#8217;ni \u00f6nemsiyoruz&#8221; dedi.<\/p>\n<p>&#8220;\u00d6n\u00fcm\u00fczdeki d\u00f6nemde de \u00c7ocuk Geli\u015fim Merkezleri&#8217;nin yap\u0131m\u0131na devam edece\u011fiz&#8221;<\/p>\n<p>Ge\u00e7ti\u011fimiz hafta Tarsus&#8217;ta da bir \u00c7ocuk Geli\u015fim Merkezi&#8217;ni hizmete sunduklar\u0131n\u0131 aktaran Se\u00e7er,  d\u00fcnyan\u0131n Toptanc\u0131 Sebze Hali&#8217;nde kre\u015fi bulunan ilk ve tek \u015fehrinin de Mersin oldu\u011funun vurgusunu yapt\u0131. Mersin Toptanc\u0131 Hali&#8217;nde Avrupa standartlar\u0131nda bir \u00e7ocuk geli\u015fim merkezleri oldu\u011funu ifade eden Se\u00e7er, &#8220;Her il\u00e7emize ve m\u00fcmk\u00fcnse ihtiya\u00e7 duyulan b\u00fct\u00fcn mahallelerimize \u00f6n\u00fcm\u00fczdeki d\u00f6nemde de \u00c7ocuk Geli\u015fim Merkezleri&#8217;nin yap\u0131m\u0131na devam edece\u011fiz. Bug\u00fcn ataca\u011f\u0131m\u0131z temel ve \u00f6n\u00fcm\u00fczdeki g\u00fcnlerde birka\u00e7 noktada ba\u015flayaca\u011f\u0131m\u0131z yap\u0131larla bu d\u00f6nem i\u00e7erisinde yapt\u0131\u011f\u0131m\u0131z, hizmete sundu\u011fumuz, \u015fu anda in\u015faat\u0131 devam eden ve temeli at\u0131lan toplam 12 \u00c7ocuk Geli\u015fim Merkezi&#8217;ni Mersinlilerin hizmetine sunmu\u015f olduk. Hay\u0131rl\u0131 olsun. \u00d6n\u00fcm\u00fczdeki 5 y\u0131lda daha nice 12 \u00e7ocuk geli\u015fim merkezleri yap\u0131p, Mersinli \u00e7ocuklar\u0131m\u0131z\u0131n hizmetine a\u00e7aca\u011f\u0131z&#8221; diye konu\u015ftu.<\/p>\n<p>Merkezin i\u00e7erisinde, k\u00fc\u00e7\u00fck \u00e7apta g\u00f6sterilerin ve konserlerin d\u00fczenlenip, \u00e7ocuklar\u0131n ve gen\u00e7lerin k\u00fclt\u00fcr ve sanat etkinliklerinde bulunabilmeleri i\u00e7in 400 ki\u015filik amfi tiyatronun bulunaca\u011f\u0131n\u0131 kaydeden Se\u00e7er, merkezde yakla\u015f\u0131k olarak 4 bin metrekare de ye\u015fil alan olaca\u011f\u0131n\u0131 ifade etti. Y\u00fcr\u00fcy\u00fc\u015f yolunun da bulunaca\u011f\u0131n\u0131 aktaran Se\u00e7er, merkezin a\u00e7\u0131k hava sinemas\u0131na imkan sa\u011flayacak b\u00f6l\u00fcm\u00fcn de yer alaca\u011f\u0131n\u0131 duyururken, \u00e7ocuklar i\u00e7in de Survivor alan\u0131n\u0131n yer alaca\u011f\u0131n\u0131 ifade etti ve &#8220;\u015eimdiden Silifkemize hay\u0131rl\u0131, u\u011furlu olsun&#8221; dedi.<\/p>\n<p>&#8220;B\u00f6lgenin su sorununu k\u00f6k\u00fcnden \u00e7\u00f6zm\u00fc\u015f olaca\u011f\u0131z&#8221;<\/p>\n<p>B\u00f6lgede yap\u0131m\u0131na ba\u015flanacak olan altyap\u0131 \u00e7al\u0131\u015fmalar\u0131 hakk\u0131nda bilgi veren Se\u00e7er, k\u0131rsal mahallelerde yol ve suyun \u00e7ok \u00f6nemli oldu\u011funu s\u00f6yledi. \u0130lk olarak Ye\u015filovac\u0131k \u0130\u00e7me Suyu \u0130letim Hatt\u0131 projesinden s\u00f6z eden Se\u00e7er, &#8220;Ye\u015filovac\u0131k art\u0131k \u00f6nemli bir tatil beldesi haline geliyor. \u0130nsanlar o g\u00fczelim cennet k\u00f6\u015fesinde \u00f6zellikle yazlar\u0131n\u0131 ge\u00e7irmek istiyorlar ve yaz n\u00fcfusu her ge\u00e7en g\u00fcnde daha kalabal\u0131k oluyor. Oraya g\u00fczel bir hizmet yapaca\u011f\u0131z, Silifke-Ye\u015filovac\u0131k \u0130\u00e7me Suyu \u0130letim Hatt\u0131. I\u015f\u0131kl\u0131&#8217;n\u0131n hemen kuzeyinde sondajla elde etti\u011fimiz kaynaklar\u0131, g\u00fcneye do\u011fru, Ye\u015filovac\u0131k&#8217;a, Tisan, Mavikent o b\u00f6lgelere do\u011fru alaca\u011f\u0131z&#8221; dedi.<\/p>\n<p>S\u00f6z konusu yat\u0131r\u0131m\u0131n 60 milyon 795 bin lira tutar\u0131nda oldu\u011funu ve Ye\u015filovac\u0131k, I\u015f\u0131kl\u0131, H\u0131rmanl\u0131, Tisan, Mavikent b\u00f6lgesinde ya\u015fayan 13 bin n\u00fcfusa hitap edece\u011fini vurgulayan Se\u00e7er, &#8220;Buradan m\u00fcjdeyi vermi\u015f olay\u0131m. Gelecek yaz su sorunu umar\u0131m kalmayacak. Bu y\u0131l\u0131n sonunda y\u00fcklenici firma i\u015fi bitirip teslim edecek ve o b\u00f6lgenin su sorununu k\u00f6k\u00fcnden \u00e7\u00f6zm\u00fc\u015f olaca\u011f\u0131z. O b\u00f6lgelerin su sorunu tarihe kar\u0131\u015fm\u0131\u015f olacak&#8221; s\u00f6zlerine yer verdi.  <\/p>\n<p>&#8220;Belediye ba\u015fkan\u0131 kriz y\u00f6netecek, halktan ka\u00e7mayacak&#8221;<\/p>\n<p>B\u00f6lgede yaz aylar\u0131nda \u00f6nemli \u00f6l\u00e7\u00fcde su s\u0131k\u0131nt\u0131s\u0131 \u00e7ekildi\u011fini aktaran Se\u00e7er, kendisinin de yakla\u015f\u0131k 2 y\u0131l \u00f6nce ya\u015fanan susuzluk d\u00f6neminde yurtta\u015flar\u0131 bizzat ziyaret ederek durumu izah etti\u011fini anlatt\u0131. Belediye ba\u015fkanlar\u0131n\u0131n krizden ka\u00e7an de\u011fil, krizi y\u00f6netip \u00e7\u00f6zen ki\u015filer olmas\u0131 gerekti\u011fine dikkat \u00e7eken Se\u00e7er, &#8220;Vatanda\u015flar, kriz an\u0131nda saklanan belediye ba\u015fkanlar\u0131 de\u011fil, kar\u015f\u0131lar\u0131na \u00e7\u0131kan, ifade veren belediye ba\u015fkanlar\u0131 istiyor. Belediye ba\u015fkan\u0131 kriz y\u00f6netecek, halktan ka\u00e7mayacak. Halkla beraber y\u00fcr\u00fcyecek, krizi \u00e7\u00f6zecek&#8221; diye konu\u015ftu.<\/p>\n<p>&#8220;Uzuncabur\u00e7 bir arkeolojik hazine, de\u011ferini bilene&#8221;<\/p>\n<p>Uzuncabur\u00e7&#8217;ta da i\u00e7me suyu ile ilgili \u00f6nemli bir \u00e7al\u0131\u015fman\u0131n ba\u015flat\u0131laca\u011f\u0131n\u0131 belirten Se\u00e7er, yat\u0131r\u0131mla ilgili bilgi vermeden \u00f6nce b\u00f6lgenin turizm a\u00e7\u0131s\u0131ndan \u00f6nemine de\u011findi. Uzuncabur\u00e7&#8217;un bir d\u00fcnya miras\u0131 oldu\u011funa inand\u0131\u011f\u0131n\u0131 s\u00f6yleyen Se\u00e7er, &#8220;Uzuncabur\u00e7 bir arkeolojik hazine, de\u011ferini bilene.<\/p>\n<p>Art\u0131k toplumumuzda tarih bilinci geli\u015fmeye ba\u015flad\u0131. Umut ediyorum \u00e7ok daha iyi noktalara gelir. Orada bir hazine var. Oras\u0131 bir d\u00fcnya miras\u0131d\u0131r benim g\u00f6z\u00fcmde. D\u00fcnya insan\u0131na a\u00e7mak laz\u0131m. Oras\u0131 muazzam bir turizm alan\u0131 olabilir. Orada Olba Krall\u0131\u011f\u0131 h\u00fck\u00fcm s\u00fcrm\u00fc\u015f, muazzam tarihi yap\u0131lar var. Onlar\u0131 g\u00fcn y\u00fcz\u00fcne \u00e7\u0131kar\u0131p insanl\u0131\u011f\u0131n hizmetini sunmak laz\u0131m&#8221; ifadelerini kulland\u0131.<\/p>\n<p>Uzuncabur\u00e7&#8217;ta ger\u00e7ekle\u015ftirilecek yat\u0131r\u0131m ile Silifke&#8217;nin 31, Erdemli&#8217;nin ise 24 mahallesinde ya\u015fayan 93 bin n\u00fcfusun i\u00e7me suyu sorununu ortadan kald\u0131racaklar\u0131n\u0131 beyan eden Se\u00e7er, &#8220;Hem Erdemlimize hem Silifkemize hay\u0131rl\u0131 u\u011furlu olsun. Bu i\u015fi de Eyl\u00fcl ay\u0131n\u0131n ortas\u0131 gibi bitirece\u011fiz. Ondan sonra o b\u00f6lgede de su sorunu tarihe kar\u0131\u015facak. Toplamda 57 milyon 500 bin liral\u0131k bir yat\u0131r\u0131m olacak ve o b\u00f6lgenin su sorunu \u00e7\u00f6z\u00fclm\u00fc\u015f olacak&#8221; dedi.<\/p>\n<p>&#8220;Vatanda\u015flar\u0131m\u0131za hizmette her t\u00fcrl\u00fc imkan\u0131m\u0131z\u0131 seferber ederiz&#8221;<\/p>\n<p>Silifke&#8217;nin Baland\u0131z Mahallesi&#8217;nde de uzun u\u011fra\u015flar\u0131n ard\u0131ndan su kayna\u011f\u0131na ula\u015ft\u0131klar\u0131n\u0131 dile getiren Se\u00e7er, yap\u0131lacak \u00e7al\u0131\u015fma ile 2 bin 300 n\u00fcfusa hitap edecek yat\u0131r\u0131m\u0131 hizmete sunacaklar\u0131n\u0131 kaydetti. S\u00f6z konusu projenin yakla\u015f\u0131k 30 milyon TL maliyeti oldu\u011funu ifade eden Se\u00e7er \u015funlar\u0131 s\u00f6yledi:<\/p>\n<p>&#8220;Mesele insan sa\u011fl\u0131\u011f\u0131, \u00e7evre sa\u011fl\u0131\u011f\u0131 oldu\u011fu zaman paran\u0131n bizim a\u00e7\u0131m\u0131zdan bir h\u00fckm\u00fc yok. \u0130nsan\u0131m\u0131z temiz bir \u00e7evrede ya\u015fama hakk\u0131na sahiptir. Bu Anayasal bir h\u00fck\u00fcmd\u00fcr. Vatanda\u015flar\u0131m\u0131za hizmette her t\u00fcrl\u00fc imkan\u0131m\u0131z\u0131 seferber ederiz. Bak\u0131n g\u00f6reve geldik, \u00e7\u00f6pte vah\u015fi depolamay\u0131 tarihin tozlu sayfalar\u0131na g\u00f6md\u00fck. Anamur, Bozyaz\u0131, Ayd\u0131nc\u0131k o hatta ormanlara \u00e7\u00f6pler depolan\u0131yordu ama biz bunun yanl\u0131\u015f oldu\u011funu, \u00e7evre bilincinin olmas\u0131 gerekti\u011fini, \u00e7evreyi korumam\u0131z gerekti\u011fini bildi\u011fimiz i\u00e7in milyon liralar harc\u0131yoruz. Her y\u0131l oran\u0131n \u00e7\u00f6p\u00fcn\u00fc buradaki bertaraf tesislerimize Silifke&#8217;ye kadar ta\u015f\u0131y\u0131p, burada bertaraf ediyoruz. Konu insansa, \u00e7evreyse, d\u00fcnyan\u0131n ve \u00fclkenin gelece\u011fi ise bizim i\u00e7in gerisi teferruatt\u0131r.&#8221;<\/p>\n<p>&#8220;Silifke&#8217;nin alt yap\u0131 sorunu tarihe kar\u0131\u015facak&#8221;<\/p>\n<p>Konu\u015fmas\u0131n\u0131n sonunda Silifke&#8217;ye yap\u0131lacak yat\u0131r\u0131mlar\u0131 anlatan Ba\u015fkan Se\u00e7er; alt yap\u0131 \u00e7al\u0131\u015fmalar\u0131ndan Emekli Evi&#8217;ne, A\u015fevi&#8217;nden Arkeok\u00f6y Projesi&#8217;ne, tar\u0131msal desteklerden K\u00f6y\u00fcm\u00fcz At\u00f6lye Projesi&#8217;ne kadar yap\u0131lacak olan destekleri \u015fu \u015fekilde anlatt\u0131:<\/p>\n<p>&#8220;Atakent, Atayurt, Arkum&#8217;u \u00e7ok \u00f6nemsedi\u011finizi biliyorum. Orada kanalizasyon ve at\u0131k su sorunu tarihe kar\u0131\u015facak. Toplamda 500 milyon liral\u0131k yat\u0131r\u0131m\u0131n bu y\u0131l i\u00e7erisinde temelini ataca\u011f\u0131z. \u00d6n\u00fcm\u00fczdeki y\u0131llarda da en k\u0131sa s\u00fcrede buralar\u0131n altyap\u0131s\u0131n\u0131 tamamlayaca\u011f\u0131z. Silifke At\u0131k Su Ar\u0131tma Tesisi kapasitesini doldurdu, ikinci kademesini yapaca\u011f\u0131z. 425 milyon lira de\u011ferinde bir yat\u0131r\u0131m. Yine Silifke G\u00f6kbelen Paket At\u0131k Su Ar\u0131tma Tesisi yakla\u015f\u0131k 30 milyon liral\u0131k bir yat\u0131r\u0131m. Ye\u015filovac\u0131k&#8217;ta y\u0131llard\u0131r kangrene d\u00f6n\u00fc\u015fm\u00fc\u015f kanalizasyon at\u0131k su tesisi 145 milyon liral\u0131k bir yat\u0131r\u0131m. Bu sayd\u0131\u011f\u0131m projelerin tamam\u0131n\u0131n in\u015faat\u0131na bu y\u0131l ba\u015flayaca\u011f\u0131z ve en k\u0131sa s\u00fcrede bitirece\u011fiz. Bunlar\u0131n finansman\u0131 haz\u0131r, her \u015feyleri haz\u0131rland\u0131. Sadece in\u015faat\u0131 yap\u0131p bir an \u00f6nce bitirip Silifkeli hem\u015fehrilerimin hizmetini sunmak kald\u0131. Umar\u0131m \u00e7ok k\u0131sa bir s\u00fcrede Silifke&#8217;nin tamam\u0131n\u0131n kanalizasyon, i\u00e7me suyu, at\u0131k su ar\u0131tma sorununu ortadan kald\u0131raca\u011f\u0131z.&#8221;<\/p>\n<p>Silifke&#8217;ye sosyal belediyecilik yat\u0131r\u0131mlar\u0131 artarak devam edecek<\/p>\n<p>Alt yap\u0131 yat\u0131r\u0131mlar\u0131n\u0131n yan\u0131 s\u0131ra sosyal belediyecilik yat\u0131r\u0131mlar\u0131 da h\u0131z kesmeden s\u00fcrd\u00fcreceklerini kaydeden Se\u00e7er, &#8220;Silifke&#8217;ye b\u00fcy\u00fck bir a\u015fevi yapaca\u011f\u0131z, t\u00fcm bu b\u00f6lgeye hitap etsin. Yine Silifke&#8217;ye bir emekli yapaca\u011f\u0131z. Emeklilerimiz sosyalle\u015fsin diye. Uzuncabur\u00e7 Arkeok\u00f6y \u00e7al\u0131\u015fmalar\u0131nda \u00fcniversitemize desteklerimiz katlanarak s\u00fcrecek. Kendi projelerimiz var, onlar\u0131 hayata ge\u00e7irece\u011fiz&#8221; s\u00f6zlerine yer verdi. Tar\u0131msal desteklere de devam edeceklerini vurgulayan Ba\u015fkan Se\u00e7er, &#8220;Sulama kooperatiflerine Tar\u0131msal G\u00fcne\u015f Enerji Santrali (GES) kurulumuna destek olaca\u011f\u0131z. En son olarak da K\u00f6y\u00fcm\u00fcz At\u00f6lye ile kad\u0131nlar \u00fcretecek. Her b\u00f6lgenin kendine ait \u00fcr\u00fcnlerine katma de\u011fer ilave edilerek, sadece T\u00fcrkiye pazar\u0131na de\u011fil d\u00fcnya pazar\u0131na \u00e7\u0131kmas\u0131 sa\u011flanacak. K\u00f6y\u00fcm\u00fcz at\u00f6lye projesini mutlaka ama mutlaka Mersin&#8217;in her b\u00f6lgesinde ve Silifke de hayata ge\u00e7irece\u011fiz&#8221; diyerek konu\u015fmas\u0131na son verdi.<\/p>\n<p>K\u0131\u015f: &#8220;Ba\u015fkan\u0131m\u0131z Anamur&#8217;dan \u00c7aml\u0131yayla&#8217;ya kadar bir\u00e7ok projeye imza att\u0131&#8221;<\/p>\n<p>CHP Mersin Milletvekili G\u00fclcan K\u0131\u015f, Ba\u015fkan Se\u00e7er&#8217;in 2019 y\u0131l\u0131nda g\u00f6reve geldi\u011fi g\u00fcnden bu yana deprem, pandemi gibi her t\u00fcrl\u00fc olumsuz durumla kar\u015f\u0131 kar\u015f\u0131ya kald\u0131\u011f\u0131n\u0131 ancak vatanda\u015flar\u0131na sosyal belediyecilik anlay\u0131\u015f\u0131 ile \u00e7ok g\u00fczel hizmetler yapt\u0131\u011f\u0131n\u0131 dile getirdi.  Ba\u015fkan Se\u00e7er&#8217;in her b\u00f6lgenin ihtiyac\u0131na uygun hizmetler ve projeler hayata ge\u00e7irdi\u011fini belirten K\u0131\u015f, &#8220;Ba\u015fkan\u0131m\u0131z Anamur&#8217;dan \u00c7aml\u0131yayla&#8217;ya uzanan geni\u015f bir co\u011frafyada, 2,5 milyona yak\u0131n insan\u0131n ya\u015fad\u0131\u011f\u0131 bu co\u011frafyada bir\u00e7ok projeye imza att\u0131. Mersin B\u00fcy\u00fck\u015fehir Belediyesi ve de MESK\u0130&#8217;nin ba\u011fl\u0131 oldu\u011fu ekipler, Mersin&#8217;in d\u00f6rt bir yan\u0131nda har\u0131l har\u0131l \u00e7al\u0131\u015fma y\u00fcr\u00fct\u00fcyor. Yollar a\u00e7\u0131l\u0131yor, d\u00fczenleniyor, k\u00f6pr\u00fcler yap\u0131l\u0131yor, i\u00e7me suyu hatlar\u0131 yap\u0131l\u0131yor, su kaynaklar\u0131 bulunuyor. B\u00fct\u00fcn bu \u00e7al\u0131\u015fmalar\u0131n arkas\u0131nda \u00e7ok b\u00fcy\u00fck bir emek, \u00e7aba ve geceli g\u00fcnd\u00fczl\u00fc bir \u00e7al\u0131\u015fma var. Kamu kayna\u011f\u0131n\u0131 en do\u011fru \u015fekilde kullanmak i\u00e7in \u00e7ok titiz bir \u00e7al\u0131\u015fma var&#8221; diyerek Mersin&#8217;de vatanda\u015flar\u0131n ihtiya\u00e7 duydu\u011fu her hizmetin arkas\u0131nda Ba\u015fkan Se\u00e7er&#8217;in imzas\u0131 oldu\u011funu belirtti.<\/p>\n<p>Turgut: &#8220;31 Mart&#8217;tan sonra B\u00fcy\u00fck\u015fehir&#8217;le uyum i\u00e7inde Silifkelilere hizmet edece\u011fiz&#8221;<\/p>\n<p>CHP Silifke Belediye Ba\u015fkan Aday\u0131 Mustafa Turgut, 2014 y\u0131l\u0131nda \u00e7\u0131kan B\u00fcy\u00fck\u015fehir Belediye yasa de\u011fi\u015fikli\u011finde kendisinin Silifke&#8217;de se\u00e7ilen ilk belediye ba\u015fkan\u0131 oldu\u011funu hat\u0131rlatarak, Silifke halk\u0131n\u0131n ya\u015fad\u0131\u011f\u0131 problemleri bildi\u011fini dile getirdi. 31 Mart&#8217;ta yap\u0131lacak yerel se\u00e7imlerde B\u00fcy\u00fck\u015fehir&#8217;de Ba\u015fkan Vahap Se\u00e7er&#8217;e, Silifke&#8217;de ise kendisine destek isteyen Turgut, belediyelerin kar etme ve zenginle\u015fme yerleri olmad\u0131\u011f\u0131na dikkat \u00e7ekti. Turgut, &#8220;Bizim kulland\u0131\u011f\u0131m\u0131z b\u00fct\u00e7eler halk\u0131n paras\u0131ndan olu\u015fuyor. Belediye bir kar etme ve zenginle\u015fme yeri de\u011fildir. Sizden gelen paray\u0131 size kullanaca\u011f\u0131z. Belediye \u015fehremini demektir. Yani \u015fehrin emin insan\u0131 demektir. Dolay\u0131s\u0131yla 31 Mart&#8217;ta siz; \u015fehrin emin insanlar\u0131n\u0131 se\u00e7eceksiniz. Bu anlamda il\u00e7e belediyesinde Mustafa Turgut&#8217;a, B\u00fcy\u00fck\u015fehir Belediyesi&#8217;nde Ba\u015fkan Vahap Se\u00e7er&#8217;e verece\u011finiz deste\u011fe inan\u0131yorum. B\u00fcy\u00fck\u015fehir Belediyemiz 2019&#8217;dan beri \u00e7ok g\u00fczel hizmetler yapt\u0131.  Bizler; B\u00fcy\u00fck\u015fehir Belediyesi&#8217;nin yan\u0131na bir de il\u00e7e belediyesi katal\u0131m ve uyum i\u00e7erisinde birlikte sizlere hizmet etmeye devam edelim&#8221; ifadelerini kulland\u0131.<\/p>\n<p>\u00dcnal: &#8220;B\u00fcy\u00fck\u015fehir ve MESK\u0130 ekipleri devaml\u0131 mahallemizde \u00e7al\u0131\u015fma halinde&#8221;<\/p>\n<p>Uzuncabur\u00e7 Mahalle Muhtar\u0131 Haluk \u00dcnal da Silifke&#8217;ye ba\u011fl\u0131 Uzuncabur\u00e7 Mahallesi&#8217;nin ya\u015fad\u0131\u011f\u0131 en b\u00fcy\u00fck problemin i\u00e7me suyu s\u0131k\u0131nt\u0131 oldu\u011funu belirterek, Mersin B\u00fcy\u00fck\u015fehir Belediyesi ve MESK\u0130 ekiplerinin devaml\u0131 \u00e7al\u0131\u015fma halinde oldu\u011funu dile getirerek, te\u015fekk\u00fcr etti.<\/p>\n<p>Konu\u015fmalar\u0131n ard\u0131ndan projelerin temel atmas\u0131 ger\u00e7ekle\u015ftirildi. Temel atman\u0131n ard\u0131ndan Se\u00e7er, Silifke halk\u0131yla birlikte iftar yapt\u0131.<\/p>\n<p>4 yeni proje Silifke&#8217;ye hay\u0131rl\u0131 olsun<\/p>\n<p>\u0130\u00e7erisinde konferans, seminer ve toplant\u0131 gibi etkinliklerin d\u00fczenlenmesine olanak sa\u011flayacak \u00e7ok ama\u00e7l\u0131 salon, yeni nesil k\u00fct\u00fcphane, at\u00f6lyeler, kafeterya, \u00e7ocuk geli\u015fim merkezi, amfi tiyatro, spor alanlar\u0131 ve Survivor Park\u0131&#8217;n\u0131n bulunaca\u011f\u0131 &#8216;Silifke Sosyal Ya\u015fam Merkezi&#8217;, tamamlanmas\u0131n\u0131n ard\u0131ndan Silifke&#8217;deki her ya\u015ftan yurtta\u015fa hizmet edecek. Silifke halk\u0131n\u0131n i\u00e7me suyuna kesintisiz ula\u015fmas\u0131 amac\u0131yla yap\u0131m\u0131na ba\u015flanan &#8216;Silifke Ye\u015filovac\u0131k Mahallesi \u0130\u00e7mesuyu \u0130letim Hatt\u0131&#8217; da Ye\u015filovac\u0131k, I\u015f\u0131kl\u0131, H\u0131rmanl\u0131, Tisan-Mavikent B\u00f6lgesi&#8217;nde ya\u015fayan yakla\u015f\u0131k 13 bin Silifkeliye hizmet edecek. &#8216;Uzuncabur\u00e7 \u0130\u00e7mesuyu Hatt\u0131&#8217; ise Silifke&#8217;de 31 ve Erdemli&#8217;de 24 mahalle olmak \u00fczere toplam 55 mahallede 93 bin yurtta\u015f\u0131n, &#8216;Baland\u0131z Mahallesi \u0130\u00e7mesuyu Hatt\u0131&#8217; da 2 bin 300 yurtta\u015f\u0131n modern ve kaliteli altyap\u0131 sayesinde temiz i\u00e7me suyuna ula\u015fmas\u0131na olanak sa\u011flayacak.<\/p>\n","protected":false},"excerpt":{"rendered":"<p>Mersin&#8217;in geli\u015fmesi ve kalk\u0131nmas\u0131 i\u00e7in kentin her noktas\u0131nda ayr\u0131 bir hizmet ger\u00e7ekle\u015ftiren Mersin B\u00fcy\u00fck\u015fehir Belediye Ba\u015fkan\u0131 ve Cumhuriyet Halk Partisi (CHP) Mersin B\u00fcy\u00fck\u015fehir Belediye Ba\u015fkan Aday\u0131 Vahap Se\u00e7er; bu kez de Silifke&#8217;de 4 yeni projenin temelini att\u0131. Se\u00e7er, &#8216;Silifke Sosyal Ya\u015fam Merkezi&#8217;, &#8216;Silifke Ye\u015filovac\u0131k Mahallesi \u0130\u00e7mesuyu \u0130letim Hatt\u0131&#8217;, &#8216;Uzuncabur\u00e7 \u0130\u00e7mesuyu Hatt\u0131&#8217;n\u0131n ve &#8216;Baland\u0131z Mahallesi \u0130\u00e7mesuyu [&hellip;]<\/p>\n","protected":false},"author":2,"featured_media":31556,"comment_status":"open","ping_status":"open","sticky":false,"template":"","format":"standard","meta":{"footnotes":""},"categories":[1,2,3,5],"tags":[],"class_list":["post-31555","post","type-post","status-publish","format-standard","has-post-thumbnail","hentry","category-genel","category-gundem","category-manset","category-mersin"],"views":4,"_links":{"self":[{"href":"https:\/\/mersinkadingazetesi.com\/index.php?rest_route=\/wp\/v2\/posts\/31555"}],"collection":[{"href":"https:\/\/mersinkadingazetesi.com\/index.php?rest_route=\/wp\/v2\/posts"}],"about":[{"href":"https:\/\/mersinkadingazetesi.com\/index.php?rest_route=\/wp\/v2\/types\/post"}],"author":[{"embeddable":true,"href":"https:\/\/mersinkadingazetesi.com\/index.php?rest_route=\/wp\/v2\/users\/2"}],"replies":[{"embeddable":true,"href":"https:\/\/mersinkadingazetesi.com\/index.php?rest_route=%2Fwp%2Fv2%2Fcomments&post=31555"}],"version-history":[{"count":0,"href":"https:\/\/mersinkadingazetesi.com\/index.php?rest_route=\/wp\/v2\/posts\/31555\/revisions"}],"wp:featuredmedia":[{"embeddable":true,"href":"https:\/\/mersinkadingazetesi.com\/index.php?rest_route=\/wp\/v2\/media\/31556"}],"wp:attachment":[{"href":"https:\/\/mersinkadingazetesi.com\/index.php?rest_route=%2Fwp%2Fv2%2Fmedia&parent=31555"}],"wp:term":[{"taxonomy":"category","embeddable":true,"href":"https:\/\/mersinkadingazetesi.com\/index.php?rest_route=%2Fwp%2Fv2%2Fcategories&post=31555"},{"taxonomy":"post_tag","embeddable":true,"href":"https:\/\/mersinkadingazetesi.com\/index.php?rest_route=%2Fwp%2Fv2%2Ftags&post=31555"}],"curies":[{"name":"wp","href":"https:\/\/api.w.org\/{rel}","templated":true}]}}