{"id":31561,"date":"2024-03-20T12:49:13","date_gmt":"2024-03-20T09:49:13","guid":{"rendered":"http:\/\/mersinkadingazetesi.com\/?p=31561"},"modified":"2024-03-20T12:49:13","modified_gmt":"2024-03-20T09:49:13","slug":"yenisehir-tum-dunyanin-cazibe-merkezi-olacak","status":"publish","type":"post","link":"https:\/\/mersinkadingazetesi.com\/?p=31561","title":{"rendered":"&#8220;Yeni\u015fehir t\u00fcm d\u00fcnyan\u0131n cazibe merkezi olacak&#8221;"},"content":{"rendered":"<p>\u0130Y\u0130 Parti Yeni\u015fehir Belediye Ba\u015fkan Aday\u0131 Ahmet Ar\u0131can Proje lansman toplant\u0131s\u0131n\u0131 bir otelde ger\u00e7ekle\u015fti.<br \/>\nAhmet Ar\u0131can&#8217;\u0131n 31 Mart yerel se\u00e7imleriyle birlikte ger\u00e7ekle\u015ftirece\u011fi projelerin tan\u0131t\u0131m lansman\u0131na, \u0130Y\u0130 Parti Mersin Milletvekili Burhanettin Kocamaz, \u0130Y\u0130 Parti \u0130l Ba\u015fkan\u0131 Suat \u015eahin, B\u00fcy\u00fck\u015fehir Belediye Ba\u015fkan Aday\u0131 B\u00fclent \u015eahin ve Mezitli Belediye Ba\u015fkan Aday\u0131 Nusret Oliger de e\u015flik etti. Tan\u0131t\u0131m \u00f6ncesinde bir iftar program\u0131 ger\u00e7ekle\u015ftirildi. <\/p>\n<p>&#8220;Turizm ve tar\u0131mda \u00f6nemli projelerim var&#8221;<\/p>\n<p>\u0130Y\u0130 Parti Mersin B\u00fcy\u00fck\u015fehir Belediyesi Ba\u015fkan Aday\u0131 B\u00fclent \u00d6zkan da a\u00e7\u0131klamalarda bulundu.<br \/>\nNeden Mersin&#8217;de sanayi olmad\u0131\u011f\u0131n\u0131 sorgulayan \u00d6zkan, &#8220;Bunun \u00fczerinde durmal\u0131y\u0131z. H\u00fcr ve m\u00fcstakil olarak girdi\u011fimiz ilk s\u0131navda ba\u015far\u0131l\u0131 olmal\u0131y\u0131z. Benimde Mersin B\u00fcy\u00fck\u015fehir Belediye Ba\u015fkan Aday\u0131 olarak Sanayi, turizm ve tar\u0131mda \u00f6nemli projelerim var. Ahmet Arican&#8217;\u0131n Yeni\u015fehir&#8217;i kalk\u0131nd\u0131racak projeleri var. Birlikte projelerimizi hayata ge\u00e7irece\u011fiz.&#8221; \u015feklinde konu\u015ftu.<\/p>\n<p>Kocamaz ba\u015far\u0131lar diledi<\/p>\n<p>\u0130Y\u0130 Parti Mersin Milletvekili Burhanettin Kocamaz da toplant\u0131ya kat\u0131ld\u0131.<br \/>\nAhmet Ar\u0131can&#8217;\u0131n cesaret g\u00f6sterdi\u011fini s\u00f6yleyen Kocamaz, &#8220;Ar\u0131can Yeni\u015fehir&#8217;de bende var\u0131m dedi. Yeni\u015fehir&#8217;de dura\u011fanl\u0131k vard\u0131r. Yeni\u015fehir hak etti\u011fi yere gelmelidir. Mersin&#8217;de \u00e7arp\u0131k kentle\u015fme Akdeniz ve Toroslar biliniyor ve ancak Yeni\u015fehir&#8217;de de fazla Mersin B\u00fcy\u00fck\u015fehir Belediye Ba\u015fkanl\u0131\u011f\u0131m d\u00f6neminde dedim ki kat s\u0131n\u0131r\u0131 getirelim. Mersin 3. Deprem b\u00f6lgesi ku\u015fa\u011f\u0131nda t\u00fcm planlar ve projeler deprem i\u00e7in yap\u0131lmal\u0131d\u0131r. Ama insanlar\u0131n hayatlar\u0131n\u0131 kolayla\u015ft\u0131racak projelere yer vermeli b\u00fct\u00fcn \u0130Y\u0130 Partili adaylara ve Ahmet Arican&#8217;a \u00e7\u0131kt\u0131klar\u0131 kutlu yolda ba\u015far\u0131lar diliyorum.&#8221; \u015feklinde konu\u015ftu.<\/p>\n<p>&#8220;Yeni\u015fehir t\u00fcm d\u00fcnyan\u0131n cazibe merkezi olacak&#8221;<\/p>\n<p>\u0130Y\u0130 Parti Yeni\u015fehir Belediye Ba\u015fkan Aday\u0131 Ahmet Ar\u0131can ise \u00e7ok uzun s\u00fcredir olan projelerinin, \u0130Y\u0130 Parti&#8217;de oldu\u011funu belirterek, &#8220;Yeni\u015fehir \u0130l\u00e7esi 5 y\u0131ld\u0131r hizmet alamad\u0131. Yeni\u015fehir in 5 y\u0131l\u0131 bo\u015fa gitti. Belediye de kay\u0131rmac\u0131l\u0131k ve memleket\u00e7ilik uyguland\u0131. Buna tepki olarak CHP&#8217;den 9 aday aday\u0131 oldu. Baz\u0131lar\u0131 da ba\u011f\u0131ms\u0131z aday oldu. 5 y\u0131l daha Yeni\u015fehir i\u00e7in kay\u0131p olmas\u0131n diye aday oldum. Yeni\u015fehir&#8217;i uyuyan bir \u015fehirden kurtar\u0131p kalk\u0131nd\u0131racak projelerimizi haz\u0131rlad\u0131k. Yeni\u015fehir t\u00fcm d\u00fcnyan\u0131n ya\u015fam ve cazibe merkezi olacak.&#8221; diyerek projelerini a\u00e7\u0131klad\u0131.<br \/>\nAr\u0131can.&#8221; Haks\u0131z aday belirleme s\u00fcrecinde hem\u015fericilik, meslekta\u015fl\u0131k, arkada\u015fl\u0131k ili\u015fkileri ile atamalar\u0131n yap\u0131lmas\u0131ndan dolay\u0131 bir\u00e7ok ba\u011f\u0131ms\u0131z aday \u00e7\u0131kt\u0131\u011f\u0131n\u0131 biliyoruz. Bana gelen teklif ve tevecc\u00fchle de \u0130Y\u0130 Parti&#8217;den aday oldum. Projelerimiz liyakatli ve uzman ekibimizle, \u015fehrimizin fizibilitesi yap\u0131larak 12. Kalk\u0131nma Plan\u0131 ve Turizm Master Plan\u0131 referans al\u0131narakayn\u0131 zaman da belediyenin durumu incelenerek haz\u0131rlanm\u0131\u015ft\u0131r. Sonu\u00e7 olarak Yeni\u015fehir\u00b4in uyuyan bir \u015fehir kimli\u011finden kurtar\u0131l\u0131p ya\u015fayan, turizmin, ticaretin, hizmetin, e\u011fitimin, k\u00fclt\u00fcr\u00fcn merkezi bir \u015fehir kimli\u011fine kavu\u015fmas\u0131 i\u00e7in \u00e7al\u0131\u015f\u0131lm\u0131\u015ft\u0131r ve bu projeler haz\u0131rlanm\u0131\u015ft\u0131r&#8221; dedi.<br \/>\nEmekliye, gence, ev han\u0131m\u0131na ve t\u00fcm dezavantajl\u0131 gruplara maddi destek projeleri a\u00e7\u0131klayan Ar\u0131can, Emekliye ayda 2.000TL, \u00fcniversiteyi kazanan ve kay\u0131t yapt\u0131ran Yeni\u015fehirli gen\u00e7lere y\u0131lda bir sefere mahsus 10.000TL, ev han\u0131mlar\u0131na ise ayda 1.000TL mutfak deste\u011fi yapaca\u011f\u0131n\u0131n s\u00f6z\u00fcn\u00fc verdi.<\/p>\n<p>Ahmet Ar\u0131can, &#8220;Projelerimizi ve hedeflerimizi payla\u015ft\u0131k, gelece\u011fe dair umutlar\u0131m\u0131z\u0131 peki\u015ftirdik. Yeni\u015fehirimiz i\u00e7in g\u00fczel g\u00fcnlerin ba\u015flang\u0131c\u0131 olacak bu \u00e7al\u0131\u015fmalar\u0131m\u0131z\u0131 hep birlikte ba\u015far\u0131yla hayata ge\u00e7irece\u011fiz.&#8221; diyerek s\u00f6zlerini tamamlad\u0131.<br \/>\nGazetecilerin sorular\u0131n\u0131 da tek tek cevaplayan \u0130Y\u0130 Parti Yeni\u015fehir Belediye Ba\u015fkan Aday\u0131 Ahmet Ar\u0131can t\u00fcm kat\u0131l\u0131mc\u0131lara da te\u015fekk\u00fcr etti.<\/p>\n","protected":false},"excerpt":{"rendered":"<p>\u0130Y\u0130 Parti Yeni\u015fehir Belediye Ba\u015fkan Aday\u0131 Ahmet Ar\u0131can Proje lansman toplant\u0131s\u0131n\u0131 bir otelde ger\u00e7ekle\u015fti. Ahmet Ar\u0131can&#8217;\u0131n 31 Mart yerel se\u00e7imleriyle birlikte ger\u00e7ekle\u015ftirece\u011fi projelerin tan\u0131t\u0131m lansman\u0131na, \u0130Y\u0130 Parti Mersin Milletvekili Burhanettin Kocamaz, \u0130Y\u0130 Parti \u0130l Ba\u015fkan\u0131 Suat \u015eahin, B\u00fcy\u00fck\u015fehir Belediye Ba\u015fkan Aday\u0131 B\u00fclent \u015eahin ve Mezitli Belediye Ba\u015fkan Aday\u0131 Nusret Oliger de e\u015flik etti. Tan\u0131t\u0131m \u00f6ncesinde [&hellip;]<\/p>\n","protected":false},"author":2,"featured_media":31562,"comment_status":"open","ping_status":"open","sticky":false,"template":"","format":"standard","meta":{"footnotes":""},"categories":[8,1,2,3,5,6],"tags":[],"class_list":["post-31561","post","type-post","status-publish","format-standard","has-post-thumbnail","hentry","category-ekonomi","category-genel","category-gundem","category-manset","category-mersin","category-siyaset-2"],"views":4,"_links":{"self":[{"href":"https:\/\/mersinkadingazetesi.com\/index.php?rest_route=\/wp\/v2\/posts\/31561"}],"collection":[{"href":"https:\/\/mersinkadingazetesi.com\/index.php?rest_route=\/wp\/v2\/posts"}],"about":[{"href":"https:\/\/mersinkadingazetesi.com\/index.php?rest_route=\/wp\/v2\/types\/post"}],"author":[{"embeddable":true,"href":"https:\/\/mersinkadingazetesi.com\/index.php?rest_route=\/wp\/v2\/users\/2"}],"replies":[{"embeddable":true,"href":"https:\/\/mersinkadingazetesi.com\/index.php?rest_route=%2Fwp%2Fv2%2Fcomments&post=31561"}],"version-history":[{"count":0,"href":"https:\/\/mersinkadingazetesi.com\/index.php?rest_route=\/wp\/v2\/posts\/31561\/revisions"}],"wp:featuredmedia":[{"embeddable":true,"href":"https:\/\/mersinkadingazetesi.com\/index.php?rest_route=\/wp\/v2\/media\/31562"}],"wp:attachment":[{"href":"https:\/\/mersinkadingazetesi.com\/index.php?rest_route=%2Fwp%2Fv2%2Fmedia&parent=31561"}],"wp:term":[{"taxonomy":"category","embeddable":true,"href":"https:\/\/mersinkadingazetesi.com\/index.php?rest_route=%2Fwp%2Fv2%2Fcategories&post=31561"},{"taxonomy":"post_tag","embeddable":true,"href":"https:\/\/mersinkadingazetesi.com\/index.php?rest_route=%2Fwp%2Fv2%2Ftags&post=31561"}],"curies":[{"name":"wp","href":"https:\/\/api.w.org\/{rel}","templated":true}]}}