{"id":31564,"date":"2024-03-20T13:30:19","date_gmt":"2024-03-20T10:30:19","guid":{"rendered":"http:\/\/mersinkadingazetesi.com\/?p=31564"},"modified":"2024-03-20T13:30:19","modified_gmt":"2024-03-20T10:30:19","slug":"hesap-veren-bir-belediye-baskani-olacagim","status":"publish","type":"post","link":"https:\/\/mersinkadingazetesi.com\/?p=31564","title":{"rendered":"HESAP VEREN B\u0130R BELED\u0130YE BA\u015eKANI OLACA\u011eIM"},"content":{"rendered":"<p>CHP Mezitli Belediye Ba\u015fkan Aday\u0131 Ahmet Serkan Tuncer, \u00fclkenin gelece\u011fi i\u00e7in demokrasi, bilim ve \u00f6zg\u00fcrl\u00fck de\u011ferlerini \u00f6n planda tutarak; daha g\u00fc\u00e7l\u00fc bir T\u00fcrkiye, daha g\u00fc\u00e7l\u00fc bir Mezitli i\u00e7in \u00e7al\u0131\u015faca\u011f\u0131n\u0131 belirterek, \u201cHer zaman halk\u0131n i\u00e7inde; hesap veren, \u015feffaf y\u00f6neten bir belediye ba\u015fkan\u0131 olaca\u011f\u0131m\u201d dedi.<\/p>\n<p>Cumhuriyet Halk Partisi Mezitli Belediye Ba\u015fkan Aday\u0131 Ahmet Serkan Tuncer, e\u015fi Se\u00e7il Tuncer ile birlikte \u00c7a\u011fda\u015f Ya\u015fam\u0131 Destekleme Derne\u011fi (\u00c7YDD) ve Atat\u00fcrk\u00e7\u00fc D\u00fc\u015f\u00fcnce Derne\u011fi\u2019ni ziyaret etti. Hep birlikte, daha \u00e7a\u011fda\u015f ve ya\u015fanabilir bir \u015fehir i\u00e7in \u00e7al\u0131\u015fmaya devam edeceklerini ifade eden Tuncer, \u201cHayat\u0131m boyunca Sivil Toplum \u00d6rg\u00fctlerine \u00e7ok \u00f6nem verdim ve elimden geldi\u011fince de etkin rol almaya \u00e7al\u0131\u015ft\u0131m. Toplumun her kesimini kucaklayarak, kat\u0131l\u0131mc\u0131 bir y\u00f6netim anlay\u0131\u015f\u0131yla hareket etmeyi hedefliyoruz\u201d dedi.<\/p>\n<p>DAHA G\u00dc\u00c7L\u00dc B\u0130R MEZ\u0130TL\u0130 \u0130\u00c7\u0130N<\/p>\n<p>Atat\u00fcrk\u00e7\u00fc D\u00fc\u015f\u00fcnce Derne\u011fi \u00fcyesi olan Tuncer, Atat\u00fcrk\u00e7\u00fc D\u00fc\u015f\u00fcnce Derne\u011fi Ba\u015fkan\u0131 Serdar Erkan ve \u00fcyelerini ziyaretinde; \u201cMustafa Kemal Atat\u00fcrk\u2019\u00fcn ilke ve ink\u0131laplar\u0131na olan ba\u011fl\u0131l\u0131\u011f\u0131m\u0131z\u0131 bir kez daha vurgulamak ad\u0131na buraday\u0131z. \u00dclkenin gelece\u011fi i\u00e7in demokrasi, bilim ve \u00f6zg\u00fcrl\u00fck de\u011ferlerini \u00f6n planda tutarak; hep birlikte daha g\u00fc\u00e7l\u00fc bir T\u00fcrkiye, daha g\u00fc\u00e7l\u00fc bir Mezitli i\u00e7in \u00e7al\u0131\u015fmaya devam edece\u011fiz! Belediye ba\u015fkan aday\u0131 oldu\u011fum Cumhuriyet kenti Mezitli\u2019de \u00e7a\u011fda\u015f, demokratik, laik anlay\u0131\u015f\u0131n\u0131 gelecek nesillere ta\u015f\u0131mak i\u00e7in \u00e7al\u0131\u015faca\u011f\u0131m. Her zaman halk\u0131n i\u00e7inde; hesap veren, \u015feffaf y\u00f6neten bir belediye ba\u015fkan\u0131 olaca\u011f\u0131m\u201d diye konu\u015ftu.<\/p>\n","protected":false},"excerpt":{"rendered":"<p>CHP Mezitli Belediye Ba\u015fkan Aday\u0131 Ahmet Serkan Tuncer, \u00fclkenin gelece\u011fi i\u00e7in demokrasi, bilim ve \u00f6zg\u00fcrl\u00fck de\u011ferlerini \u00f6n planda tutarak; daha g\u00fc\u00e7l\u00fc bir T\u00fcrkiye, daha g\u00fc\u00e7l\u00fc bir Mezitli i\u00e7in \u00e7al\u0131\u015faca\u011f\u0131n\u0131 belirterek, \u201cHer zaman halk\u0131n i\u00e7inde; hesap veren, \u015feffaf y\u00f6neten bir belediye ba\u015fkan\u0131 olaca\u011f\u0131m\u201d dedi. Cumhuriyet Halk Partisi Mezitli Belediye Ba\u015fkan Aday\u0131 Ahmet Serkan Tuncer, e\u015fi Se\u00e7il [&hellip;]<\/p>\n","protected":false},"author":2,"featured_media":31565,"comment_status":"open","ping_status":"open","sticky":false,"template":"","format":"standard","meta":{"footnotes":""},"categories":[3,6],"tags":[],"class_list":["post-31564","post","type-post","status-publish","format-standard","has-post-thumbnail","hentry","category-manset","category-siyaset-2"],"views":13,"_links":{"self":[{"href":"https:\/\/mersinkadingazetesi.com\/index.php?rest_route=\/wp\/v2\/posts\/31564"}],"collection":[{"href":"https:\/\/mersinkadingazetesi.com\/index.php?rest_route=\/wp\/v2\/posts"}],"about":[{"href":"https:\/\/mersinkadingazetesi.com\/index.php?rest_route=\/wp\/v2\/types\/post"}],"author":[{"embeddable":true,"href":"https:\/\/mersinkadingazetesi.com\/index.php?rest_route=\/wp\/v2\/users\/2"}],"replies":[{"embeddable":true,"href":"https:\/\/mersinkadingazetesi.com\/index.php?rest_route=%2Fwp%2Fv2%2Fcomments&post=31564"}],"version-history":[{"count":0,"href":"https:\/\/mersinkadingazetesi.com\/index.php?rest_route=\/wp\/v2\/posts\/31564\/revisions"}],"wp:featuredmedia":[{"embeddable":true,"href":"https:\/\/mersinkadingazetesi.com\/index.php?rest_route=\/wp\/v2\/media\/31565"}],"wp:attachment":[{"href":"https:\/\/mersinkadingazetesi.com\/index.php?rest_route=%2Fwp%2Fv2%2Fmedia&parent=31564"}],"wp:term":[{"taxonomy":"category","embeddable":true,"href":"https:\/\/mersinkadingazetesi.com\/index.php?rest_route=%2Fwp%2Fv2%2Fcategories&post=31564"},{"taxonomy":"post_tag","embeddable":true,"href":"https:\/\/mersinkadingazetesi.com\/index.php?rest_route=%2Fwp%2Fv2%2Ftags&post=31564"}],"curies":[{"name":"wp","href":"https:\/\/api.w.org\/{rel}","templated":true}]}}