{"id":31570,"date":"2024-03-21T12:17:38","date_gmt":"2024-03-21T09:17:38","guid":{"rendered":"http:\/\/mersinkadingazetesi.com\/?p=31570"},"modified":"2024-03-21T12:17:38","modified_gmt":"2024-03-21T09:17:38","slug":"serdar-soydan-buyuksehirde-israf-belediyeciligi-var-bunu-bitirecegiz","status":"publish","type":"post","link":"https:\/\/mersinkadingazetesi.com\/?p=31570","title":{"rendered":"Serdar Soydan: &#8220;B\u00fcy\u00fck\u015fehirde israf belediyecili\u011fi var, bunu bitirece\u011fiz&#8221;"},"content":{"rendered":"<p>Cumhur \u0130ttifak\u0131 Mersin B\u00fcy\u00fck\u015fehir Belediye Ba\u015fkan Aday\u0131 Serdar Soydan, emekliye yapacaklar\u0131n\u0131 yard\u0131m\u0131n kayna\u011f\u0131n\u0131n soruldu\u011funu belirterek, &#8220;\u015euan Mersin B\u00fcy\u00fck\u015fehir Belediyesinde israf belediyecili\u011fi var. Kamuda yarat\u0131lan zarar\u0131 bitirece\u011fiz ve sosyal yard\u0131mlar\u0131 iki kat\u0131na \u00e7\u0131karaca\u011f\u0131z. 20 sene \u00f6nce Meray tabelalar\u0131 vard\u0131. \u015eimdi ise &#8216;metro yapaca\u011f\u0131z&#8217; afi\u015fleri var. Biz Cumhur \u0130ttifak\u0131n\u0131n g\u00fcc\u00fc ile Mersin&#8217;e yapaca\u011f\u0131m\u0131z b\u00fcy\u00fck projeler ile kentimizi kalk\u0131nd\u0131raca\u011f\u0131z. &#8221; Dedi.  <\/p>\n<p>&#8220;Hangi firmaya, ka\u00e7 paraya de\u011fi\u015ftirdiniz?&#8221;<\/p>\n<p>Erdemli il\u00e7esinde binlerce ki\u015finin kat\u0131ld\u0131\u011f\u0131 iftar program\u0131nda konu\u015fan Serdar Soydan, israf\u0131 \u00f6nleyip, hizmete d\u00f6n\u00fc\u015ft\u00fcreceklerinin alt\u0131n\u0131 \u00e7izerek, &#8220;\u00c7\u0131k\u0131p kafan\u0131za g\u00f6re logoyu de\u011fi\u015ftirdiniz. Maliyetini sordu\u011fumuzda ise &#8216;2 tantuni, 1 ayrana yapt\u0131rd\u0131k&#8217; dediniz. Meclis karar\u0131 bile almadan, tuhaf bir simge yapt\u0131n\u0131z. Bununla da yetinmeyip 13 il\u00e7enin tamam\u0131nda t\u00fcm mazgal ve kanalizasyon kapaklar\u0131n\u0131 dahi s\u0131rf bu logo i\u00e7in de\u011fi\u015ftirdiniz. Hangi firmaya, ka\u00e7 paraya de\u011fi\u015ftirdiniz? Mersin&#8217;in tamam\u0131n\u0131 yine s\u0131rf bu logo i\u00e7in de\u011fi\u015ftirdiler. \u0130srafa bakar m\u0131s\u0131n\u0131z! Biz g\u00f6reve gelir gelmez israf kalemlerini bir bir sonland\u0131raca\u011f\u0131z. Sizlerin paras\u0131 ile yap\u0131lan bu israf\u0131 \u00f6nleyip, olu\u015fan kayna\u011f\u0131 da 13 il\u00e7emize sunaca\u011f\u0131z.&#8221;\u0130fadelerini kulland\u0131. .  <\/p>\n<p>&#8220;20 sene \u00f6nce Meray tabelalar\u0131 vard\u0131; bug\u00fcn ise &#8216;metro yapaca\u011f\u0131z&#8217; afi\u015fleri var.&#8221;<\/p>\n<p>Mersin halk\u0131n\u0131n art\u0131k hizmet istedi\u011fini, di\u011fer b\u00fcy\u00fck\u015fehirlerle de k\u0131yaslad\u0131\u011f\u0131nda memnun olmad\u0131\u011f\u0131n\u0131 dile getirerek, &#8220;20 sene \u00f6nce Meray tabelalar\u0131 vard\u0131. Bug\u00fcn reklam panolar\u0131nda ise &#8216;metro yapaca\u011f\u0131z&#8217; afi\u015fleri var. Biz Cumhur \u0130ttifak\u0131n\u0131n g\u00fcc\u00fc ile Mersin&#8217;e yapaca\u011f\u0131m\u0131z b\u00fcy\u00fck projeler ile kentimizi kalk\u0131nd\u0131raca\u011f\u0131z. Mevcut belediye ba\u015fkan\u0131n\u0131n 5 y\u0131l \u00f6nce vaat etti\u011fi \u015feylerin yer ald\u0131\u011f\u0131 kitap\u00e7\u0131\u011f\u0131n sadece y\u00fczde 20&#8217;si hayata ge\u00e7mi\u015f, ki onlarda bir belediyenin yapaca\u011f\u0131 \u015feyler. A\u011f\u0131rl\u0131kl\u0131 olarak sosyal yard\u0131mlar. Biz g\u00f6reve geldi\u011fimizde de sosyal yard\u0131mlar\u0131 iki kat\u0131na \u00e7\u0131karaca\u011f\u0131z. Devlette devaml\u0131l\u0131k esast\u0131r. Mevcut hizmetler aynen devam edecek.&#8221;Dedi.  <\/p>\n","protected":false},"excerpt":{"rendered":"<p>Cumhur \u0130ttifak\u0131 Mersin B\u00fcy\u00fck\u015fehir Belediye Ba\u015fkan Aday\u0131 Serdar Soydan, emekliye yapacaklar\u0131n\u0131 yard\u0131m\u0131n kayna\u011f\u0131n\u0131n soruldu\u011funu belirterek, &#8220;\u015euan Mersin B\u00fcy\u00fck\u015fehir Belediyesinde israf belediyecili\u011fi var. Kamuda yarat\u0131lan zarar\u0131 bitirece\u011fiz ve sosyal yard\u0131mlar\u0131 iki kat\u0131na \u00e7\u0131karaca\u011f\u0131z. 20 sene \u00f6nce Meray tabelalar\u0131 vard\u0131. \u015eimdi ise &#8216;metro yapaca\u011f\u0131z&#8217; afi\u015fleri var. Biz Cumhur \u0130ttifak\u0131n\u0131n g\u00fcc\u00fc ile Mersin&#8217;e yapaca\u011f\u0131m\u0131z b\u00fcy\u00fck projeler ile kentimizi [&hellip;]<\/p>\n","protected":false},"author":2,"featured_media":31571,"comment_status":"open","ping_status":"open","sticky":false,"template":"","format":"standard","meta":{"footnotes":""},"categories":[3,6],"tags":[],"class_list":["post-31570","post","type-post","status-publish","format-standard","has-post-thumbnail","hentry","category-manset","category-siyaset-2"],"views":2,"_links":{"self":[{"href":"https:\/\/mersinkadingazetesi.com\/index.php?rest_route=\/wp\/v2\/posts\/31570"}],"collection":[{"href":"https:\/\/mersinkadingazetesi.com\/index.php?rest_route=\/wp\/v2\/posts"}],"about":[{"href":"https:\/\/mersinkadingazetesi.com\/index.php?rest_route=\/wp\/v2\/types\/post"}],"author":[{"embeddable":true,"href":"https:\/\/mersinkadingazetesi.com\/index.php?rest_route=\/wp\/v2\/users\/2"}],"replies":[{"embeddable":true,"href":"https:\/\/mersinkadingazetesi.com\/index.php?rest_route=%2Fwp%2Fv2%2Fcomments&post=31570"}],"version-history":[{"count":0,"href":"https:\/\/mersinkadingazetesi.com\/index.php?rest_route=\/wp\/v2\/posts\/31570\/revisions"}],"wp:featuredmedia":[{"embeddable":true,"href":"https:\/\/mersinkadingazetesi.com\/index.php?rest_route=\/wp\/v2\/media\/31571"}],"wp:attachment":[{"href":"https:\/\/mersinkadingazetesi.com\/index.php?rest_route=%2Fwp%2Fv2%2Fmedia&parent=31570"}],"wp:term":[{"taxonomy":"category","embeddable":true,"href":"https:\/\/mersinkadingazetesi.com\/index.php?rest_route=%2Fwp%2Fv2%2Fcategories&post=31570"},{"taxonomy":"post_tag","embeddable":true,"href":"https:\/\/mersinkadingazetesi.com\/index.php?rest_route=%2Fwp%2Fv2%2Ftags&post=31570"}],"curies":[{"name":"wp","href":"https:\/\/api.w.org\/{rel}","templated":true}]}}