{"id":31576,"date":"2024-03-21T12:22:45","date_gmt":"2024-03-21T09:22:45","guid":{"rendered":"http:\/\/mersinkadingazetesi.com\/?p=31576"},"modified":"2024-03-21T12:22:45","modified_gmt":"2024-03-21T09:22:45","slug":"oz-toplu-konut-ve-kentsel-donusum-projesini-biz-hayata-gecirecegiz","status":"publish","type":"post","link":"https:\/\/mersinkadingazetesi.com\/?p=31576","title":{"rendered":"\u00d6z: &#8220;Toplu konut ve kentsel d\u00f6n\u00fc\u015f\u00fcm projesini biz hayata ge\u00e7irece\u011fiz&#8221;"},"content":{"rendered":"<p>Cumhur \u0130ttifak\u0131 Toroslar Belediye Ba\u015fkan Aday\u0131 Dr. Ali \u00d6z, &#8220;Toroslar il\u00e7esinin g\u00fcney kesimleri jeolojik a\u00e7\u0131dan zay\u0131f zeminlere yerle\u015fti\u011finden deprem riski y\u00fcksek olan bir b\u00f6lge. Baz\u0131 mahallelerimizde yap\u0131lan toplu konutlar Mersin&#8217;deki en \u00f6nemli konut projeleri olmakla beraber bu say\u0131s\u0131n\u0131n art\u0131r\u0131lmas\u0131 gerekmektedir. Bunu da biz ger\u00e7ekle\u015ftirece\u011fiz. Toroslar&#8217;\u0131n tamam\u0131nda toplu konut ve kentsel d\u00f6n\u00fc\u015f\u00fcm projesini biz hayata ge\u00e7irece\u011fiz&#8221; dedi.<\/p>\n<p>Cumhur \u0130ttifak\u0131 Toroslar Belediye Ba\u015fkan Aday\u0131 Dr. Ali \u00d6z, \u00c7avu\u015flu ve \u00c7ukurova mahallelerinde ortak d\u00fczenlenen halk toplant\u0131s\u0131na kat\u0131ld\u0131. Binlerce vatanda\u015f\u0131n kat\u0131ld\u0131\u011f\u0131 toplant\u0131ya \u00dclk\u00fc Ocaklar\u0131 Mersin \u0130l Ba\u015fkan\u0131 Emre Celal G\u00fcl, AK Parti Mersin \u0130l Gen\u00e7lik Kollar\u0131 Ba\u015fkan\u0131 Emre Y\u0131lmaz, AK Parti Mersin \u0130l Ba\u015fkan Yard\u0131mc\u0131s\u0131 S\u00fcleyman \u015eakar, Cumhur \u0130ttifak\u0131 \u0130l\u00e7e Ba\u015fkanlar\u0131 Osman Mete Y\u0131ld\u0131z ve Ferdi \u00c7okkeser, \u00dclk\u00fc Ocaklar\u0131 Toroslar \u0130l\u00e7e Ba\u015fkan\u0131 Yunus Emre Tugay, ge\u00e7mi\u015f d\u00f6nem AK Parti Mersin \u0130l Ba\u015fkan\u0131 Fatih K\u0131sa ve ge\u00e7mi\u015f d\u00f6nem Toroslar Belediye Ba\u015fkan\u0131 Hamit Tuna da e\u015flik etti. Halk bulu\u015fmas\u0131nda \u00e7ocuklara \u00e7e\u015fitli hediyeler da\u011f\u0131tan \u00d6z, kad\u0131nlar taraf\u0131ndan da b\u00fcy\u00fck ilgi g\u00f6rd\u00fc. Kad\u0131nlara y\u00f6nelik projelerini anlatan \u00d6z, b\u00fcy\u00fck alk\u0131\u015f ald\u0131.<\/p>\n<p>&#8220;HER B\u00dcT\u00c7EYE UYGUN TOPLU KONUT \u00dcRETECE\u011e\u0130Z&#8221;<\/p>\n<p>Toroslar&#8217;da ger\u00e7ekle\u015ftirece\u011fi en b\u00fcy\u00fck projenin toplu konut projesi oldu\u011funu vurgulayan \u00d6z, &#8220;\u0130l\u00e7emizdeki en \u00f6nemli eksikliklerden biri kaliteli, depreme dayan\u0131kl\u0131 ve vatanda\u015flar\u0131n al\u0131m g\u00fcc\u00fcne uygun yeterli konut olmamas\u0131d\u0131r. TOK\u0130 konutlar\u0131 gibi Mersin&#8217;deki en \u00f6nemli konut projeleri olan projelerin say\u0131s\u0131n\u0131n art\u0131r\u0131lmas\u0131 i\u00e7in kollar\u0131 s\u0131vayaca\u011f\u0131z. TOK\u0130 ile ortakl\u0131k yap\u0131larak \u00fcretece\u011fimiz konutlar\u0131 ayn\u0131 zamanda kentsel d\u00f6n\u00fc\u015f\u00fcm projeleri i\u00e7in rezerv konut olarak de\u011ferlendirece\u011fiz. Hayata ge\u00e7irece\u011fimiz toplu konut projesiyle her b\u00fct\u00e7eye uygun konutlar \u00fcretece\u011fiz&#8221; dedi.<\/p>\n<p>&#8220;G\u00dcVENL\u0130 VE KAL\u0130TEL\u0130 KONUTLARLA GELECE\u011e\u0130 YEN\u0130DEN \u0130N\u015eA EDECE\u011e\u0130Z&#8221;<\/p>\n<p>Kentsel d\u00f6n\u00fc\u015f\u00fcm\u00fcn \u00f6nemine de de\u011finen \u00d6z, &#8220;\u0130l\u00e7e kentsel alan\u0131n\u0131n %60&#8217;\u0131 plans\u0131z ve mevzuata ayk\u0131r\u0131 yap\u0131la\u015fm\u0131\u015f durumdad\u0131r. Toroslar il\u00e7esinin g\u00fcney kesimleri jeolojik a\u00e7\u0131dan zay\u0131f zeminlere yerle\u015fti\u011finden deprem riski y\u00fcksektir. 1970&#8217;li y\u0131llardan itibaren h\u0131zl\u0131 kentle\u015fen il\u00e7ede eskimi\u015f konutlar\u0131n yap\u0131 kalitesi de d\u00fc\u015f\u00fck oldu\u011fundan acilen kentsel d\u00f6n\u00fc\u015f\u00fcm projeleri ger\u00e7ekle\u015ftirilmesi gerekmektedir. Bu nedenle il\u00e7e kentsel alan\u0131ndaki 12 mahallede pilot projelerle ba\u015flay\u0131p, her mahalle i\u00e7in etaplama yaparak kentsel d\u00f6n\u00fc\u015f\u00fcm\u00fc h\u0131zla ger\u00e7ekle\u015ftirece\u011fiz&#8221; diye konu\u015ftu.<\/p>\n<p>&#8220;S\u0130ZE S\u00d6Z! HER \u015eEY\u0130 YOLUNA KOYACA\u011eIM&#8221;<\/p>\n<p>Se\u00e7ildikten sonra ilk i\u015finin kollar\u0131 s\u0131vayarak Toroslar i\u00e7in ne gerekiyorsa onu yapmak oldu\u011funun alt\u0131n\u0131 \u00e7izen \u00d6z, &#8220;Toroslar beni tan\u0131r, ben Toroslar&#8217;\u0131, size s\u00f6z! Her \u015feyi yoluna koyaca\u011f\u0131m. Toroslar&#8217;da bug\u00fcne kadar ger\u00e7ekle\u015fmeyen projeler hayata ge\u00e7ecek. Toroslar geli\u015fecek, g\u00fczelle\u015fecek. A\u00e7\u0131klad\u0131\u011f\u0131m\u0131z projelerin tamam\u0131n\u0131 hayata ge\u00e7irece\u011fiz. Her \u015feyden \u00f6nce beni &#8216;Ali abi&#8217; olarak tan\u0131yorsunuz. Hekimli\u011fim g\u00f6revinde sizlere kar\u015f\u0131 nas\u0131lsam, ba\u015fkanl\u0131\u011f\u0131m d\u00f6neminde de ayn\u0131s\u0131 olaca\u011f\u0131m. Bu konuda hi\u00e7bir \u015f\u00fcpheniz olmas\u0131n. Toroslar&#8217;\u0131n abisi olmaya devam edece\u011fim&#8221; \u015feklinde konu\u015ftu. <\/p>\n","protected":false},"excerpt":{"rendered":"<p>Cumhur \u0130ttifak\u0131 Toroslar Belediye Ba\u015fkan Aday\u0131 Dr. Ali \u00d6z, &#8220;Toroslar il\u00e7esinin g\u00fcney kesimleri jeolojik a\u00e7\u0131dan zay\u0131f zeminlere yerle\u015fti\u011finden deprem riski y\u00fcksek olan bir b\u00f6lge. Baz\u0131 mahallelerimizde yap\u0131lan toplu konutlar Mersin&#8217;deki en \u00f6nemli konut projeleri olmakla beraber bu say\u0131s\u0131n\u0131n art\u0131r\u0131lmas\u0131 gerekmektedir. Bunu da biz ger\u00e7ekle\u015ftirece\u011fiz. Toroslar&#8217;\u0131n tamam\u0131nda toplu konut ve kentsel d\u00f6n\u00fc\u015f\u00fcm projesini biz hayata ge\u00e7irece\u011fiz&#8221; [&hellip;]<\/p>\n","protected":false},"author":2,"featured_media":31577,"comment_status":"open","ping_status":"open","sticky":false,"template":"","format":"standard","meta":{"footnotes":""},"categories":[3,6],"tags":[],"class_list":["post-31576","post","type-post","status-publish","format-standard","has-post-thumbnail","hentry","category-manset","category-siyaset-2"],"views":3,"_links":{"self":[{"href":"https:\/\/mersinkadingazetesi.com\/index.php?rest_route=\/wp\/v2\/posts\/31576"}],"collection":[{"href":"https:\/\/mersinkadingazetesi.com\/index.php?rest_route=\/wp\/v2\/posts"}],"about":[{"href":"https:\/\/mersinkadingazetesi.com\/index.php?rest_route=\/wp\/v2\/types\/post"}],"author":[{"embeddable":true,"href":"https:\/\/mersinkadingazetesi.com\/index.php?rest_route=\/wp\/v2\/users\/2"}],"replies":[{"embeddable":true,"href":"https:\/\/mersinkadingazetesi.com\/index.php?rest_route=%2Fwp%2Fv2%2Fcomments&post=31576"}],"version-history":[{"count":0,"href":"https:\/\/mersinkadingazetesi.com\/index.php?rest_route=\/wp\/v2\/posts\/31576\/revisions"}],"wp:featuredmedia":[{"embeddable":true,"href":"https:\/\/mersinkadingazetesi.com\/index.php?rest_route=\/wp\/v2\/media\/31577"}],"wp:attachment":[{"href":"https:\/\/mersinkadingazetesi.com\/index.php?rest_route=%2Fwp%2Fv2%2Fmedia&parent=31576"}],"wp:term":[{"taxonomy":"category","embeddable":true,"href":"https:\/\/mersinkadingazetesi.com\/index.php?rest_route=%2Fwp%2Fv2%2Fcategories&post=31576"},{"taxonomy":"post_tag","embeddable":true,"href":"https:\/\/mersinkadingazetesi.com\/index.php?rest_route=%2Fwp%2Fv2%2Ftags&post=31576"}],"curies":[{"name":"wp","href":"https:\/\/api.w.org\/{rel}","templated":true}]}}