{"id":31585,"date":"2024-03-21T12:29:01","date_gmt":"2024-03-21T09:29:01","guid":{"rendered":"http:\/\/mersinkadingazetesi.com\/?p=31585"},"modified":"2024-03-21T12:29:01","modified_gmt":"2024-03-21T09:29:01","slug":"baskan-secer-akdeniz-ziraat-odasini-ziyaret-etti","status":"publish","type":"post","link":"https:\/\/mersinkadingazetesi.com\/?p=31585","title":{"rendered":"BA\u015eKAN SE\u00c7ER, AKDEN\u0130Z Z\u0130RAAT ODASI&#8217;NI Z\u0130YARET ETT\u0130"},"content":{"rendered":"<p>Mersin B\u00fcy\u00fck\u015fehir Belediye Ba\u015fkan\u0131 ve Cumhuriyet Halk Partisi (CHP) Mersin B\u00fcy\u00fck\u015fehir Belediye Ba\u015fkan Aday\u0131 Vahap Se\u00e7er, Akdeniz Ziraat Odas\u0131&#8217;n\u0131 ziyaret etti.<\/p>\n<p>Ba\u015fkan Se\u00e7er: &#8220;B\u00fcy\u00fck\u015fehir, Bakanl\u0131\u011fa yol g\u00f6sterici projeler yapt\u0131&#8221;<\/p>\n<p>Akdeniz Ziraat Odas\u0131&#8217;na ger\u00e7ekle\u015ftirdi\u011fi ziyarette konu\u015fan Ba\u015fkan Se\u00e7er, Mersin B\u00fcy\u00fck\u015fehir Belediyesi olarak tar\u0131m alan\u0131nda ger\u00e7ekle\u015ftirdikleri proje ve hizmetleri anlatt\u0131. Tar\u0131ma ve hayvanc\u0131l\u0131\u011fa y\u00f6netim s\u00fcre\u00e7leri boyunca \u00f6nem verdiklerini kaydeden Ba\u015fkan Se\u00e7er, &#8220;Se\u00e7im geliyor. 5 y\u0131l\u0131n sonunda &#8216;\u00c7ift\u00e7ilere \u015f\u00f6yle kulaklar\u0131na ho\u015f gelecek birka\u00e7 c\u00fcmle edelim, oyunu alal\u0131m&#8217; diye bir anlay\u0131\u015f\u0131m\u0131z yok. Mersin B\u00fcy\u00fck\u015fehir Belediyesi \u00e7ok de\u011ferli, \u00e7ok \u00f6nemli \u00e7al\u0131\u015fmalar yapt\u0131. Sadece T\u00fcrkiye&#8217;de di\u011fer belediyelere \u00f6rnek de\u011fil, Bakanl\u0131\u011fa da yol g\u00f6sterici projeler yapt\u0131&#8221; dedi.<\/p>\n<p>&#8220;Destek dedi\u011finiz, kaynak israf\u0131 olmadan olur&#8221;<\/p>\n<p>2024 y\u0131l\u0131 ile birlikte toplamda 7 bin 500 k\u00fc\u00e7\u00fckba\u015f hayvan da\u011f\u0131tt\u0131klar\u0131 &#8216;Hadi Gel K\u00f6y\u00fcm\u00fcze Destek Verelim Projesi&#8217;nin \u00f6nemine vurgu yapan Ba\u015fkan Se\u00e7er, &#8220;\u0130lk 2 y\u0131l 3 bin hayvan\u0131n tamam\u0131n\u0131 biz ald\u0131k. 3. y\u0131l da 1000 hayvan ald\u0131k, 500&#8217;\u00fcn\u00fc olu\u015fturdu\u011fumuz \u00e7iftliklerden gelen hayvanlardan da\u011f\u0131tt\u0131k. 2024&#8217;te ise tamam\u0131, yani 240 \u00fcreticiden al\u0131nan hayvanlar 60 yeni \u00fcreticiye veriliyor. B\u00f6ylece \u00fcretici say\u0131s\u0131 300 oluyor. Toplamda ise 7 bin 500 hayvan. Bu \u00e7ark b\u00f6yle d\u00f6n\u00fcp gidiyor. Destek dedi\u011finiz b\u00f6yle olur. Kaynak israf\u0131 olmadan, netice alabilece\u011fimiz destekler yapabiliyorsak, belediye olarak do\u011fru i\u015fler yap\u0131yoruz&#8221; diye konu\u015ftu.<\/p>\n<p>&#8220;Bu y\u0131lla birlikte, toplam 355 kilometre sulama borusu da\u011f\u0131tm\u0131\u015f olaca\u011f\u0131z&#8221;<\/p>\n<p>Yapt\u0131klar\u0131 sulama borusu deste\u011fini de anlatan Ba\u015fkan Se\u00e7er, &#8220;Bug\u00fcne kadar 255 kilometre sulama borusu da\u011f\u0131tm\u0131\u015f\u0131z. Bu y\u0131l da 100 kilometre da\u011f\u0131tarak, toplamda 355 kilometre sulama borusu da\u011f\u0131tm\u0131\u015f olaca\u011f\u0131z&#8221; dedi. Se\u00e7er, fide-fidan gibi destekleri \u015fahsa, sulama borusu gibi destekleri ise odalar ve kooperatifler kanal\u0131yla yapt\u0131klar\u0131n\u0131 belirtti.<\/p>\n<p>&#8220;\u00dcreticilere, 2024 y\u0131l\u0131nda 119 milyon liral\u0131k destek verece\u011fiz&#8221;<\/p>\n<p>2024 y\u0131l\u0131nda fide, fidan, hayvan da\u011f\u0131t\u0131m\u0131, kaba yem ve sulama borusu deste\u011fi, serac\u0131lara, ar\u0131c\u0131lara, bal\u0131k\u00e7\u0131lara verilecek destek miktarlar\u0131n\u0131 da payla\u015fan Ba\u015fkan Se\u00e7er, &#8220;4 y\u0131lda 125 milyon liral\u0131k direkt destek yapt\u0131k. Bug\u00fcnk\u00fc parayla \u00e7arp\u0131n b\u00f6l\u00fcn, 400-500 milyon lira para \u00e7\u0131kar kar\u015f\u0131n\u0131za. 2024 y\u0131l\u0131nda 119 milyon liral\u0131k destek yapaca\u011f\u0131z&#8221; dedi.<\/p>\n<p>&#8220;Tar\u0131msal GES Projeleri&#8217;ne b\u00fct\u00e7e ay\u0131raca\u011f\u0131z&#8221;<\/p>\n<p>\u00d6n\u00fcm\u00fczdeki 5 y\u0131ll\u0131k s\u00fcre\u00e7te yapmay\u0131 planlad\u0131klar\u0131 hizmetleri de payla\u015fan Ba\u015fkan Se\u00e7er, &#8220;\u00c7ok \u00f6nemli destek kalemlerinden biri de, sulama birliklerine tar\u0131msal GES projeleri. \u00dcreticilerin en b\u00fcy\u00fck sorunu elektrik enerjisi. Maliyetler \u00e7ok y\u00fcksek. Onlar g\u00fcne\u015f enerji santrallerini kursun. Yakla\u015f\u0131k 50 kW&#8217;l\u0131k bir \u00fcnite i\u00e7in, 2.5 milyon lira bir kurum paras\u0131 gerekiyor. Biz bunun \u00f6nemli say\u0131labilecek bir miktar\u0131n\u0131 kar\u015f\u0131layaca\u011f\u0131z. Ona da ayr\u0131ca bir b\u00fct\u00e7e ay\u0131raca\u011f\u0131z&#8221; dedi. Ge\u00e7ti\u011fimiz y\u0131l 360 aileye g\u00fcne\u015f enerjisi paneli deste\u011fi verdiklerini s\u00f6zlerine ekleyen Ba\u015fkan Se\u00e7er, &#8220;Bu y\u0131l 400 ailemize daha g\u00fcne\u015f paneli deste\u011fi verece\u011fiz. Bu da son derece \u00f6nemli&#8221; diye konu\u015ftu. \u00dcreticiler i\u00e7in son derece \u00f6nemli olan alet ekipman desteklerine de de\u011finen Ba\u015fkan Se\u00e7er, toplam 13 il\u00e7eye 330 adet makine ekipman deste\u011fi yapt\u0131klar\u0131n\u0131 s\u00f6zlerine ekledi.<\/p>\n<p>&#8220;Tar\u0131msal \u0130novasyon Merkezi kuraca\u011f\u0131z&#8221;<\/p>\n<p>Yeni d\u00f6nemde hayata ge\u00e7irecekleri en \u00f6nemli projelerden biri olan Tar\u0131msal \u0130novasyon Merkezi&#8217;ni anlatan Ba\u015fkan Se\u00e7er, &#8220;Bu inovasyon merkezinde, fide fidan \u00fcretimi yapmak i\u00e7in sera kurulumu olacak. Toprak analizi yapacak bir \u00fcnitemiz olacak. K\u00fc\u00e7\u00fck \u00e7ocuklar\u0131m\u0131za, \u00f6\u011frencilerimize tar\u0131m bilincini anlatmak, a\u015f\u0131lamak i\u00e7in bir e\u011fitim birimimiz olacak ve uygulamal\u0131 alan\u0131m\u0131z olacak. Kompost g\u00fcbre \u00fcretim alan\u0131m\u0131z olacak ve \u00fcreticilerimize e\u011fitim vermek i\u00e7in bir amfimiz olacak. Tar\u0131m\u0131n \u00f6nemi devam edecek. \u00c7\u00fcnk\u00fc ya\u015fam oldu\u011fu s\u00fcrece, tar\u0131m da \u00f6nemli olacak&#8221; dedi.<\/p>\n<p>&#8220;Toplumun her kesimine hitap eden \u00e7al\u0131\u015fmalar yapt\u0131k&#8221;<\/p>\n<p>Ba\u015fkan Se\u00e7er, g\u00f6reve geldikleri ilk g\u00fcnden bug\u00fcne kadar sosyal politikalar konusunda \u00e7ok fazla \u00e7al\u0131\u015fma y\u00fcr\u00fctt\u00fcklerini; \u00f6zellikle pandemi s\u00fcrecinde, ya\u015fanan deprem felaketinde ve zorlu ekonomik ko\u015fullarda bu sosyal politikalar\u0131n \u00f6nemini daha \u00e7ok g\u00f6sterdi\u011fini belirti. E\u011fitime de \u00e7ok \u00f6nem verdiklerini ve bununla ilgili \u00f6\u011frencilerin yarar sa\u011flayaca\u011f\u0131 bir\u00e7ok uygulamay\u0131 hizmete koyduklar\u0131n\u0131 s\u00f6zlerine ekleyen Se\u00e7er, &#8220;T\u00fcrkiye&#8217;nin hi\u00e7bir b\u00f6lgesinde \u00f6\u011frenciler 1 liraya otob\u00fcs\u00fc kullanamaz. T\u00fcrkiye&#8217;nin hi\u00e7bir b\u00f6lgesinde \u00fcniversite kap\u0131s\u0131nda, belediyenin sat\u0131\u015f noktalar\u0131nda bir \u00f6\u011frenci 3 kap yeme\u011fi 10 TL&#8217;ye bulamaz. T\u00fcrkiye&#8217;nin hi\u00e7bir b\u00f6lgesinde bu kadar yayg\u0131n okuma salonlar\u0131 a\u00e7m\u0131\u015f, sahilde rant kokan b\u00f6lgelerde okuma salonu ve k\u00fct\u00fcphane yapm\u0131\u015f bir ba\u015fka belediye \u00f6rne\u011fini bize g\u00f6steremezsiniz. Bizim merkezde en de\u011ferli yerimiz sahilimizdir. Oraya dahi biz okuma salonu yapt\u0131k. \u00c7ocuklar\u0131m\u0131z buna lay\u0131k diye&#8221; dedi.<\/p>\n<p>Tarsus&#8217;tan Anamur&#8217;a 27 ayr\u0131 kurs merkezinde 7 bin 200 \u00f6\u011frencinin lise ve \u00fcniversite s\u0131navlar\u0131na haz\u0131rland\u0131\u011f\u0131n\u0131 anlatan Se\u00e7er, merkezde \u00f6\u011frenci yurdu a\u00e7t\u0131klar\u0131 gibi, G\u00fclnar&#8217;da da yurt a\u00e7t\u0131klar\u0131n\u0131 belirtti. Se\u00e7er, &#8220;\u015eu anda in\u015faat\u0131 devam eden ve faaliyette olan 12 kre\u015f a\u00e7t\u0131k. Ama bunu G\u00fclnar&#8217;da, Yenice&#8217;de ve Anamur&#8217;da da a\u00e7t\u0131k. Bu derece hem adaletli, hem toplumun her kesimine, \u00e7ift\u00e7iye, yoksul halk kitlelerine, kad\u0131na, \u00e7ocu\u011fa, ya\u015f alm\u0131\u015fa hitap eden \u00e7al\u0131\u015fmalar yapt\u0131k&#8221; dedi. <\/p>\n<p>&#8220;Bu kentte son 5 y\u0131ld\u0131r de\u011fi\u015fim ve d\u00f6n\u00fc\u015f\u00fcm var&#8221;<\/p>\n<p>Ba\u015fkan Se\u00e7er, trafi\u011fi rahatlatacak \u00f6nemli \u00e7al\u0131\u015fmalara imza att\u0131klar\u0131n\u0131, 2. \u00c7evre Yolu devam\u0131ndaki toplam 2 bin 300 metre yolun 1300 metrelik b\u00f6l\u00fcm\u00fcn\u00fc a\u00e7t\u0131klar\u0131n\u0131, 3. ve 4.  \u00c7evre Yolu&#8217;nu \u00fcniversiteye ba\u011flayacak 35 metre geni\u015fli\u011findeki 1 kilometrelik yeni bulvar\u0131n a\u00e7\u0131l\u0131\u015f\u0131n\u0131 ise haftaya yapacaklar\u0131n\u0131 s\u00f6yledi. Se\u00e7er, &#8220;2 ay \u00f6nce yap\u0131m\u0131na ba\u015flad\u0131\u011f\u0131m\u0131z, y\u0131llard\u0131r mezbelelik olan, kimsenin sesini \u00e7\u0131kartmad\u0131\u011f\u0131, t\u0131rlar\u0131n ters parklanma yapt\u0131\u011f\u0131 o tabloya, Mersin  B\u00fcy\u00fck\u015fehir Belediyesi olarak &#8216;bu b\u00f6yle olmaz dedik&#8217; ve \u015eanzelize gibi cadde yaparak ula\u015f\u0131ma a\u00e7t\u0131k. Bu kentte de\u011fi\u015fim ve d\u00f6n\u00fc\u015f\u00fcm var. Adana s\u0131n\u0131r\u0131ndan Antalya s\u0131n\u0131r\u0131na kadar, Toroslar&#8217;\u0131n Karaman s\u0131n\u0131r\u0131ndan Konya s\u0131n\u0131r\u0131na, oradan Akdeniz sahiline kadar her b\u00f6lgede, &#8216;bu b\u00f6lge bize oy vermi\u015f, bu b\u00f6lge vermemi\u015f; bu bizden, bu bizden de\u011fil; bu bize uzak, bu bize yak\u0131n&#8217;  demedik ve hi\u00e7bir fark g\u00f6zetmeksizin her yere gittik. Herkesin derdiyle dertlendik. G\u00fclnar&#8217;\u0131n Day\u0131c\u0131k&#8217;\u0131nda hastalanan bir kad\u0131n, kocas\u0131n\u0131 merkeze ameliyata getirdi\u011fi zaman, 15 g\u00fcn Mersin B\u00fcy\u00fck\u015fehir Belediyesi&#8217;nin misafirhanesinde kalabiliyor&#8221; ifadelerine yer verdi.<\/p>\n<p>&#8220;Her kesime dokunduk. Asla parti, siyaset g\u00f6zetmedik&#8221;<\/p>\n<p>Siyasetin s\u0131k\u0131nt\u0131l\u0131 bir alan oldu\u011funu, fakat hizmetler konusunda asla parti ve siyaset g\u00f6zetmeden, hi\u00e7bir ayr\u0131mc\u0131l\u0131k yapmadan, her kesime e\u015fit hizmet g\u00f6t\u00fcrd\u00fcklerini kaydeden Ba\u015fkan Se\u00e7er, &#8220;Siyasette karalamalar olur ama kul hakk\u0131na girmek dinimizde en b\u00fcy\u00fck g\u00fcnahlardan bir tanesidir. B\u0131rak\u0131n uygulamay\u0131; akl\u0131m\u0131zdan ge\u00e7meyen, sanki uygulanm\u0131\u015f gibi baz\u0131 s\u00f6ylemler, iddialar bizi incitir. \u015eimdi bize yap\u0131ld\u0131\u011f\u0131 gibi. Biz Mersin B\u00fcy\u00fck\u015fehir Belediyesi&#8217;nde &#8216;bu \u00e7al\u0131\u015fan\u0131n d\u00fcnya g\u00f6r\u00fc\u015f\u00fc bizden de\u011fil, bize oy vermedi&#8217; diye asla kimseyi i\u015finden etmedik&#8221; dedi.<\/p>\n<p>Vatanda\u015flardan da bu k\u00f6t\u00fc propagandalara kanmamalar\u0131n\u0131 isteyen Ba\u015fkan Se\u00e7er, &#8220;Burada her g\u00f6r\u00fc\u015ften insan var. Fakat bu tip odalar\u0131n d\u00fcnya g\u00f6r\u00fc\u015f\u00fc olmaz. \u00c7ift\u00e7i \u00e7ift\u00e7idir, esnaf esnaft\u0131r. T\u00fcrkiye Cumhuriyeti kimli\u011fi ta\u015f\u0131yan her yurtta\u015f benim yurtta\u015f\u0131md\u0131r ve e\u015fittir. Zaten Anayasa gere\u011fi de b\u00f6yledir. Bizim bak\u0131\u015f a\u00e7\u0131m\u0131z budur. Bu konuda da vicdan\u0131m rahat, ba\u015f\u0131m dik, aln\u0131m a\u00e7\u0131k olarak konu\u015fabilirim. Bug\u00fcne kadar en rahat gitti\u011fim se\u00e7im b\u00f6lgeleri, bize oy vermemi\u015f ya da \u00e7ok az oy \u00e7\u0131km\u0131\u015f b\u00f6lgeler. \u00c7\u00fcnk\u00fc 2019&#8217;dan \u00f6ncesi bu anlamda \u00e7ok b\u00fcy\u00fck tezviratlar yap\u0131ld\u0131. &#8216;Vahap Se\u00e7er ba\u015fkan olursa, falanca kesimi belediyeye dolduracak ya da buralara hizmet vermeyecek&#8217; diye. Ama onlar da g\u00f6rd\u00fc ki, siyasi ayr\u0131m olmadan; yol ihtiyac\u0131 varsa yolu yap\u0131ld\u0131, i\u00e7me suyu yoksa i\u00e7me suyu getirildi. \u015eebekesi d\u00f6\u015fendi ya da sosyal destek yap\u0131ld\u0131. Bu anlamda da vatanda\u015flar\u0131m\u0131zla, \u00f6zellikle bu son s\u00fcre\u00e7teki diyaloglar\u0131m\u0131zda mutlu ayr\u0131ld\u0131k. Demek ki, &#8216;Tarlada izi olan\u0131n harmanda da y\u00fcz\u00fc oluyor'&#8221; diye konu\u015ftu.<\/p>\n<p>Y\u0131ld\u0131z: B\u00fcy\u00fck\u015fehir Belediyesi&#8217;nin projelerine entegre olaca\u011f\u0131z&#8221;<\/p>\n<p>CHP Toroslar Belediye Ba\u015fkan Aday\u0131 Abdurrahman Y\u0131ld\u0131z ise, en iddial\u0131 olduklar\u0131 alanlardan bir tanesinin tar\u0131m oldu\u011funu kaydetti. Mersin B\u00fcy\u00fck\u015fehir Belediyesi&#8217;nin tar\u0131m alan\u0131nda verdi\u011fi destekleri asl\u0131nda Bakanl\u0131\u011f\u0131n vermesi gerekti\u011fini belirten Y\u0131ld\u0131z, &#8220;Belediyemizin yapm\u0131\u015f oldu\u011fu yat\u0131r\u0131mlara ve desteklere, Toroslar Belediyesi olarak entegre olaca\u011f\u0131z. El birli\u011fi ile tar\u0131m\u0131m\u0131z\u0131n biraz daha d\u00fcze \u00e7\u0131kmas\u0131n\u0131; hepimizin evine zeytin, peynir, ayran ve s\u00fct\u00fcn daha rahat, daha kolay girmesini hep beraber sa\u011flayaca\u011f\u0131z&#8221; dedi.<\/p>\n<p>Y\u0131lmaz: &#8220;Vahap Ba\u015fkan\u0131m\u0131z, tar\u0131ma \u00e7ok k\u0131ymetli destekler verdi&#8221;<\/p>\n<p>Akdeniz Ziraat Odas\u0131 Ba\u015fkan\u0131 Musa Y\u0131lmaz, Ba\u015fkan Se\u00e7er&#8217;in tar\u0131ma \u00e7ok k\u0131ymetli destekler verdi\u011fini belirterek, &#8220;Say\u0131n Vahap Se\u00e7er; tar\u0131ma \u00e7ok k\u0131ymetli, \u00e7ok \u00f6nemli destekler veren Belediye Ba\u015fkanlar\u0131m\u0131z\u0131n ba\u015f\u0131nda gelmektedir. Kendisinin \u00f6n\u00fcm\u00fczdeki d\u00f6nemde de tar\u0131m alanlar\u0131m\u0131za daha g\u00fc\u00e7l\u00fc, daha \u00f6nemli, daha k\u0131ymetli yat\u0131r\u0131mlar yapaca\u011f\u0131na inan\u0131yorum&#8221; diye konu\u015ftu.<\/p>\n<p>Konu\u015fmalar\u0131n ard\u0131ndan Ba\u015fkan Se\u00e7er sorular\u0131 yan\u0131tlad\u0131. Program Y\u0131lmaz&#8217;\u0131n Ba\u015fkan Se\u00e7er&#8217;e plaket takdiminin ard\u0131ndan, toplu foto\u011fraf \u00e7ekimi ile sona erdi.<\/p>\n","protected":false},"excerpt":{"rendered":"<p>Mersin B\u00fcy\u00fck\u015fehir Belediye Ba\u015fkan\u0131 ve Cumhuriyet Halk Partisi (CHP) Mersin B\u00fcy\u00fck\u015fehir Belediye Ba\u015fkan Aday\u0131 Vahap Se\u00e7er, Akdeniz Ziraat Odas\u0131&#8217;n\u0131 ziyaret etti. Ba\u015fkan Se\u00e7er: &#8220;B\u00fcy\u00fck\u015fehir, Bakanl\u0131\u011fa yol g\u00f6sterici projeler yapt\u0131&#8221; Akdeniz Ziraat Odas\u0131&#8217;na ger\u00e7ekle\u015ftirdi\u011fi ziyarette konu\u015fan Ba\u015fkan Se\u00e7er, Mersin B\u00fcy\u00fck\u015fehir Belediyesi olarak tar\u0131m alan\u0131nda ger\u00e7ekle\u015ftirdikleri proje ve hizmetleri anlatt\u0131. Tar\u0131ma ve hayvanc\u0131l\u0131\u011fa y\u00f6netim s\u00fcre\u00e7leri boyunca \u00f6nem [&hellip;]<\/p>\n","protected":false},"author":2,"featured_media":31586,"comment_status":"open","ping_status":"open","sticky":false,"template":"","format":"standard","meta":{"footnotes":""},"categories":[1,2,3],"tags":[],"class_list":["post-31585","post","type-post","status-publish","format-standard","has-post-thumbnail","hentry","category-genel","category-gundem","category-manset"],"views":2,"_links":{"self":[{"href":"https:\/\/mersinkadingazetesi.com\/index.php?rest_route=\/wp\/v2\/posts\/31585"}],"collection":[{"href":"https:\/\/mersinkadingazetesi.com\/index.php?rest_route=\/wp\/v2\/posts"}],"about":[{"href":"https:\/\/mersinkadingazetesi.com\/index.php?rest_route=\/wp\/v2\/types\/post"}],"author":[{"embeddable":true,"href":"https:\/\/mersinkadingazetesi.com\/index.php?rest_route=\/wp\/v2\/users\/2"}],"replies":[{"embeddable":true,"href":"https:\/\/mersinkadingazetesi.com\/index.php?rest_route=%2Fwp%2Fv2%2Fcomments&post=31585"}],"version-history":[{"count":0,"href":"https:\/\/mersinkadingazetesi.com\/index.php?rest_route=\/wp\/v2\/posts\/31585\/revisions"}],"wp:featuredmedia":[{"embeddable":true,"href":"https:\/\/mersinkadingazetesi.com\/index.php?rest_route=\/wp\/v2\/media\/31586"}],"wp:attachment":[{"href":"https:\/\/mersinkadingazetesi.com\/index.php?rest_route=%2Fwp%2Fv2%2Fmedia&parent=31585"}],"wp:term":[{"taxonomy":"category","embeddable":true,"href":"https:\/\/mersinkadingazetesi.com\/index.php?rest_route=%2Fwp%2Fv2%2Fcategories&post=31585"},{"taxonomy":"post_tag","embeddable":true,"href":"https:\/\/mersinkadingazetesi.com\/index.php?rest_route=%2Fwp%2Fv2%2Ftags&post=31585"}],"curies":[{"name":"wp","href":"https:\/\/api.w.org\/{rel}","templated":true}]}}