{"id":31591,"date":"2024-03-21T12:34:20","date_gmt":"2024-03-21T09:34:20","guid":{"rendered":"http:\/\/mersinkadingazetesi.com\/?p=31591"},"modified":"2024-03-21T12:34:20","modified_gmt":"2024-03-21T09:34:20","slug":"belediyede-vicdan-soz-sahibi-olacak","status":"publish","type":"post","link":"https:\/\/mersinkadingazetesi.com\/?p=31591","title":{"rendered":"BELED\u0130YEDE V\u0130CDAN S\u00d6Z SAH\u0130B\u0130 OLACAK"},"content":{"rendered":"<p>CHP Toroslar Belediye Ba\u015fkan Aday\u0131 Abdurrahman Y\u0131ld\u0131z, 5 y\u0131ll\u0131k belediye meclis \u00fcyeli\u011fi yapt\u0131\u011f\u0131 d\u00f6neme ili\u015fkin tek bir \u015faibenin olmad\u0131\u011f\u0131n\u0131 vurgulayarak, \u201cGeriye d\u00f6n\u00fck bagaj\u0131m\u0131zda savunamayaca\u011f\u0131m\u0131z, utanaca\u011f\u0131m\u0131z hi\u00e7bir \u015feyimiz yok.  Aln\u0131m\u0131z ak. G\u00f6nl\u00fcm\u00fcz tok. Vatanda\u015flar\u0131m\u0131za s\u00f6z veriyorum; belediyede vicdan s\u00f6z sahibi olacak\u201d dedi.<\/p>\n<p>CHP \/ TOROSLAR\/ MERS\u0130N- Cumhuriyet Halk Partisi Toroslar Belediye Ba\u015fkan Aday\u0131 Abdurrahman Y\u0131ld\u0131z, kat\u0131ld\u0131\u011f\u0131 televizyon program\u0131nda Toroslar halk\u0131n\u0131n emanet etti\u011fi yetkiyi s\u00f6z verdi\u011fi d\u00fcr\u00fcstl\u00fckle, s\u00f6z verdi\u011fi prensiple ve vicdanla kullanaca\u011f\u0131n\u0131 s\u00f6yledi. Toroslar\u2019da kent uzla\u015f\u0131s\u0131n\u0131n aday\u0131 oldu\u011funu ifade eden Y\u0131ld\u0131z, belediye ba\u015fkanl\u0131\u011f\u0131n\u0131n bir meslek olmad\u0131\u011f\u0131n\u0131 i\u015faret etti.<\/p>\n<p>SADECE VAAT VEREREK BELED\u0130YEY\u0130 KAZANAB\u0130L\u0130RS\u0130N\u0130Z<\/p>\n<p>\u201cHer \u015feyi ben bilirim. En iyi ben bilirim\u201d kafas\u0131ndan kurtulmak gerekti\u011fini vurgulayan Y\u0131ld\u0131z, kolektif akl\u0131n \u00f6nemine vurgu yaparak,\u201cBiz kolektif akl\u0131, kolektif y\u00f6netim bi\u00e7imini yaratamazsak ne bu kent ne bu il\u00e7e bir ad\u0131m daha ileriye gidemez.  Projelerimiz de bu temelden hareket ederek olu\u015fturuldu. Sadece vaat vererek belediyeyi kazanabilirsiniz. As\u0131l mesele vaatleri nas\u0131l yerine getirece\u011finizle ilgili \u00e7al\u0131\u015fmalar\u0131n\u0131z\u0131n olmas\u0131 laz\u0131m\u201d dedi.<\/p>\n<p>POTANS\u0130YEL ALANLAR TOROSLAR\u2019DA<\/p>\n<p>Yakla\u015f\u0131k 350 bin insan\u0131n ya\u015fad\u0131\u011f\u0131 Toroslar\u2019da maa\u015f\u0131n\u0131 \u00e7ekmek i\u00e7in dahi insanlar\u0131n ba\u015fka il\u00e7elere gitmek zorunda kald\u0131\u011f\u0131na dikkat \u00e7eken Y\u0131ld\u0131z, \u201cSanayi, ticaret, istihdam alanlar\u0131 bo\u015f verilmi\u015f. Bu kadar potansiyele ra\u011fmen bo\u015f verilmi\u015f! Mersin\u2019de bir sanayi sitesi olu\u015fturulacaksa Toroslar\u2019da yap\u0131lacak. Biz buna talibiz. Potansiyel alanlar Toroslar\u2019da. Yeni bir ticaret merkezi kurulacaksa Toroslar\u2019da olacak. Bu kent planlar\u0131nda da var. Fakat bu planlar\u0131 hayata ge\u00e7irecek bir vizyon belediyede olmad\u0131\u011f\u0131 i\u00e7in bu kadar ihmal edilmi\u015f. Toroslar\u2019da ya\u015fayanlar bir banka \u015fubesine muhta\u00e7 hale getirilmi\u015f durumda\u201d diye konu\u015ftu.<\/p>\n<p>TOROSLAR\u2019DA B\u0130R B\u00dcROKRAT\u0130K \u015eEBEKE OLU\u015eMU\u015e<\/p>\n<p>\u0130ktisadi manada istihdam\u0131 geli\u015ftirecek projeleri oldu\u011funu anlatan Y\u0131ld\u0131z, \u015f\u00f6yle devam etti: \u201c\u00d6ncelikle kentin planlar\u0131n\u0131 bitirece\u011fiz. 5 bin\u2019lik planlar\u0131 B\u00fcy\u00fck\u015fehir tamamlad\u0131 ve Toroslar\u2019a teslim etti. Teslim edileli 3 y\u0131l oldu. Toroslar Belediyesi bin\u2019lik plan\u0131 yapacak, b\u00fct\u00fcn \u00e7al\u0131\u015fmalar\u0131n \u00f6n\u00fcn\u00fc a\u00e7acak. Toroslar\u2019da son birka\u00e7 y\u0131lda belediye ba\u015fkan\u0131 inisiyatifi kaybetmi\u015f. Bir b\u00fcrokratik \u015febeke olu\u015fmu\u015f. Bunlar inisiyatifi ba\u015fka t\u00fcrl\u00fc ele alm\u0131\u015flar. \u0130\u015f insanlar\u0131 Toroslar Belediyesi\u2019nden yaka silkmi\u015f. Toroslar\u2019da yat\u0131r\u0131m yapacak, istihdam sa\u011flayacak i\u015f insanlar\u0131 belediyeye ba\u015fvurdu\u011funda aylarca s\u00fcren bir s\u00fcre\u00e7 ba\u015fl\u0131yor. Sanki Toroslar\u2019a \u00e7ivi \u00e7ak\u0131lmas\u0131n diye yemin etmi\u015f bir b\u00fcrokratik yap\u0131 var. Bu yap\u0131n\u0131n \u00e7\u00f6z\u00fclmesi laz\u0131m.\u201d<\/p>\n<p>\u0130ST\u0130HDAMIN \u00d6N\u00dcN\u00dc A\u00c7ACA\u011eIZ<\/p>\n<p>Odalar\u0131 ziyaretinde mimar ve m\u00fchendislerin de Toroslar Belediyesi ile ya\u015fad\u0131\u011f\u0131 s\u0131k\u0131nt\u0131lar\u0131 anlatt\u0131\u011f\u0131n\u0131 dile getiren Y\u0131ld\u0131z, \u201cGeldi\u011fimizde ilk istihdam problemlerinin \u00f6n\u00fcn\u00fc a\u00e7acak projeleri hayata ge\u00e7irece\u011fiz. Toroslar\u2019da \u00e7ok ciddi gen\u00e7 bir n\u00fcfus var. Ama bu gen\u00e7 n\u00fcfus e\u011fitilmi\u015f olmas\u0131na ra\u011fmen \u00f6nemli bir k\u0131sm\u0131 i\u015fsiz. \u00c7ok ciddi i\u015fsizlik problemi var. Sadece belediye \u00fczerinden i\u015fsizlik probleminin \u00e7\u00f6z\u00fclmesi m\u00fcmk\u00fcn de\u011fil. Hem i\u015f d\u00fcnyas\u0131n\u0131n \u00f6n\u00fcn\u00fc a\u00e7aca\u011f\u0131z hem de istihdam\u0131n \u00f6n\u00fcn\u00fc a\u00e7aca\u011f\u0131z\u201d dedi. Y\u0131ld\u0131z, B\u00fcy\u00fck\u015fehir Belediyesi\u2019nin g\u00fcc\u00fcn\u00fc de entegre ederek Toroslar\u2019\u0131n sorunlar\u0131n\u0131 \u00e7\u00f6zece\u011fini anlatt\u0131.<\/p>\n<p>\u0130NSU ORMANLARINDA HIZARIN \u00d6N\u00dcNE YATTIK<\/p>\n<p>5 y\u0131ll\u0131k belediye meclis \u00fcyeli\u011finde imar komisyonunda tek bir ki\u015fiye \u00e7\u0131kar sa\u011flayacak i\u015flerin alt\u0131nda imza atmad\u0131\u011f\u0131n\u0131 an\u0131msatan Y\u0131ld\u0131z, sahada verdi\u011fi \u00e7evre m\u00fccadelesini anlatt\u0131\u011f\u0131 konu\u015fmas\u0131nda, \u015funlar\u0131 kaydetti: \u201cVicdan belediyecili\u011fi yapaca\u011f\u0131z. Biz vicdanl\u0131 bir insan\u0131z. Hi\u00e7bir \u015faibeden bahsedemezler. Ben vicdan\u0131ma uymayan hi\u00e7 bir \u015feyi kabul etmem. Halk\u0131n lehine olmayan hi\u00e7bir i\u015fe izin vermedim, vermem de. Benim rakiplerim beni buradan ele\u015ftiremiyorlar. Mecliste ekolojik hassasiyeti olan biriyim. Sahada \u00e7evre eylemleri yapt\u0131m. Pandemi d\u00f6neminde \u0130nsu ormanlar\u0131ndayd\u0131m. A\u011fa\u00e7lar\u0131 kestiler, \u0130nsu ormanlar\u0131nda h\u0131zar\u0131n \u00f6n\u00fcne yatt\u0131k. Geriye d\u00f6n\u00fck bagaj\u0131m\u0131zda savunamayaca\u011f\u0131m\u0131z, utanaca\u011f\u0131m\u0131z hi\u00e7bir \u015feyimiz yok.  Aln\u0131m\u0131z ak. G\u00f6nl\u00fcm\u00fcz tok.\u201d<\/p>\n<p>\u00c7OK G\u00dc\u00c7L\u00dcY\u00dcZ VE B\u0130Z BU SE\u00c7\u0130M\u0130 KAZANACA\u011eIZ<\/p>\n<p>Yat\u0131r\u0131mlar\u0131n \u00f6n\u00fcnde engel olan zihniyetin de\u011fi\u015fece\u011fini ifade eden Abdurrahman Y\u0131ld\u0131z, \u201cVatanda\u015flar\u0131m\u0131za s\u00f6z veriyorum; belediyede vicdan s\u00f6z sahibi olacak. Halk s\u00f6z sahibi olacak. Bu belediyenin bir kuru\u015fu bile varsa halk i\u00e7in kullan\u0131lacak. 2024 y\u0131l\u0131n\u0131n 1 milyon 400 bin b\u00fct\u00e7esi ve binlerce metre kare arazisi bundan sonra Toroslar halk\u0131n\u0131nd\u0131r. Mahalle evleri, kre\u015fler, projeler t\u0131k\u0131r t\u0131k\u0131r i\u015feyecek. Bunun \u00f6n\u00fcnden engel olan zihniyet bertaraf edilmi\u015f olacak. \u00c7ok g\u00fc\u00e7l\u00fcy\u00fcz ve biz bu se\u00e7imi kazanaca\u011f\u0131z\u201d dedi.<\/p>\n","protected":false},"excerpt":{"rendered":"<p>CHP Toroslar Belediye Ba\u015fkan Aday\u0131 Abdurrahman Y\u0131ld\u0131z, 5 y\u0131ll\u0131k belediye meclis \u00fcyeli\u011fi yapt\u0131\u011f\u0131 d\u00f6neme ili\u015fkin tek bir \u015faibenin olmad\u0131\u011f\u0131n\u0131 vurgulayarak, \u201cGeriye d\u00f6n\u00fck bagaj\u0131m\u0131zda savunamayaca\u011f\u0131m\u0131z, utanaca\u011f\u0131m\u0131z hi\u00e7bir \u015feyimiz yok. Aln\u0131m\u0131z ak. G\u00f6nl\u00fcm\u00fcz tok. Vatanda\u015flar\u0131m\u0131za s\u00f6z veriyorum; belediyede vicdan s\u00f6z sahibi olacak\u201d dedi. CHP \/ TOROSLAR\/ MERS\u0130N- Cumhuriyet Halk Partisi Toroslar Belediye Ba\u015fkan Aday\u0131 Abdurrahman Y\u0131ld\u0131z, kat\u0131ld\u0131\u011f\u0131 [&hellip;]<\/p>\n","protected":false},"author":2,"featured_media":31592,"comment_status":"open","ping_status":"open","sticky":false,"template":"","format":"standard","meta":{"footnotes":""},"categories":[3,6],"tags":[],"class_list":["post-31591","post","type-post","status-publish","format-standard","has-post-thumbnail","hentry","category-manset","category-siyaset-2"],"views":2,"_links":{"self":[{"href":"https:\/\/mersinkadingazetesi.com\/index.php?rest_route=\/wp\/v2\/posts\/31591"}],"collection":[{"href":"https:\/\/mersinkadingazetesi.com\/index.php?rest_route=\/wp\/v2\/posts"}],"about":[{"href":"https:\/\/mersinkadingazetesi.com\/index.php?rest_route=\/wp\/v2\/types\/post"}],"author":[{"embeddable":true,"href":"https:\/\/mersinkadingazetesi.com\/index.php?rest_route=\/wp\/v2\/users\/2"}],"replies":[{"embeddable":true,"href":"https:\/\/mersinkadingazetesi.com\/index.php?rest_route=%2Fwp%2Fv2%2Fcomments&post=31591"}],"version-history":[{"count":0,"href":"https:\/\/mersinkadingazetesi.com\/index.php?rest_route=\/wp\/v2\/posts\/31591\/revisions"}],"wp:featuredmedia":[{"embeddable":true,"href":"https:\/\/mersinkadingazetesi.com\/index.php?rest_route=\/wp\/v2\/media\/31592"}],"wp:attachment":[{"href":"https:\/\/mersinkadingazetesi.com\/index.php?rest_route=%2Fwp%2Fv2%2Fmedia&parent=31591"}],"wp:term":[{"taxonomy":"category","embeddable":true,"href":"https:\/\/mersinkadingazetesi.com\/index.php?rest_route=%2Fwp%2Fv2%2Fcategories&post=31591"},{"taxonomy":"post_tag","embeddable":true,"href":"https:\/\/mersinkadingazetesi.com\/index.php?rest_route=%2Fwp%2Fv2%2Ftags&post=31591"}],"curies":[{"name":"wp","href":"https:\/\/api.w.org\/{rel}","templated":true}]}}