{"id":31594,"date":"2024-03-21T15:13:05","date_gmt":"2024-03-21T12:13:05","guid":{"rendered":"http:\/\/mersinkadingazetesi.com\/?p=31594"},"modified":"2024-03-21T15:13:05","modified_gmt":"2024-03-21T12:13:05","slug":"secer-tarsus-tarihinde-gormedigi-sosyal-destekleri-gordu","status":"publish","type":"post","link":"https:\/\/mersinkadingazetesi.com\/?p=31594","title":{"rendered":"SE\u00c7ER: &#8220;TARSUS TAR\u0130H\u0130NDE G\u00d6RMED\u0130\u011e\u0130 SOSYAL DESTEKLER\u0130 G\u00d6RD\u00dc&#8221;"},"content":{"rendered":"<p>Mersin B\u00fcy\u00fck\u015fehir Belediye Ba\u015fkan\u0131 ve Cumhuriyet Halk Partisi (CHP) Mersin B\u00fcy\u00fck\u015fehir Belediye Ba\u015fkan Aday\u0131 Vahap Se\u00e7er, Tarsus Hal Kompleksi&#8217;nde bulunan Tarsus Ya\u015f Sebze ve Meyve Halciler Derne\u011fi&#8217;ni ziyaret ederek Hal esnaf\u0131 ile bir araya geldi.<\/p>\n<p>Ba\u015fkan Se\u00e7er: &#8220;B\u00fcy\u00fck\u015fehir Belediye Ba\u015fkan\u0131n\u0131n Tarsus&#8217;a y\u00f6n\u00fcn\u00fc d\u00f6nmesi gerekir<\/p>\n<p>Hal esnaf\u0131na seslenen Ba\u015fkan Se\u00e7er, Tarsus&#8217;un hak etti\u011fi hizmetleri almas\u0131 i\u00e7in elinden geleni yapt\u0131\u011f\u0131n\u0131 ve yapmaya da devam edece\u011fini belirtti. Tarsus&#8217;un hak etti\u011fi noktada olmad\u0131\u011f\u0131n\u0131 kaydeden Ba\u015fkan Se\u00e7er, B\u00fcy\u00fck\u015fehir Belediye Ba\u015fkan\u0131&#8217;n\u0131n Tarsus&#8217;un \u00f6zellikleri bilmesi gerekti\u011fine vurgu yaparak, &#8220;Bu bilgiler \u0131\u015f\u0131\u011f\u0131nda da Tarsus&#8217;a y\u00f6n\u00fcn\u00fc d\u00f6nmesi gerekir. Tarsus ger\u00e7ekten ihmal edilmi\u015f. Bunu siyaseten s\u00f6ylemiyorum. Biz bir prestij cadde \u00e7al\u0131\u015fmas\u0131 ba\u015flatt\u0131k. Tarsuslular i\u00e7in en iyisini, en kalitelisini yap\u0131yoruz. Tarsu&#8217;nun oradan ba\u015flad\u0131k. Yerin alt\u0131nda usul\u00fcne uygun olmayan her \u015fey var. Alttan su borusu, telefon hatt\u0131, do\u011falgaz hatt\u0131 ge\u00e7mi\u015f, usul\u00fcne uygun de\u011fil. Ya\u011fmur suyu sistemi yok. Hi\u00e7bir \u015fey yok. Tarsus&#8217;un altyap\u0131s\u0131n\u0131, caddelerini yenileyerek geldik&#8221; dedi.<\/p>\n<p>Tarsus&#8217;ta yol \u00e7al\u0131\u015fmas\u0131 yapt\u0131klar\u0131 bir\u00e7ok b\u00f6lgenin sit alan\u0131 oldu\u011funu, bu nedenle \u00e7al\u0131\u015fmalar\u0131 K\u00fclt\u00fcr Varl\u0131klar\u0131 Ve M\u00fczeler Genel M\u00fcd\u00fcrl\u00fc\u011f\u00fc&#8217;n\u00fcn g\u00f6zetiminde s\u00fcrd\u00fcrd\u00fcklerini ifade eden Se\u00e7er, &#8220;Bu nedenle gecikmeler oluyor. El yordam\u0131yla, g\u00fcn\u00fc kurtarmak i\u00e7in &#8216;d\u00f6k asfalt\u0131 gitsin&#8217; \u015feklinde de\u011fil. B\u00fcy\u00fck\u015fehir Mersin merkezde ne yap\u0131yorsa, yol yaparken standard\u0131 ve asfalt kalitesi neyse burada da onu yap\u0131yor. Tarsus ihmal edilmi\u015f. Eksik kalm\u0131\u015f, o eksikli\u011fi giderelim. En az\u0131ndan adaleti sa\u011flayal\u0131m. Hep bunu demi\u015fimdir&#8221; diye konu\u015ftu.<\/p>\n<p>&#8220;Tarsus&#8217;un ticari nabz\u0131 burada at\u0131yor&#8221;<\/p>\n<p>Tarsus&#8217;a ve Mersin&#8217;in tamam\u0131na hizmet etme sevdas\u0131 ta\u015f\u0131d\u0131klar\u0131n\u0131 s\u00f6yleyen Se\u00e7er, Tarsus Hali&#8217;ne yap\u0131lan \u00e7al\u0131\u015fmalar\u0131n, Hal&#8217;in tarihinde g\u00f6r\u00fclmedi\u011finin alt\u0131n\u0131 \u00e7izdi. Se\u00e7er, &#8220;Bu b\u00f6lgeye \u00f6nemli \u00e7al\u0131\u015fmalar yapt\u0131k. Buraya yapt\u0131\u011f\u0131m\u0131z \u00e7al\u0131\u015fmay\u0131 Hal, tarihinde g\u00f6rmedi. Altyap\u0131n\u0131z\u0131 yapt\u0131k, sa\u011flamla\u015ft\u0131rd\u0131k, her \u015feyinizi bitirdik. Binlerce ton asfalt kulland\u0131k. \u00c7\u00fcnk\u00fc Tarsus&#8217;un ticari nabz\u0131 burada at\u0131yor&#8221; dedi.<\/p>\n<p>&#8220;Kente bir enerji gelsin istedik&#8221;<\/p>\n<p>Tarsus&#8217;un sosyal ya\u015fant\u0131s\u0131na renk katman\u0131n yan\u0131 s\u0131ra ticari hayat\u0131na da katk\u0131 vermek amac\u0131 ile Uluslararas\u0131 Tarsus Festivali&#8217;ni ba\u015flatt\u0131klar\u0131n\u0131 hat\u0131rlatan Se\u00e7er, &#8220;\u00d6nce kimse fark\u0131na varmad\u0131 ancak 1.&#8217;sinden sonra, &#8216;Arkada\u015f al\u0131\u015fveri\u015ften d\u00fckk\u00e2n\u0131m\u0131zda bir \u015fey kalmad\u0131. 2.&#8217;sinde daha temkinli olaca\u011f\u0131z&#8217; dediler. Balkanlardan Avrupa&#8217;dan, Kafkaslardan, yurdun d\u00f6rt k\u00f6\u015fesinden Arap co\u011frafyas\u0131ndan halk danslar\u0131 topluluklar\u0131 getirdik. Bir hareket olsun, Tarsus ziyaret\u00e7i als\u0131n, kebap\u00e7\u0131, humus\u00e7u, baklavac\u0131, cezeryeci ya da hediyelik e\u015fya satanlar kazans\u0131n, kente bir enerji gelsin istedik&#8221; diye konu\u015ftu.<\/p>\n<p>Geride kalan ilk 5 y\u0131ll\u0131k s\u00fcre i\u00e7erisinde insana ve hayata dair her alana dokunmaya, her kesim ile diyalog i\u00e7erisinde olmaya \u00f6zen g\u00f6sterdiklerini dile getiren Se\u00e7er,  &#8220;Yapt\u0131\u011f\u0131m\u0131z bir\u00e7ok yol, bize ait olmad\u0131\u011f\u0131 halde halk ma\u011fduriyetini ortadan kald\u0131rmak i\u00e7in yap\u0131yoruz. Bundan emin olun. Yani Ye\u015fil Mahallesi&#8217;nin, Yeni Mahalle&#8217;nin ya da \u00c7i\u00e7ekli K\u00f6y\u00fc&#8217;n\u00fcn ara sokaklar\u0131n\u0131 yapmak bizim i\u015fimiz de\u011fil. Emin olun her yere dokunduk. Hi\u00e7 kimse &#8216;Siyasi g\u00f6r\u00fc\u015f\u00fcm\u00fcz, etnik yap\u0131m\u0131z ya da mezhebimizden dolay\u0131 bize ayr\u0131cal\u0131k yap\u0131ld\u0131&#8217; diyemez&#8221; ifadelerini kulland\u0131.<\/p>\n<p> &#8220;Biz renk c\u00fcmb\u00fc\u015f\u00fc yapt\u0131k. O y\u00fczden se\u00e7ime giderken m\u00fcsterihiz&#8221;<\/p>\n<p>Mersin&#8217;de her kesime g\u00f6sterdikleri e\u015fit ve adil yakla\u015f\u0131m sayesinde renk c\u00fcmb\u00fc\u015f\u00fc olu\u015fturduklar\u0131n\u0131 kaydeden Ba\u015fkan Se\u00e7er, &#8220;Biz sar\u0131 rengi de ye\u015fili de maviyi de eflatunu da pembeyi de toplad\u0131k; renk c\u00fcmb\u00fc\u015f\u00fc yapt\u0131k. Bu nedenle 31 Mart&#8217;a giderken m\u00fcsterihiz. Bug\u00fcne kadar mevcut imkanlar\u0131m\u0131z\u0131 yurtta\u015flar\u0131m\u0131za hizmet i\u00e7in en iyi \u015fekilde kulland\u0131k. G\u00fczel i\u015fler yapt\u0131k. Umar\u0131m 31 Mart&#8217;ta sand\u0131k bunu t\u00fcm T\u00fcrkiye&#8217;ye zaten g\u00f6sterecek&#8221; dedi. Mersin&#8217;in eskiden konu\u015fulmad\u0131\u011f\u0131n\u0131 ama art\u0131k her ak\u015fam kanallarda Mersin&#8217;in isminin ge\u00e7ti\u011fini s\u00f6yleyen Ba\u015fkan Se\u00e7er, &#8220;Demek ki Mersin konu\u015fulmaya de\u011fer bir hal al\u0131yor. Mersin&#8217;de bir \u015fey var&#8221; diye konu\u015ftu.<\/p>\n<p>&#8220;Bu se\u00e7imden tarihi bir sonu\u00e7la \u00e7\u0131kaca\u011f\u0131z&#8221;<\/p>\n<p>Vatanda\u015flar\u0131n, se\u00e7imde adaylar\u0131n bilgi ve tecr\u00fcbesini de de\u011ferlendirece\u011fini s\u00f6yleyen Ba\u015fkan Se\u00e7er, &#8220;Tecr\u00fcbe market raflar\u0131nda olmaz. Tecr\u00fcbe i\u00e7in y\u0131llar\u0131n\u0131z\u0131 vereceksiniz. Tecr\u00fcbe \u00f6yledir. Bilgi \u00f6yle kolay edinilmez, ya\u015fayacaks\u0131n\u0131z, y\u0131llar\u0131n\u0131z\u0131 vereceksiniz. Hangi mesle\u011fi yaparsan\u0131z yap\u0131n, siyasette hangi g\u00f6revde olursan\u0131z olun, vatanda\u015flar\u0131m\u0131z\u0131n bu tecr\u00fcbeyi, bu deneyimi g\u00f6z ard\u0131 etmeyeceklerini d\u00fc\u015f\u00fcn\u00fcyoruz. 31 Mart g\u00fcn\u00fc, 2019 se\u00e7imine g\u00f6re herkesi hayrete d\u00fc\u015f\u00fcrecek bir oranda destekle sand\u0131ktan \u00e7\u0131kaca\u011f\u0131m\u0131zdan hi\u00e7bir endi\u015femiz yok. Tarihi bir sonu\u00e7la \u00e7\u0131kaca\u011f\u0131z ve herkesi \u015fa\u015f\u0131rtaca\u011f\u0131z. Hizmetin, ger\u00e7ek belediyecili\u011fin, sosyal belediyecili\u011fin, herkese dokunan belediyecili\u011fin sand\u0131\u011fa nas\u0131l katk\u0131 yapt\u0131\u011f\u0131n\u0131 g\u00f6sterece\u011fiz&#8221; ifadelerini kulland\u0131.<\/p>\n<p>CHP Tarsus Belediye Ba\u015fkan Aday\u0131 Ali Bolta\u00e7&#8217;a destek isteyen Ba\u015fkan Se\u00e7er, &#8220;T\u00fcm arkada\u015flar\u0131m\u0131zla beraber Ali Bolta\u00e7&#8217;\u0131n yan\u0131nday\u0131z. Se\u00e7ilmesi i\u00e7in var g\u00fcc\u00fcm\u00fczle katk\u0131 sunuyoruz. G\u00f6reve geldi\u011fi tarihten itibaren de el birli\u011fiyle Tarsus&#8217;un hizmetlerinde de her zaman yan\u0131nda duraca\u011f\u0131z. Eksi\u011fi varsa biz kapataca\u011f\u0131z. Onu halka ve kendisine destek olanlara kar\u015f\u0131 mahcup etmeyece\u011fiz. Desteklerinizi bekliyoruz&#8221; dedi.<\/p>\n<p>Bolta\u00e7: &#8220;Vahap Ba\u015fkan\u0131m\u0131zla birlikte iyi hizmetler yapaca\u011f\u0131z&#8221;<\/p>\n<p>CHP Tarsus Belediye Ba\u015fkan Aday\u0131 Ali Bolta\u00e7, 1 Nisan&#8217;\u0131n \u00f6nemli bir tarih oldu\u011funu vurgulayarak, &#8220;Biz, B\u00fcy\u00fck\u015fehir Belediyemiz ve B\u00fcy\u00fck\u015fehir Belediye Ba\u015fkan\u0131m\u0131zla birlikte Tarsus&#8217;a iyi hizmetler, iyi bir eser b\u0131rakaca\u011f\u0131z. Bu s\u00fcre zarf\u0131nda kimseyi ayr\u0131\u015ft\u0131rmayan, kimseyi \u00f6tekile\u015ftirmeyen, kimseyi kutupla\u015ft\u0131rmayan, tam tersine Tarsus&#8217;ta birli\u011fi, beraberli\u011fi, karde\u015fli\u011fi, bar\u0131\u015f\u0131 sa\u011flayarak B\u00fcy\u00fck\u015fehir Ba\u015fkan\u0131m\u0131z\u0131n da b\u00fcy\u00fck imkanlar\u0131ndan pozitif ayr\u0131mc\u0131l\u0131k isteyerek memleketimize g\u00fczel hizmetler b\u0131rakaca\u011f\u0131z&#8221; dedi.<\/p>\n<p>\u0130lk: &#8220;Vahap Ba\u015fkan\u0131n ayr\u0131ms\u0131z hizmetleri her yerde konu\u015fuluyor&#8221;<\/p>\n<p>Tarsus Ya\u015f Sebze ve Meyve Halciler Derne\u011fi Ba\u015fkan\u0131 Ali \u0130lk, &#8220;Vahap Se\u00e7er Ba\u015fkan\u0131m\u0131z Tarsus&#8217;un gururu olmu\u015ftur. Vahap Bey&#8217;in kesintisiz her yere ayr\u0131m yapmadan g\u00f6t\u00fcrd\u00fc\u011f\u00fc hizmetler, Mersin&#8217;in en \u00fccra k\u00f6\u015felerinde, da\u011fda, ta\u015fta her yerde konu\u015fuluyor&#8221; diye konu\u015ftu.<\/p>\n","protected":false},"excerpt":{"rendered":"<p>Mersin B\u00fcy\u00fck\u015fehir Belediye Ba\u015fkan\u0131 ve Cumhuriyet Halk Partisi (CHP) Mersin B\u00fcy\u00fck\u015fehir Belediye Ba\u015fkan Aday\u0131 Vahap Se\u00e7er, Tarsus Hal Kompleksi&#8217;nde bulunan Tarsus Ya\u015f Sebze ve Meyve Halciler Derne\u011fi&#8217;ni ziyaret ederek Hal esnaf\u0131 ile bir araya geldi. Ba\u015fkan Se\u00e7er: &#8220;B\u00fcy\u00fck\u015fehir Belediye Ba\u015fkan\u0131n\u0131n Tarsus&#8217;a y\u00f6n\u00fcn\u00fc d\u00f6nmesi gerekir Hal esnaf\u0131na seslenen Ba\u015fkan Se\u00e7er, Tarsus&#8217;un hak etti\u011fi hizmetleri almas\u0131 i\u00e7in [&hellip;]<\/p>\n","protected":false},"author":2,"featured_media":31595,"comment_status":"open","ping_status":"open","sticky":false,"template":"","format":"standard","meta":{"footnotes":""},"categories":[3],"tags":[],"class_list":["post-31594","post","type-post","status-publish","format-standard","has-post-thumbnail","hentry","category-manset"],"views":2,"_links":{"self":[{"href":"https:\/\/mersinkadingazetesi.com\/index.php?rest_route=\/wp\/v2\/posts\/31594"}],"collection":[{"href":"https:\/\/mersinkadingazetesi.com\/index.php?rest_route=\/wp\/v2\/posts"}],"about":[{"href":"https:\/\/mersinkadingazetesi.com\/index.php?rest_route=\/wp\/v2\/types\/post"}],"author":[{"embeddable":true,"href":"https:\/\/mersinkadingazetesi.com\/index.php?rest_route=\/wp\/v2\/users\/2"}],"replies":[{"embeddable":true,"href":"https:\/\/mersinkadingazetesi.com\/index.php?rest_route=%2Fwp%2Fv2%2Fcomments&post=31594"}],"version-history":[{"count":0,"href":"https:\/\/mersinkadingazetesi.com\/index.php?rest_route=\/wp\/v2\/posts\/31594\/revisions"}],"wp:featuredmedia":[{"embeddable":true,"href":"https:\/\/mersinkadingazetesi.com\/index.php?rest_route=\/wp\/v2\/media\/31595"}],"wp:attachment":[{"href":"https:\/\/mersinkadingazetesi.com\/index.php?rest_route=%2Fwp%2Fv2%2Fmedia&parent=31594"}],"wp:term":[{"taxonomy":"category","embeddable":true,"href":"https:\/\/mersinkadingazetesi.com\/index.php?rest_route=%2Fwp%2Fv2%2Fcategories&post=31594"},{"taxonomy":"post_tag","embeddable":true,"href":"https:\/\/mersinkadingazetesi.com\/index.php?rest_route=%2Fwp%2Fv2%2Ftags&post=31594"}],"curies":[{"name":"wp","href":"https:\/\/api.w.org\/{rel}","templated":true}]}}