{"id":31597,"date":"2024-03-21T15:13:37","date_gmt":"2024-03-21T12:13:37","guid":{"rendered":"http:\/\/mersinkadingazetesi.com\/?p=31597"},"modified":"2024-03-21T15:13:37","modified_gmt":"2024-03-21T12:13:37","slug":"serdar-soydan-limonata-fabrikalari-soguk-hava-depolari-kurutma-fabrikalari-kuracagiz","status":"publish","type":"post","link":"https:\/\/mersinkadingazetesi.com\/?p=31597","title":{"rendered":"Serdar Soydan: &#8220;Limonata fabrikalar\u0131, so\u011fuk hava depolar\u0131, kurutma fabrikalar\u0131 kuraca\u011f\u0131z&#8221;"},"content":{"rendered":"<p>Cumhur \u0130ttifak\u0131 Mersin B\u00fcy\u00fck\u015fehir Belediye Ba\u015fkan Aday\u0131 Serdar Soydan,, &#8220;Erdemli, Mut, Silifke \u0130l\u00e7elerimizde tar\u0131m \u00e7ok \u00f6nemli. Kuraca\u011f\u0131z Tar\u0131m A\u015f ile Bitki Sa\u011fl\u0131\u011f\u0131 Merkezlerimiz \u00fcreticilerimize destekler verecekler. \u00c7ift\u00e7imizin maliyetlerini en aza indirece\u011fiz. Sekt\u00f6r temsilcilerimizi bu s\u00fcrece dahil edece\u011fiz. D\u00fcnyada yeni pazar aray\u0131\u015f\u0131na girece\u011fiz. Limonata fabrikalar\u0131, so\u011fuk hava depolar\u0131, kurutma fabrikalar\u0131 ile \u00fcr\u00fcnlerimizin farkl\u0131 y\u00f6nlerini de kullanaca\u011f\u0131z.&#8221; \u0130fadelerini kulland\u0131. <\/p>\n<p>&#8220;Hedefimiz 5 y\u0131ll\u0131k siyasi hedefler de\u011fildir&#8221;<\/p>\n<p>&#8220;Mersin, sadece T\u00fcrkiye&#8217;de de\u011fil, d\u00fcnyada da parmakla g\u00f6sterilecek nadide \u015fehirlerimizden biridir.&#8221; diyen Serdar Soydan, \u015e\u00f6yle devam etti: &#8220;Mersin,  \u00e7ok farkl\u0131 ve de\u011ferli k\u00fclt\u00fcrleri bir arada bar\u0131nd\u0131ran bir \u015fehir. Anamur&#8217;dan Tarsus&#8217;a turizm kenti olmaya aday bir kenttir. Mersin, liman\u0131 ile d\u00fcnyaya a\u00e7\u0131lan bir kap\u0131 olman\u0131n yan\u0131nda, \u00f6nemli bir lojistik \u00fcs konumundad\u0131r. 329 Bin hektarl\u0131k verimli arazileri ile bir\u00e7ok \u00fcr\u00fcn\u00fcn rekoltesinde ilk s\u0131rada yer alarak tar\u0131m\u0131nda ba\u015fkent olmaya aday bir \u015fehirdir. Sanayisi, insan\u0131 ve do\u011fas\u0131 ile Mersin \u00e7ok farkl\u0131 bir \u015fehirdir. Mersin&#8217;e kar\u015f\u0131 bizim sorumlulu\u011fumuz var. 13 il\u00e7emizin 10&#8217;unda Cumhur \u0130ttifak\u0131 Belediye Ba\u015fkanlar\u0131m\u0131z var ve bug\u00fcne kadar \u00fcretken belediyecilik yaparak il\u00e7elerimize de\u011fer katk\u0131lar. B\u00fcy\u00fck\u015fehir olarak ayn\u0131 durumda de\u011filiz. Ba\u015fka B\u00fcy\u00fck\u015fehirlerdeki hizmetleri Mersin&#8217;de g\u00f6remiyoruz. Hedefimiz 5 y\u0131ll\u0131k siyasi hedefler de\u011fildir. Kentin gelecek 50 y\u0131l\u0131n\u0131 planl\u0131yoruz. \u00d6nceliklerimizi buna g\u00f6re belirledik. Burada il\u00e7e belediye ba\u015fkanlar\u0131m\u0131z\u0131n da katk\u0131lar\u0131n\u0131 \u00e7ok \u00f6nemsiyoruz.&#8221; <\/p>\n","protected":false},"excerpt":{"rendered":"<p>Cumhur \u0130ttifak\u0131 Mersin B\u00fcy\u00fck\u015fehir Belediye Ba\u015fkan Aday\u0131 Serdar Soydan,, &#8220;Erdemli, Mut, Silifke \u0130l\u00e7elerimizde tar\u0131m \u00e7ok \u00f6nemli. Kuraca\u011f\u0131z Tar\u0131m A\u015f ile Bitki Sa\u011fl\u0131\u011f\u0131 Merkezlerimiz \u00fcreticilerimize destekler verecekler. \u00c7ift\u00e7imizin maliyetlerini en aza indirece\u011fiz. Sekt\u00f6r temsilcilerimizi bu s\u00fcrece dahil edece\u011fiz. D\u00fcnyada yeni pazar aray\u0131\u015f\u0131na girece\u011fiz. Limonata fabrikalar\u0131, so\u011fuk hava depolar\u0131, kurutma fabrikalar\u0131 ile \u00fcr\u00fcnlerimizin farkl\u0131 y\u00f6nlerini de kullanaca\u011f\u0131z.&#8221; [&hellip;]<\/p>\n","protected":false},"author":2,"featured_media":31598,"comment_status":"open","ping_status":"open","sticky":false,"template":"","format":"standard","meta":{"footnotes":""},"categories":[3,6],"tags":[],"class_list":["post-31597","post","type-post","status-publish","format-standard","has-post-thumbnail","hentry","category-manset","category-siyaset-2"],"views":2,"_links":{"self":[{"href":"https:\/\/mersinkadingazetesi.com\/index.php?rest_route=\/wp\/v2\/posts\/31597"}],"collection":[{"href":"https:\/\/mersinkadingazetesi.com\/index.php?rest_route=\/wp\/v2\/posts"}],"about":[{"href":"https:\/\/mersinkadingazetesi.com\/index.php?rest_route=\/wp\/v2\/types\/post"}],"author":[{"embeddable":true,"href":"https:\/\/mersinkadingazetesi.com\/index.php?rest_route=\/wp\/v2\/users\/2"}],"replies":[{"embeddable":true,"href":"https:\/\/mersinkadingazetesi.com\/index.php?rest_route=%2Fwp%2Fv2%2Fcomments&post=31597"}],"version-history":[{"count":0,"href":"https:\/\/mersinkadingazetesi.com\/index.php?rest_route=\/wp\/v2\/posts\/31597\/revisions"}],"wp:featuredmedia":[{"embeddable":true,"href":"https:\/\/mersinkadingazetesi.com\/index.php?rest_route=\/wp\/v2\/media\/31598"}],"wp:attachment":[{"href":"https:\/\/mersinkadingazetesi.com\/index.php?rest_route=%2Fwp%2Fv2%2Fmedia&parent=31597"}],"wp:term":[{"taxonomy":"category","embeddable":true,"href":"https:\/\/mersinkadingazetesi.com\/index.php?rest_route=%2Fwp%2Fv2%2Fcategories&post=31597"},{"taxonomy":"post_tag","embeddable":true,"href":"https:\/\/mersinkadingazetesi.com\/index.php?rest_route=%2Fwp%2Fv2%2Ftags&post=31597"}],"curies":[{"name":"wp","href":"https:\/\/api.w.org\/{rel}","templated":true}]}}