{"id":31600,"date":"2024-03-21T15:14:24","date_gmt":"2024-03-21T12:14:24","guid":{"rendered":"http:\/\/mersinkadingazetesi.com\/?p=31600"},"modified":"2024-03-21T15:14:24","modified_gmt":"2024-03-21T12:14:24","slug":"secer-kadinlara-meslek-edindirmeyi-onemsiyoruz","status":"publish","type":"post","link":"https:\/\/mersinkadingazetesi.com\/?p=31600","title":{"rendered":"SE\u00c7ER: &#8220;KADINLARA MESLEK ED\u0130ND\u0130RMEY\u0130 \u00d6NEMS\u0130YORUZ&#8221;"},"content":{"rendered":"<p>Mersin B\u00fcy\u00fck\u015fehir Belediye Ba\u015fkan\u0131 ve Cumhuriyet Halk Partisi (CHP) Mersin B\u00fcy\u00fck\u015fehir Belediye Ba\u015fkan Aday\u0131 Vahap Se\u00e7er, Tarsus&#8217;ta bir tekstil fabrikas\u0131n\u0131 ziyaret ederek, tekstil i\u015f\u00e7ileriyle bir araya geldi. Ba\u015fkan Se\u00e7er, fabrika giri\u015finde i\u015f\u00e7iler taraf\u0131ndan co\u015fkuyla kar\u015f\u0131land\u0131.<\/p>\n<p>&#8220;5 y\u0131ld\u0131r sizlere hizmet etmenin mutlulu\u011fuyla \u00e7al\u0131\u015ft\u0131k&#8221;<\/p>\n<p>\u0130\u015f\u00e7ilere seslenen Ba\u015fkan Se\u00e7er, 2019 se\u00e7imlerinde de ayn\u0131 fabrikay\u0131 ziyaret etti\u011fini kaydederek, &#8220;5 y\u0131ld\u0131r sizlere hizmet etmenin mutlulu\u011fuyla \u00e7al\u0131\u015ft\u0131k&#8221; dedi.<\/p>\n<p>Ba\u015fkan Se\u00e7er, kad\u0131n \u00e7al\u0131\u015fanlar\u0131n a\u011f\u0131rl\u0131kta oldu\u011fu fabrikada, B\u00fcy\u00fck\u015fehir Belediyesi&#8217;nin kad\u0131nlarla ilgili hizmetlerini anlatarak, &#8220;Kad\u0131nlar\u0131 \u00e7ok \u00f6nemsiyoruz. \u00d6zellikle Mersin gibi g\u00f6\u00e7le b\u00fcy\u00fcyen ve her k\u00fclt\u00fcr\u00fcn oldu\u011fu bir yerde kad\u0131n sorunlar\u0131 \u00f6ne \u00e7\u0131k\u0131yor. Bunu mutlu olarak s\u00f6ylemiyorum ama bu bir ger\u00e7ek&#8221; dedi. Mersinden Kad\u0131n Kooperatifi Ba\u015fkan\u0131 ve e\u015fi Meral Se\u00e7er&#8217;in de kooperatif \u00e7at\u0131s\u0131 alt\u0131nda kad\u0131nlarla ilgili \u00f6nemli i\u015fler yapt\u0131\u011f\u0131n\u0131 s\u00f6yleyen Ba\u015fkan Se\u00e7er, kad\u0131nlara cesaret vermek istediklerini ifade etti.<\/p>\n<p>&#8220;Kad\u0131nlara meslek edindirmeyi \u00f6nemsiyoruz&#8221;         <\/p>\n<p>Kad\u0131nlar\u0131n ayaklar\u0131 \u00fczerinde durmas\u0131 ve \u00e7al\u0131\u015fmas\u0131 i\u00e7in meslek edindirme kurslar\u0131 a\u00e7t\u0131klar\u0131n\u0131 s\u00f6yleyen Ba\u015fkan Se\u00e7er, &#8220;Kad\u0131n \u00e7al\u0131\u015fmal\u0131, ekonomik ba\u011f\u0131ms\u0131zl\u0131\u011f\u0131 olmal\u0131 ki e\u015fine ba\u011f\u0131ml\u0131 olmas\u0131n. Kad\u0131n\u0131n ekonomik olarak \u00f6zg\u00fcrl\u00fc\u011fe ihtiyac\u0131 var, bir mesle\u011finin olmas\u0131 laz\u0131m. Meslek edindirme kurslar\u0131na \u00f6nem veriyoruz. Bah\u00e7e Mahallesi&#8217;nde bir tane kurs a\u00e7aca\u011f\u0131z&#8221; diye belirtti.<\/p>\n<p>&#8220;Her birimde \u00e7al\u0131\u015fan kad\u0131nlar\u0131n say\u0131s\u0131 artt\u0131&#8221;<\/p>\n<p>Ba\u015fkan Se\u00e7er, a\u00e7t\u0131klar\u0131 meslek edindirme kurslar\u0131nda kad\u0131nlar\u0131n ald\u0131klar\u0131 e\u011fitimlerin detaylar\u0131n\u0131 aktararak, &#8220;Duvar ustas\u0131, s\u0131vac\u0131, kaynak\u00e7\u0131, mobilyac\u0131 olmak \u00fczere her konuda e\u011fitim al\u0131yorlar. Her birimde \u00e7al\u0131\u015fan kad\u0131nlar\u0131n say\u0131s\u0131 artt\u0131. \u015eu anda Mersin B\u00fcy\u00fck\u015fehir Belediyesi&#8217;nde \u00e7al\u0131\u015fan her 100 ki\u015fiden 26&#8217;s\u0131 kad\u0131n. Daire ba\u015fkan\u0131 da temizlik i\u015f\u00e7isi de \u015fof\u00f6r de marangoz da var. Kad\u0131nlar her alanda olsun istiyoruz ve bunu \u00f6nemsiyoruz&#8221; ifadelerini kulland\u0131.<\/p>\n<p>Ba\u015fkan Se\u00e7er, tekstil fabrikas\u0131nda \u00e7al\u0131\u015fan kad\u0131nlara Alo 185 hizmetinin detaylar\u0131n\u0131 anlatt\u0131. Se\u00e7er, B\u00fcy\u00fck\u015fehir Belediyesi&#8217;nin refakat\u00e7i evi, bebek paketi, hamile bak\u0131m s\u00fct\u00fc gibi hizmetlerden yararlanmak i\u00e7in hatt\u0131 arayabileceklerini ya da herhangi bir konuda talep, \u015fikayet ve isteklerini Alo 185 Teksin \u00fczerinden kendisine iletebileceklerini aktard\u0131. Tarsus&#8217;ta 17 noktada Mahalle Mutfa\u011f\u0131 oldu\u011funu belirten Se\u00e7er, &#8220;3 \u00e7e\u015fit yeme\u011fi 10 liraya al\u0131rs\u0131n\u0131z. Tekstilde, tarlada, at\u00f6lyede \u00e7al\u0131\u015fan insanlar evine giderken yeme\u011fini alabiliyor. Ali Bolta\u00e7 da yeni belediye ba\u015fkan\u0131n\u0131z olacak. Yeni d\u00f6nemde ucuz ekmek sat\u0131\u015f\u0131 devam edecek. Bundan endi\u015feniz olmas\u0131n&#8221; dedi.<\/p>\n<p>&#8220;Sosyal Konut Projesi gelecek 5 y\u0131l i\u00e7in en \u00f6nemli projelerimizden&#8221;<\/p>\n<p>Sosyal Konut Projesi&#8217;nden bahseden Se\u00e7er, &#8220;Alt gelir grubu i\u00e7in k\u00fc\u00e7\u00fck daireler yapaca\u011f\u0131z ve kiraya verece\u011fiz. Binlerce konut yapaca\u011f\u0131z ve Tarsus&#8217;ta da yapaca\u011f\u0131z. Hem kira, hem kira \u00f6der gibi sat\u0131\u015f yapaca\u011f\u0131z. Gelecek 5 y\u0131l i\u00e7in bizi heyecanland\u0131ran en \u00f6nemli projemiz bu. Size de bunun s\u00f6z\u00fcn\u00fc veriyoruz. Biliyorsunuz kira bedelleri \u00e7ok y\u00fcksek. Binlerce daire yapaca\u011f\u0131z. Belediye alt gelir gruplar\u0131 i\u00e7in uygun fiyatlarla kiraya verecek ve uygun fiyatlarla sat\u0131\u015f\u0131n\u0131 yapacak. Sosyal Konutlar hem burada hem Mersin merkezde hem de di\u011fer il\u00e7elerimizde olacak&#8221; diye konu\u015ftu. <\/p>\n<p>&#8220;Mersin merkezde hangi standartta i\u015f yap\u0131yorsak burada da ayn\u0131s\u0131n\u0131 yapaca\u011f\u0131z&#8221;<\/p>\n<p>Eski \u015eelale Otelin yerine Tarsuslular i\u00e7in Sosyal Ya\u015fam Merkezi yapacaklar\u0131n\u0131 m\u00fcjdeleyen Se\u00e7er, &#8220;\u00c7ocuklar\u0131n\u0131zla, e\u015finizle, akrabalar\u0131n\u0131zla gidin diye oray\u0131 yap\u0131yoruz. \u00c7ocuklar\u0131n\u0131z i\u00e7in orada oyun alanlar\u0131, tiyatro salonu, sizler i\u00e7in de kahvalt\u0131 yapabilece\u011finiz bir kafe olacak. Ayr\u0131ca sosyal etkinlik alan\u0131 da yapaca\u011f\u0131z. \u0130\u00e7erisinde kre\u015f ve taziye evi; \u00e7ocuklar i\u00e7in de okuma salonu, dershane; kad\u0131nlar i\u00e7in de kad\u0131n at\u00f6lyeleri ve meslek edindirme at\u00f6lyeleri var. Bizim Sosyal Ya\u015fam Merkezi tamamen kad\u0131nlara ve \u00e7ocuklara dokunan hizmetler&#8221; dedi.<\/p>\n<p>Caddelerin bak\u0131ml\u0131 ve yeni oldu\u011funa de\u011finen Se\u00e7er, &#8220;Mersin merkezde hangi standartta i\u015f yap\u0131yorsak hi\u00e7 merak etmeyin burada da ayn\u0131s\u0131n\u0131 yap\u0131yoruz ve yapmaya devam edece\u011fiz&#8221; s\u00f6zlerine yer verdi.<\/p>\n<p>&#8220;Tarsus Tramvay\u0131 hayal de\u011fil&#8221;<\/p>\n<p>Tarsus Tramvay\u0131&#8217;n\u0131n hayal olmad\u0131\u011f\u0131n\u0131 ve en k\u0131sa s\u00fcrede in\u015faat\u0131n\u0131 ba\u015flat\u0131p hizmete sunacaklar\u0131n\u0131 duyuran Se\u00e7er, &#8220;Adana istikametinden otogara, ana caddeden \u00fcniversiteye kadar devam edecek. Tarsus d\u00fcz bir zemin \u00fczerinde oldu\u011fu i\u00e7in 12 kilometre yapaca\u011f\u0131z. G\u00fcvenle, inan\u00e7la bizlere destek verin. Tarsus&#8217;ta Ali Bolta\u00e7, Mersin B\u00fcy\u00fck\u015fehir&#8217;de hem\u015fehriniz Vahap Se\u00e7er&#8217;e deste\u011finizi istiyoruz&#8221; diye s\u00f6zlerine son verdi<\/p>\n<p>K\u0131\u015f: &#8220;Ba\u015fkan\u0131m\u0131z bu kentte bir fark yaratt\u0131&#8221;<\/p>\n<p>Kad\u0131nlar\u0131n deste\u011fiyle Ba\u015fkan Se\u00e7er&#8217;in g\u00f6revine devam edece\u011fini kaydeden CHP Mersin Milletvekili G\u00fclcan K\u0131\u015f, &#8220;Vahap Ba\u015fkan\u0131m\u0131z\u0131n b\u00fct\u00fcn projelerinde \u00e7ok hassasiyetle ve \u00f6zenle \u00e7al\u0131\u015ft\u0131\u011f\u0131n\u0131 yak\u0131ndan bilen biriyim. \u00c7\u00fcnk\u00fc kendisiyle 4,5 y\u0131l Mersin B\u00fcy\u00fck\u015fehir Belediyesi&#8217;nde Meclis \u00fcyesi olarak g\u00f6rev yapt\u0131m. \u00d6zellikle emek\u00e7ilerle, i\u015f\u00e7ilerle ve kad\u0131nlarla ilgili projelerine ayr\u0131 bir \u00f6zen ve \u00f6nem g\u00f6sterdi\u011fini bizzat bilenlerdenim. Vahap Se\u00e7er Ba\u015fkan\u0131m\u0131z bu kentte bir fark yaratt\u0131; kad\u0131nlar\u0131n \u00f6zg\u00fcvenli bir \u015fekilde ayaklar\u0131 \u00fczerinde durabilmesini sa\u011flayarak; &#8216;Ben de bir bireyim&#8217; diyebilecek projelerde bir \u00e7\u0131\u011f\u0131r a\u00e7t\u0131&#8221; s\u00f6zlerine yer verdi.<\/p>\n<p>Bolta\u00e7: &#8220;Hep birlikte Tarsus&#8217;ta tarih yazaca\u011f\u0131z&#8221;<\/p>\n<p>CHP Tarsus Belediye Ba\u015fkan Aday\u0131 Ali Bolta\u00e7, se\u00e7ildi\u011fi takdirde Tarsus i\u00e7in \u00f6zveriyle \u00e7al\u0131\u015faca\u011f\u0131n\u0131 ve kendisini kan\u0131tlayaca\u011f\u0131n\u0131 belirterek, &#8220;B\u00fcy\u00fck\u015fehir Belediye Ba\u015fkan\u0131m\u0131z bu 5 y\u0131ll\u0131k s\u00fcre\u00e7te kendisini t\u00fcm T\u00fcrkiye&#8217;ye kan\u0131tlad\u0131. Ben de Tarsus&#8217;un evlad\u0131 olarak kendimi \u00f6nce sizlere, sonra T\u00fcrkiye&#8217;ye kan\u0131tlamak istiyorum. Bana bu f\u0131rsat\u0131 verirseniz inan\u0131n \u00f6n\u00fcm\u00fczdeki s\u00fcre\u00e7te uyumla, huzurla ve memnuniyetle hizmet edece\u011fimizi t\u00fcm T\u00fcrkiye&#8217;ye g\u00f6sterece\u011fiz. Hep birlikte Tarsus&#8217;ta tarih yazaca\u011f\u0131z&#8221; dedi.<\/p>\n","protected":false},"excerpt":{"rendered":"<p>Mersin B\u00fcy\u00fck\u015fehir Belediye Ba\u015fkan\u0131 ve Cumhuriyet Halk Partisi (CHP) Mersin B\u00fcy\u00fck\u015fehir Belediye Ba\u015fkan Aday\u0131 Vahap Se\u00e7er, Tarsus&#8217;ta bir tekstil fabrikas\u0131n\u0131 ziyaret ederek, tekstil i\u015f\u00e7ileriyle bir araya geldi. Ba\u015fkan Se\u00e7er, fabrika giri\u015finde i\u015f\u00e7iler taraf\u0131ndan co\u015fkuyla kar\u015f\u0131land\u0131. &#8220;5 y\u0131ld\u0131r sizlere hizmet etmenin mutlulu\u011fuyla \u00e7al\u0131\u015ft\u0131k&#8221; \u0130\u015f\u00e7ilere seslenen Ba\u015fkan Se\u00e7er, 2019 se\u00e7imlerinde de ayn\u0131 fabrikay\u0131 ziyaret etti\u011fini kaydederek, &#8220;5 [&hellip;]<\/p>\n","protected":false},"author":2,"featured_media":31601,"comment_status":"open","ping_status":"open","sticky":false,"template":"","format":"standard","meta":{"footnotes":""},"categories":[8,2,3,5],"tags":[],"class_list":["post-31600","post","type-post","status-publish","format-standard","has-post-thumbnail","hentry","category-ekonomi","category-gundem","category-manset","category-mersin"],"views":3,"_links":{"self":[{"href":"https:\/\/mersinkadingazetesi.com\/index.php?rest_route=\/wp\/v2\/posts\/31600"}],"collection":[{"href":"https:\/\/mersinkadingazetesi.com\/index.php?rest_route=\/wp\/v2\/posts"}],"about":[{"href":"https:\/\/mersinkadingazetesi.com\/index.php?rest_route=\/wp\/v2\/types\/post"}],"author":[{"embeddable":true,"href":"https:\/\/mersinkadingazetesi.com\/index.php?rest_route=\/wp\/v2\/users\/2"}],"replies":[{"embeddable":true,"href":"https:\/\/mersinkadingazetesi.com\/index.php?rest_route=%2Fwp%2Fv2%2Fcomments&post=31600"}],"version-history":[{"count":0,"href":"https:\/\/mersinkadingazetesi.com\/index.php?rest_route=\/wp\/v2\/posts\/31600\/revisions"}],"wp:featuredmedia":[{"embeddable":true,"href":"https:\/\/mersinkadingazetesi.com\/index.php?rest_route=\/wp\/v2\/media\/31601"}],"wp:attachment":[{"href":"https:\/\/mersinkadingazetesi.com\/index.php?rest_route=%2Fwp%2Fv2%2Fmedia&parent=31600"}],"wp:term":[{"taxonomy":"category","embeddable":true,"href":"https:\/\/mersinkadingazetesi.com\/index.php?rest_route=%2Fwp%2Fv2%2Fcategories&post=31600"},{"taxonomy":"post_tag","embeddable":true,"href":"https:\/\/mersinkadingazetesi.com\/index.php?rest_route=%2Fwp%2Fv2%2Ftags&post=31600"}],"curies":[{"name":"wp","href":"https:\/\/api.w.org\/{rel}","templated":true}]}}